{"id":1708,"date":"2020-10-12T22:00:04","date_gmt":"2020-10-13T03:00:04","guid":{"rendered":"https:\/\/www.tamaulipas.gob.mx\/trabajo\/?p=1708"},"modified":"2020-10-14T11:56:03","modified_gmt":"2020-10-14T16:56:03","slug":"jcya-de-tamaulipas-privilegian-el-dialogo-y-entendimiento-entre-la-clase-obrero-patronal","status":"publish","type":"post","link":"https:\/\/www.tamaulipas.gob.mx\/trabajo\/2020\/10\/jcya-de-tamaulipas-privilegian-el-dialogo-y-entendimiento-entre-la-clase-obrero-patronal\/","title":{"rendered":"JCyA de Tamaulipas privilegian el di\u00e1logo y entendimiento entre la clase obrero-patronal"},"content":{"rendered":"<p align=\"justify\"><em><strong><span style=\"font-family: HelveticaNeueLT Std Lt, serif;\"><span style=\"font-size: medium;\">El Gobernador, Francisco Garc\u00eda Cabeza de Vaca, ha sido claro, coadyuvar a efecto de que se aplique la ley, y se respeten los derechos de los tamaulipecos<\/span><\/span><span style=\"font-family: HelveticaNeueLT Std Lt, serif;\"><span style=\"font-size: medium;\">.<\/span><\/span><\/strong><\/em><\/p>\n<p align=\"right\"><span style=\"font-family: HelveticaNeueLT Std Lt, serif;\"><span style=\"font-size: medium;\">ST-064-2020<\/span><\/span><\/p>\n<p align=\"justify\"><span style=\"font-family: HelveticaNeueLT Std Lt, serif;\"><span style=\"font-size: medium;\">Octubre 12 del 2020<\/span><\/span><\/p>\n<p align=\"justify\"><a name=\"_GoBack\"><\/a> <span style=\"font-family: Times New Roman, serif;\"><span style=\"font-size: medium;\"><span style=\"font-family: HelveticaNeueLT Std Lt, serif;\">El Mante, Tamaulipas.- Garantizar lo que por ley corresponde y brindar seguridad jur\u00eddica, es el compromiso del Gobierno de Tamaulipas con los trabajadores, en particular con los del \u201cIngenio de <\/span><span style=\"font-family: HelveticaNeueLT Std Lt, serif;\">Xicot\u00e9ncatl\u201d, dijo el Secretario del Trabajo, Miguel \u00c1ngel Villarreal Ongay, luego de iniciar el proceso de pago de prestaciones y liquidaciones. <\/span><\/span><\/span><\/p>\n<p align=\"justify\"><span style=\"font-family: Times New Roman, serif;\"><span style=\"font-size: medium;\"><span style=\"font-family: HelveticaNeueLT Std Lt, serif;\">La <\/span><span style=\"font-family: HelveticaNeueLT Std Lt, serif;\">Junta Especial de Conciliaci\u00f3n y Arbitraje n\u00famero 3, ubicada en El Mante, <\/span><span style=\"font-family: HelveticaNeueLT Std Lt, serif;\">ratifica la celebraci\u00f3n de alrededor de <\/span><span style=\"font-family: HelveticaNeueLT Std Lt, serif;\">228 convenios pertenecientes a empleados de confianza, quienes terminaron su relaci\u00f3n laboral con la empresa.<\/span><\/span><\/span><\/p>\n<p align=\"justify\">\u201c<span style=\"font-family: Times New Roman, serif;\"><span style=\"font-size: medium;\"><span style=\"font-family: HelveticaNeueLT Std Lt, serif;\">Acudimos a petici\u00f3n de parte, en virtud de acreditar el pago de prestaciones, el Gobernador, Francisco Garc\u00eda Cabeza de Vaca, ha sido claro, coadyuvar a efecto de que se aplique la ley, y se respeten los derechos de los tamaulipecos\u201d, dijo.<\/span><\/span><\/span><\/p>\n<p align=\"justify\"><span style=\"font-family: Times New Roman, serif;\"><span style=\"font-size: medium;\"><span style=\"font-family: HelveticaNeueLT Std Lt, serif;\">Personal de la junta especial, brindar\u00e1 atenci\u00f3n a obreros de cuatro sociedades ca\u00f1eras: 19 del grupo Azudomi, 97 de Servicios Corporativos Az\u00facar, 62 de Maquinaria Agr\u00edcola de <\/span><span style=\"font-family: HelveticaNeueLT Std Lt, serif;\">Xicot\u00e9ncatl y 50 pertenecientes a Maquinaria Agr\u00edcola Mante. <\/span><\/span><\/span><\/p>\n<p align=\"justify\"><span style=\"font-family: Times New Roman, serif;\"><span style=\"font-size: medium;\"><span style=\"font-family: HelveticaNeueLT Std Lt, serif;\">Se trata de acciones legales semejantes a las registradas en el \u201cIngenio El Mante\u201d, en el que trabajadores y patrones privilegiaron un entendimiento y acordaron acciones en base a lo que marca la Ley Federal del Trabajo. <\/span><\/span><\/span><\/p>\n<p align=\"justify\">\u201c<span style=\"font-family: Times New Roman, serif;\"><span style=\"font-size: medium;\"><span style=\"font-family: HelveticaNeueLT Std Lt, serif;\">Alrededor de 750 obreros conforman el \u201cIngenio de Xicot\u00e9ncatl\u201d y es la autoridad quien est\u00e1 correspondiendo en base a la legalidad, contribuimos con el sector obrero-patronal, a fin de que se d\u00e9 esa seguridad jur\u00eddica\u201d. <\/span><\/span><\/span><\/p>\n<p align=\"justify\"><span style=\"font-family: Times New Roman, serif;\"><span style=\"font-size: medium;\"><span style=\"font-family: HelveticaNeueLT Std Lt, serif;\">El funcionario dijo que es importante que trabajadores conozcan sus derechos b\u00e1sicos, a fin de evitar entre ambas partes, dificultades, abusos, conflictos o injusticias laborales <\/span><\/span><\/span><\/p>\n<p align=\"justify\">\n<p align=\"center\"><span style=\"font-family: HelveticaNeueLT Std Lt, serif;\"><span style=\"font-size: medium;\">###<\/span><\/span><\/p>\n<p align=\"center\">\n<div class='owl-gallery'><div class='item'><a href='https:\/\/www.tamaulipas.gob.mx\/trabajo\/wp-content\/uploads\/sites\/11\/2020\/10\/boletin_ingenioxico_01.jpeg' rel='galeria'><img src='https:\/\/www.tamaulipas.gob.mx\/trabajo\/wp-content\/uploads\/sites\/11\/2020\/10\/boletin_ingenioxico_01-850x500.jpeg' srcset='' sizes='auto' alt=''><\/a><figcaption><\/figcaption><\/div><div class='item'><a href='https:\/\/www.tamaulipas.gob.mx\/trabajo\/wp-content\/uploads\/sites\/11\/2020\/10\/boletin_ingenioxico_02.jpeg' rel='galeria'><img src='https:\/\/www.tamaulipas.gob.mx\/trabajo\/wp-content\/uploads\/sites\/11\/2020\/10\/boletin_ingenioxico_02-850x500.jpeg' srcset='' sizes='auto' alt=''><\/a><figcaption><\/figcaption><\/div><div class='item'><a href='https:\/\/www.tamaulipas.gob.mx\/trabajo\/wp-content\/uploads\/sites\/11\/2020\/10\/boletin_ingenioxico_03.jpeg' rel='galeria'><img src='https:\/\/www.tamaulipas.gob.mx\/trabajo\/wp-content\/uploads\/sites\/11\/2020\/10\/boletin_ingenioxico_03-850x500.jpeg' srcset='' sizes='auto' alt=''><\/a><figcaption><\/figcaption><\/div><div class='item'><a href='https:\/\/www.tamaulipas.gob.mx\/trabajo\/wp-content\/uploads\/sites\/11\/2020\/10\/boletin_ingenioxico_04.jpeg' rel='galeria'><img src='https:\/\/www.tamaulipas.gob.mx\/trabajo\/wp-content\/uploads\/sites\/11\/2020\/10\/boletin_ingenioxico_04-850x500.jpeg' srcset='' sizes='auto' alt=''><\/a><figcaption><\/figcaption><\/div><div class='item'><a href='https:\/\/www.tamaulipas.gob.mx\/trabajo\/wp-content\/uploads\/sites\/11\/2020\/10\/boletin_ingenioxico_05.jpeg' rel='galeria'><img src='https:\/\/www.tamaulipas.gob.mx\/trabajo\/wp-content\/uploads\/sites\/11\/2020\/10\/boletin_ingenioxico_05-850x500.jpeg' srcset='' sizes='auto' alt=''><\/a><figcaption><\/figcaption><\/div><div class='item'><a href='https:\/\/www.tamaulipas.gob.mx\/trabajo\/wp-content\/uploads\/sites\/11\/2020\/10\/boletin_ingenioxico_06.jpeg' rel='galeria'><img src='https:\/\/www.tamaulipas.gob.mx\/trabajo\/wp-content\/uploads\/sites\/11\/2020\/10\/boletin_ingenioxico_06-850x500.jpeg' srcset='' sizes='auto' alt=''><\/a><figcaption><\/figcaption><\/div><div class='item'><a href='https:\/\/www.tamaulipas.gob.mx\/trabajo\/wp-content\/uploads\/sites\/11\/2020\/10\/boletin_ingenioxico_07.jpeg' rel='galeria'><img src='https:\/\/www.tamaulipas.gob.mx\/trabajo\/wp-content\/uploads\/sites\/11\/2020\/10\/boletin_ingenioxico_07-850x500.jpeg' srcset='' sizes='auto' alt=''><\/a><figcaption><\/figcaption><\/div><\/div>\n","protected":false},"excerpt":{"rendered":"<p>El Gobernador, Francisco Garc\u00eda Cabeza de Vaca, ha sido claro, coadyuvar a efecto de que se aplique la ley, y se respeten los derechos de\u2026<\/p>\n","protected":false},"author":63,"featured_media":1710,"comment_status":"closed","ping_status":"closed","sticky":false,"template":"","format":"standard","meta":{"footnotes":""},"categories":[1],"tags":[],"class_list":["post-1708","post","type-post","status-publish","format-standard","has-post-thumbnail","hentry","category-prensa"],"publishpress_future_action":{"enabled":false,"date":"2026-05-08 14:20:21","action":"change-status","newStatus":"draft","terms":[],"taxonomy":"category"},"_links":{"self":[{"href":"https:\/\/www.tamaulipas.gob.mx\/trabajo\/wp-json\/wp\/v2\/posts\/1708"}],"collection":[{"href":"https:\/\/www.tamaulipas.gob.mx\/trabajo\/wp-json\/wp\/v2\/posts"}],"about":[{"href":"https:\/\/www.tamaulipas.gob.mx\/trabajo\/wp-json\/wp\/v2\/types\/post"}],"author":[{"embeddable":true,"href":"https:\/\/www.tamaulipas.gob.mx\/trabajo\/wp-json\/wp\/v2\/users\/63"}],"replies":[{"embeddable":true,"href":"https:\/\/www.tamaulipas.gob.mx\/trabajo\/wp-json\/wp\/v2\/comments?post=1708"}],"version-history":[{"count":1,"href":"https:\/\/www.tamaulipas.gob.mx\/trabajo\/wp-json\/wp\/v2\/posts\/1708\/revisions"}],"predecessor-version":[{"id":1716,"href":"https:\/\/www.tamaulipas.gob.mx\/trabajo\/wp-json\/wp\/v2\/posts\/1708\/revisions\/1716"}],"wp:featuredmedia":[{"embeddable":true,"href":"https:\/\/www.tamaulipas.gob.mx\/trabajo\/wp-json\/wp\/v2\/media\/1710"}],"wp:attachment":[{"href":"https:\/\/www.tamaulipas.gob.mx\/trabajo\/wp-json\/wp\/v2\/media?parent=1708"}],"wp:term":[{"taxonomy":"category","embeddable":true,"href":"https:\/\/www.tamaulipas.gob.mx\/trabajo\/wp-json\/wp\/v2\/categories?post=1708"},{"taxonomy":"post_tag","embeddable":true,"href":"https:\/\/www.tamaulipas.gob.mx\/trabajo\/wp-json\/wp\/v2\/tags?post=1708"}],"curies":[{"name":"wp","href":"https:\/\/api.w.org\/{rel}","templated":true}]}}