{"id":1701,"date":"2020-10-07T22:00:19","date_gmt":"2020-10-08T03:00:19","guid":{"rendered":"https:\/\/www.tamaulipas.gob.mx\/trabajo\/?p=1701"},"modified":"2020-10-14T11:52:32","modified_gmt":"2020-10-14T16:52:32","slug":"tamaulipas-preserva-y-crea-fuentes-de-empleo-que-dignifique-las-condiciones-de-vida","status":"publish","type":"post","link":"https:\/\/www.tamaulipas.gob.mx\/trabajo\/2020\/10\/tamaulipas-preserva-y-crea-fuentes-de-empleo-que-dignifique-las-condiciones-de-vida\/","title":{"rendered":"Tamaulipas preserva y crea fuentes de empleo que dignifique las condiciones de vida"},"content":{"rendered":"<p align=\"justify\"><em><strong><span style=\"font-family: HelveticaNeueLT Std Lt, serif;\"><span style=\"font-size: medium;\">El Gobernador Francisco Garc\u00eda Cabeza de Vaca, ha hecho \u00e9nfasis en brindar gratuitamente los Programas de Apoyos al Empleo (PAE), a quienes est\u00e1n en la b\u00fasqueda de un trabajo formal y remunerado. <\/span><\/span><\/strong><\/em><\/p>\n<p align=\"right\"><span style=\"font-family: HelveticaNeueLT Std Lt, serif;\"><span style=\"font-size: medium;\">ST-062-2020<\/span><\/span><\/p>\n<p align=\"justify\"><span style=\"font-family: HelveticaNeueLT Std Lt, serif;\"><span style=\"font-size: medium;\">Octubre 07 del 2020<\/span><\/span><\/p>\n<p align=\"justify\"><span style=\"font-family: HelveticaNeueLT Std Lt, serif;\"><span style=\"font-size: medium;\">Ciudad Victoria, Tamaulipas.- Con los cursos de capacitaci\u00f3n que opera el Gobierno de Tamaulipas, buscadores de empleo se ven beneficiados adquiriendo conocimientos que les facilite su incorporaci\u00f3n al mercado laboral.<\/span><\/span><\/p>\n<p align=\"justify\"><span style=\"font-family: HelveticaNeueLT Std Lt, serif;\"><span style=\"font-size: medium;\">De acuerdo a la Secretar\u00eda del Trabajo, entre el 2019 y 2020, m\u00e1s de mil 560 personas han participado de 95 cursos, correspondientes al Subprograma de Capacitaci\u00f3n para la Empleabilidad, en los que interesados han sido orientados, y han fortalecido competencias laborales para lograr un empleo formal en un corto plazo. <\/span><\/span><\/p>\n<p align=\"justify\"><span style=\"font-family: HelveticaNeueLT Std Lt, serif;\"><span style=\"font-size: medium;\">Miguel \u00c1ngel Villarreal Ongay, encargado de la pol\u00edtica laboral, dijo que dichas acciones, administradas por el Servicio Nacional de Empleo Tamaulipas, se realizan a petici\u00f3n de los empleadores que requieren de personal capacitado.<\/span><\/span><\/p>\n<p align=\"justify\">\u201c<span style=\"font-family: HelveticaNeueLT Std Lt, serif;\"><span style=\"font-size: medium;\">El Gobernador Francisco Garc\u00eda Cabeza de Vaca, ha hecho \u00e9nfasis en brindar gratuitamente los Programas de Apoyos al Empleo (PAE), a quienes est\u00e1n en la b\u00fasqueda de un trabajo formal y remunerado\u201d, explic\u00f3. <\/span><\/span><\/p>\n<p align=\"justify\"><span style=\"font-family: Times New Roman, serif;\"><span style=\"font-size: medium;\"><span style=\"font-family: HelveticaNeueLT Std Lt, serif;\">Los cursos de capacitaci\u00f3n han sido impartidos en instalaciones facilitadas por los empleadores, instituciones educativas o centros de capacitaci\u00f3n, enfocados a la costura industrial, ensamble de componentes el\u00e9ctricos, operador de quinta rueda, habilidades transversales, empleado de piso, auxiliar administrativo, ensamble de productos m\u00e9dicos, bisuter\u00eda, reposter\u00eda, panader\u00eda, gastronom\u00eda, cultora de belleza entre otros, erogando montos por m\u00e1s de $6,281.380.00 pesos.<\/span><\/span><\/span><\/p>\n<p align=\"justify\"><span style=\"font-family: Times New Roman, serif;\"><span style=\"font-size: medium;\"><span style=\"font-family: HelveticaNeueLT Std Lt, serif;\">Luis Enrique Ch\u00e1vez Herrera, trabajador de la empresa Bulk Pack en Ciudad Victoria, recibi\u00f3 la formaci\u00f3n para elaborar bolsas de polipropileno para productos alimenticios y logr\u00f3 ser contratado por la empresa.<\/span><\/span><\/span><\/p>\n<p align=\"justify\">\u201c<span style=\"font-family: Times New Roman, serif;\"><span style=\"font-size: medium;\"><span style=\"font-family: HelveticaNeueLT Std Lt, serif;\">La situaci\u00f3n que estamos viviendo es muy dif\u00edcil, me qued\u00e9 sin trabajo y esto me ha ayudado a solventar las necesidades diarias, hay gente que lo necesita, gracias a la empresa y a ustedes que nos dan la oportunidad de poder capacitarnos\u201d.<\/span><\/span><\/span><\/p>\n<p align=\"justify\"><span style=\"font-family: Times New Roman, serif;\"><span style=\"font-size: medium;\"><span style=\"font-family: HelveticaNeueLT Std Lt, serif;\">Villarreal Ongay coment\u00f3 que se trata de un trabajo conjunto, entre sociedad y gobierno, con el que se busca preservar el empleo y crear fuentes de trabajo que dignifiquen las condiciones de vida de los tamaulipecos. <\/span><\/span><\/span><\/p>\n<p align=\"center\"><span style=\"font-family: HelveticaNeueLT Std Lt, serif;\"><span style=\"font-size: medium;\">###<\/span><\/span><\/p>\n<div class='owl-gallery'><div class='item'><a href='https:\/\/www.tamaulipas.gob.mx\/trabajo\/wp-content\/uploads\/sites\/11\/2020\/10\/boletin_cursos_.jpeg' rel='galeria'><img src='https:\/\/www.tamaulipas.gob.mx\/trabajo\/wp-content\/uploads\/sites\/11\/2020\/10\/boletin_cursos_-850x500.jpeg' srcset='' sizes='auto' alt=''><\/a><figcaption><\/figcaption><\/div><div class='item'><a href='https:\/\/www.tamaulipas.gob.mx\/trabajo\/wp-content\/uploads\/sites\/11\/2020\/10\/boletin_cursos_02.jpeg' rel='galeria'><img src='https:\/\/www.tamaulipas.gob.mx\/trabajo\/wp-content\/uploads\/sites\/11\/2020\/10\/boletin_cursos_02-850x500.jpeg' srcset='' sizes='auto' alt=''><\/a><figcaption><\/figcaption><\/div><div class='item'><a href='https:\/\/www.tamaulipas.gob.mx\/trabajo\/wp-content\/uploads\/sites\/11\/2020\/10\/boletin_cursos_03.jpeg' rel='galeria'><img src='https:\/\/www.tamaulipas.gob.mx\/trabajo\/wp-content\/uploads\/sites\/11\/2020\/10\/boletin_cursos_03-850x500.jpeg' srcset='' sizes='auto' alt=''><\/a><figcaption><\/figcaption><\/div><div class='item'><a href='https:\/\/www.tamaulipas.gob.mx\/trabajo\/wp-content\/uploads\/sites\/11\/2020\/10\/boletin_cursos_04.jpeg' rel='galeria'><img src='https:\/\/www.tamaulipas.gob.mx\/trabajo\/wp-content\/uploads\/sites\/11\/2020\/10\/boletin_cursos_04-850x500.jpeg' srcset='' sizes='auto' alt=''><\/a><figcaption><\/figcaption><\/div><div class='item'><a href='https:\/\/www.tamaulipas.gob.mx\/trabajo\/wp-content\/uploads\/sites\/11\/2020\/10\/boletin_cursos_05.jpeg' rel='galeria'><img src='https:\/\/www.tamaulipas.gob.mx\/trabajo\/wp-content\/uploads\/sites\/11\/2020\/10\/boletin_cursos_05-850x500.jpeg' srcset='' sizes='auto' alt=''><\/a><figcaption><\/figcaption><\/div><\/div>\n","protected":false},"excerpt":{"rendered":"<p>El Gobernador Francisco Garc\u00eda Cabeza de Vaca, ha hecho \u00e9nfasis en brindar gratuitamente los Programas de Apoyos al Empleo (PAE), a quienes est\u00e1n en la\u2026<\/p>\n","protected":false},"author":63,"featured_media":1703,"comment_status":"closed","ping_status":"closed","sticky":false,"template":"","format":"standard","meta":{"footnotes":""},"categories":[1],"tags":[],"class_list":["post-1701","post","type-post","status-publish","format-standard","has-post-thumbnail","hentry","category-prensa"],"publishpress_future_action":{"enabled":false,"date":"2026-05-08 13:08:07","action":"change-status","newStatus":"draft","terms":[],"taxonomy":"category"},"_links":{"self":[{"href":"https:\/\/www.tamaulipas.gob.mx\/trabajo\/wp-json\/wp\/v2\/posts\/1701"}],"collection":[{"href":"https:\/\/www.tamaulipas.gob.mx\/trabajo\/wp-json\/wp\/v2\/posts"}],"about":[{"href":"https:\/\/www.tamaulipas.gob.mx\/trabajo\/wp-json\/wp\/v2\/types\/post"}],"author":[{"embeddable":true,"href":"https:\/\/www.tamaulipas.gob.mx\/trabajo\/wp-json\/wp\/v2\/users\/63"}],"replies":[{"embeddable":true,"href":"https:\/\/www.tamaulipas.gob.mx\/trabajo\/wp-json\/wp\/v2\/comments?post=1701"}],"version-history":[{"count":1,"href":"https:\/\/www.tamaulipas.gob.mx\/trabajo\/wp-json\/wp\/v2\/posts\/1701\/revisions"}],"predecessor-version":[{"id":1707,"href":"https:\/\/www.tamaulipas.gob.mx\/trabajo\/wp-json\/wp\/v2\/posts\/1701\/revisions\/1707"}],"wp:featuredmedia":[{"embeddable":true,"href":"https:\/\/www.tamaulipas.gob.mx\/trabajo\/wp-json\/wp\/v2\/media\/1703"}],"wp:attachment":[{"href":"https:\/\/www.tamaulipas.gob.mx\/trabajo\/wp-json\/wp\/v2\/media?parent=1701"}],"wp:term":[{"taxonomy":"category","embeddable":true,"href":"https:\/\/www.tamaulipas.gob.mx\/trabajo\/wp-json\/wp\/v2\/categories?post=1701"},{"taxonomy":"post_tag","embeddable":true,"href":"https:\/\/www.tamaulipas.gob.mx\/trabajo\/wp-json\/wp\/v2\/tags?post=1701"}],"curies":[{"name":"wp","href":"https:\/\/api.w.org\/{rel}","templated":true}]}}