{"id":1691,"date":"2020-09-28T22:00:50","date_gmt":"2020-09-29T03:00:50","guid":{"rendered":"https:\/\/www.tamaulipas.gob.mx\/trabajo\/?p=1691"},"modified":"2020-09-29T10:01:43","modified_gmt":"2020-09-29T15:01:43","slug":"gobierno-de-tamaulipas-garantiza-seguridad-juridica-a-patrones-y-trabajadores-del-ingenio-el-mante","status":"publish","type":"post","link":"https:\/\/www.tamaulipas.gob.mx\/trabajo\/2020\/09\/gobierno-de-tamaulipas-garantiza-seguridad-juridica-a-patrones-y-trabajadores-del-ingenio-el-mante\/","title":{"rendered":"Gobierno de Tamaulipas garantiza seguridad jur\u00eddica a patrones y trabajadores del \u201cIngenio El Mante\u201d"},"content":{"rendered":"<p><em><strong>El Gobernador Francisco Garc\u00eda Cabeza de Vaca, vigilar y hacer valer los derechos de los trabajadores, en particular de los trabajadores de la industria azucarera en El Mante.<\/strong><\/em><\/p>\n<p style=\"text-align: right;\">ST-060-2020<\/p>\n<p>Septiembre 28 del 2020<\/p>\n<p style=\"text-align: justify;\">El Mante, Tamaulipas.- El Gobierno del Estado a trav\u00e9s de la Secretar\u00eda del Trabajo, coadyuva en la legalidad y certidumbre jur\u00eddica de los trabajadores del \u201cIngenio El Mante\u201d, en su proceso de liquidaci\u00f3n y pago de prestaciones con sus patrones.<\/p>\n<p style=\"text-align: justify;\">La Junta Especial de Conciliaci\u00f3n y Arbitraje n\u00famero 3, ubicada en El Mante, habilit\u00f3 el espacio y los tiempos necesarios, para brindar atenci\u00f3n a los cerca de 200 trabajadores no sindicalizados, conforme a lo estipulado en la Ley Federal del Trabajo.<\/p>\n<p style=\"text-align: justify;\">Miguel \u00c1ngel Villarreal Ongay, Secretario del Trabajo, dio a conocer que fue solicitada la intervenci\u00f3n de la autoridad laboral, a fin de garantizar seguridad legal tanto a trabajadores como a patrones.<\/p>\n<p style=\"text-align: justify;\">\u201cEl Gobernador Francisco Garc\u00eda Cabeza de Vaca, nos ha instruido trabajar al margen de la ley, en este caso vigilar y hacer valer los derechos de los trabajadores, en particular de los trabajadores de la industria azucarera en El Mante, dijo.<\/p>\n<p style=\"text-align: justify;\">Coment\u00f3 que los trabajadores y patrones llegaron a un entendimiento laboral mediante la celebraci\u00f3n de convenios que la Junta Especial N\u00famero 3 de la Local de Conciliaci\u00f3n y Arbitraje, sancion\u00f3 y aprob\u00f3 dado el pacto acreditado por las partes en donde se respetaron los derechos de los trabajadores.<\/p>\n<p style=\"text-align: justify;\">Jos\u00e9 Ceballos Linares, Director de Desarrollo Social de la Fundaci\u00f3n Pantale\u00f3n M\u00e9xico, indic\u00f3 que vieron viable la adquisici\u00f3n la empresa, a fin de seguir generando para la zona, posibilidades de crecimiento y mejoras a la clase trabajadora.<\/p>\n<p style=\"text-align: justify;\">\u201cContamos con 51 ingenios a nivel nacional, somos el principal productor de az\u00facar, tenemos operaciones en Guatemala, Nicaragua, Brasil y M\u00e9xico, vimos redituable y rentable el Ingenio, por esta raz\u00f3n decidimos continuar con las operaciones\u201d.<\/p>\n<p style=\"text-align: justify;\">Por su parte, Villarreal Ongay argument\u00f3 que personal a su cargo estar\u00e1 atento a los t\u00e9rminos que establecen las condiciones laborales de los cerca de 800 trabajadores, a fin de garantizarles trabajo y lo que por ley les corresponde.<\/p>\n<p style=\"text-align: center;\">###<\/p>\n<p>&nbsp;<\/p>\n<div class='owl-gallery'><div class='item'><a href='https:\/\/www.tamaulipas.gob.mx\/trabajo\/wp-content\/uploads\/sites\/11\/2020\/09\/boletin_ingenioelmante01.jpeg' rel='galeria'><img src='https:\/\/www.tamaulipas.gob.mx\/trabajo\/wp-content\/uploads\/sites\/11\/2020\/09\/boletin_ingenioelmante01-850x500.jpeg' srcset='' sizes='auto' alt=''><\/a><figcaption><\/figcaption><\/div><div class='item'><a href='https:\/\/www.tamaulipas.gob.mx\/trabajo\/wp-content\/uploads\/sites\/11\/2020\/09\/boletin_ingenioelmante02.jpeg' rel='galeria'><img src='https:\/\/www.tamaulipas.gob.mx\/trabajo\/wp-content\/uploads\/sites\/11\/2020\/09\/boletin_ingenioelmante02-850x500.jpeg' srcset='' sizes='auto' alt=''><\/a><figcaption><\/figcaption><\/div><div class='item'><a href='https:\/\/www.tamaulipas.gob.mx\/trabajo\/wp-content\/uploads\/sites\/11\/2020\/09\/boletin_ingenioelmante03.jpeg' rel='galeria'><img src='https:\/\/www.tamaulipas.gob.mx\/trabajo\/wp-content\/uploads\/sites\/11\/2020\/09\/boletin_ingenioelmante03-850x500.jpeg' srcset='' sizes='auto' alt=''><\/a><figcaption><\/figcaption><\/div><div class='item'><a href='https:\/\/www.tamaulipas.gob.mx\/trabajo\/wp-content\/uploads\/sites\/11\/2020\/09\/boletin_ingenioelmante04.jpeg' rel='galeria'><img src='https:\/\/www.tamaulipas.gob.mx\/trabajo\/wp-content\/uploads\/sites\/11\/2020\/09\/boletin_ingenioelmante04-850x500.jpeg' srcset='' sizes='auto' alt=''><\/a><figcaption><\/figcaption><\/div><div class='item'><a href='https:\/\/www.tamaulipas.gob.mx\/trabajo\/wp-content\/uploads\/sites\/11\/2020\/09\/boletin_ingenioelmante05.jpeg' rel='galeria'><img src='https:\/\/www.tamaulipas.gob.mx\/trabajo\/wp-content\/uploads\/sites\/11\/2020\/09\/boletin_ingenioelmante05-850x500.jpeg' srcset='' sizes='auto' alt=''><\/a><figcaption><\/figcaption><\/div><div class='item'><a href='https:\/\/www.tamaulipas.gob.mx\/trabajo\/wp-content\/uploads\/sites\/11\/2020\/09\/boletin_ingenioelmante06.jpeg' rel='galeria'><img src='https:\/\/www.tamaulipas.gob.mx\/trabajo\/wp-content\/uploads\/sites\/11\/2020\/09\/boletin_ingenioelmante06-850x500.jpeg' srcset='' sizes='auto' alt=''><\/a><figcaption><\/figcaption><\/div><\/div>\n","protected":false},"excerpt":{"rendered":"<p>El Gobernador Francisco Garc\u00eda Cabeza de Vaca, vigilar y hacer valer los derechos de los trabajadores, en particular de los trabajadores de la industria azucarera\u2026<\/p>\n","protected":false},"author":63,"featured_media":1697,"comment_status":"closed","ping_status":"closed","sticky":false,"template":"","format":"standard","meta":{"footnotes":""},"categories":[1],"tags":[],"class_list":["post-1691","post","type-post","status-publish","format-standard","has-post-thumbnail","hentry","category-prensa"],"publishpress_future_action":{"enabled":false,"date":"2026-05-08 13:26:07","action":"change-status","newStatus":"draft","terms":[],"taxonomy":"category"},"_links":{"self":[{"href":"https:\/\/www.tamaulipas.gob.mx\/trabajo\/wp-json\/wp\/v2\/posts\/1691"}],"collection":[{"href":"https:\/\/www.tamaulipas.gob.mx\/trabajo\/wp-json\/wp\/v2\/posts"}],"about":[{"href":"https:\/\/www.tamaulipas.gob.mx\/trabajo\/wp-json\/wp\/v2\/types\/post"}],"author":[{"embeddable":true,"href":"https:\/\/www.tamaulipas.gob.mx\/trabajo\/wp-json\/wp\/v2\/users\/63"}],"replies":[{"embeddable":true,"href":"https:\/\/www.tamaulipas.gob.mx\/trabajo\/wp-json\/wp\/v2\/comments?post=1691"}],"version-history":[{"count":1,"href":"https:\/\/www.tamaulipas.gob.mx\/trabajo\/wp-json\/wp\/v2\/posts\/1691\/revisions"}],"predecessor-version":[{"id":1698,"href":"https:\/\/www.tamaulipas.gob.mx\/trabajo\/wp-json\/wp\/v2\/posts\/1691\/revisions\/1698"}],"wp:featuredmedia":[{"embeddable":true,"href":"https:\/\/www.tamaulipas.gob.mx\/trabajo\/wp-json\/wp\/v2\/media\/1697"}],"wp:attachment":[{"href":"https:\/\/www.tamaulipas.gob.mx\/trabajo\/wp-json\/wp\/v2\/media?parent=1691"}],"wp:term":[{"taxonomy":"category","embeddable":true,"href":"https:\/\/www.tamaulipas.gob.mx\/trabajo\/wp-json\/wp\/v2\/categories?post=1691"},{"taxonomy":"post_tag","embeddable":true,"href":"https:\/\/www.tamaulipas.gob.mx\/trabajo\/wp-json\/wp\/v2\/tags?post=1691"}],"curies":[{"name":"wp","href":"https:\/\/api.w.org\/{rel}","templated":true}]}}