{"id":1660,"date":"2020-09-16T22:00:33","date_gmt":"2020-09-17T03:00:33","guid":{"rendered":"https:\/\/www.tamaulipas.gob.mx\/trabajo\/?p=1660"},"modified":"2020-09-18T14:28:04","modified_gmt":"2020-09-18T19:28:04","slug":"reforzaran-medidas-de-prevencion-y-salud-ante-el-covid-19-en-centros-laborales-de-tamaulipas","status":"publish","type":"post","link":"https:\/\/www.tamaulipas.gob.mx\/trabajo\/2020\/09\/reforzaran-medidas-de-prevencion-y-salud-ante-el-covid-19-en-centros-laborales-de-tamaulipas\/","title":{"rendered":"Reforzar\u00e1n medidas de prevenci\u00f3n y salud ante el Covid-19 en centros laborales de Tamaulipas"},"content":{"rendered":"<p><em><strong>Gobierno de Tamaulipas vigila que se salvaguarde a trav\u00e9s del cumplimiento de protocolos, la salud y seguridad de los trabajadores.<\/strong><\/em><\/p>\n<p style=\"text-align: right;\">ST-057-2020<\/p>\n<p>Septiembre 16 del 2020<\/p>\n<p style=\"text-align: justify;\">Ciudad Victoria Tamaulipas.- El mantener las medidas de higiene y prevenci\u00f3n en los centros de trabajo, est\u00e1 ayudando a contrarrestar los efectos negativos que ha dejado el virus por Covid-19, tanto en lo econ\u00f3mico como en lo laboral, dijo el Secretario del Trabajo, Miguel \u00c1ngel Villareal Ongay.<\/p>\n<p style=\"text-align: justify;\">El funcionario mencion\u00f3 que el Gobierno del Estado, mediante la Direcci\u00f3n de Inspecci\u00f3n y Previsi\u00f3n Social, en coordinaci\u00f3n con el Comit\u00e9 Estatal de Seguridad en Salud, mantiene vigilancia en los establecimientos e industria maquiladora, para que se salvaguarde a trav\u00e9s del cumplimiento de protocolos, la salud y seguridad de los trabajadores.<\/p>\n<p style=\"text-align: justify;\">\u201cEl Gobernador Francisco Garc\u00eda Cabeza de Vaca, nos exhort\u00f3 a no bajar la guardia, mantener el exhorto a los empresarios para que en todo momento brinden seguridad y salud a sus trabajadores, y tengan presente las medidas sanitarias necesarias para evitar los contagios por el virus\u201d, explic\u00f3.<\/p>\n<p style=\"text-align: justify;\">Hizo referencia que en las m\u00e1s de 533 visitas a centros de trabajo, realizadas por los inspectores, se ha supervisado el uso del cubrebocas, aplicaci\u00f3n de gel antibacterial, tapetes sanitizantes, restricci\u00f3n de accesos masivos entre otras medidas.<\/p>\n<p style=\"text-align: justify;\">Daniela Vargas Zurita, quien es empresaria en el ramo de la barber\u00eda, dijo que poco a poco se han acoplado a la nueva realidad laboral, sobre todo al uso y aplicaci\u00f3n de medidas sanitarias, como prevenci\u00f3n para ella, su personal y clientes.<\/p>\n<p style=\"text-align: justify;\">\u201cPara nada est\u00e1bamos preparados, tuvimos que movernos para tener todo lo indispensable y abrir de nueva cuenta el negocio, abrir bien equipados para que nuestros clientes est\u00e9n a gusto y cuidar de todos, hemos hecho caso a las recomendaciones y llamado de las autoridades\u201d, se\u00f1al\u00f3.<\/p>\n<p style=\"text-align: justify;\">Antonio Hern\u00e1ndez Villanueva, Gerente de Recursos Humanos en la empresa Kemet de M\u00e9xico en Ciudad Victoria, indic\u00f3 que desde el inicio de la emergencia sanitaria y por ser una empresa esencial, se hicieron los ajustes para proteger al personal, como trazar rutas de seguridad, toma de temperatura, entrega de cubrebocas as\u00ed como adecuaciones al comedor y zonas de producci\u00f3n, medidas que siguen contemplando.<\/p>\n<p style=\"text-align: justify;\">El encargado de la pol\u00edtica laboral en la entidad, indic\u00f3 que personal de la DIPS, estar\u00e1 reforzando las estrategias de prevenci\u00f3n al virus y cuidado de la salud mediante una campa\u00f1a informativa y de promoci\u00f3n a los buenos h\u00e1bitos.<\/p>\n<p style=\"text-align: center;\">###<\/p>\n<p>&nbsp;<\/p>\n<div class='owl-gallery'><div class='item'><a href='https:\/\/www.tamaulipas.gob.mx\/trabajo\/wp-content\/uploads\/sites\/11\/2020\/09\/boletin_vig_protoc_01.jpeg' rel='galeria'><img src='https:\/\/www.tamaulipas.gob.mx\/trabajo\/wp-content\/uploads\/sites\/11\/2020\/09\/boletin_vig_protoc_01-850x500.jpeg' srcset='' sizes='auto' alt=''><\/a><figcaption><\/figcaption><\/div><div class='item'><a href='https:\/\/www.tamaulipas.gob.mx\/trabajo\/wp-content\/uploads\/sites\/11\/2020\/09\/boletin_vig_protoc_02.jpeg' rel='galeria'><img src='https:\/\/www.tamaulipas.gob.mx\/trabajo\/wp-content\/uploads\/sites\/11\/2020\/09\/boletin_vig_protoc_02-850x500.jpeg' srcset='' sizes='auto' alt=''><\/a><figcaption><\/figcaption><\/div><div class='item'><a href='https:\/\/www.tamaulipas.gob.mx\/trabajo\/wp-content\/uploads\/sites\/11\/2020\/09\/boletin_vig_protoc_03.jpeg' rel='galeria'><img src='https:\/\/www.tamaulipas.gob.mx\/trabajo\/wp-content\/uploads\/sites\/11\/2020\/09\/boletin_vig_protoc_03-850x500.jpeg' srcset='' sizes='auto' alt=''><\/a><figcaption><\/figcaption><\/div><div class='item'><a href='https:\/\/www.tamaulipas.gob.mx\/trabajo\/wp-content\/uploads\/sites\/11\/2020\/09\/boletin_vig_protoc_04.jpeg' rel='galeria'><img src='https:\/\/www.tamaulipas.gob.mx\/trabajo\/wp-content\/uploads\/sites\/11\/2020\/09\/boletin_vig_protoc_04-850x500.jpeg' srcset='' sizes='auto' alt=''><\/a><figcaption><\/figcaption><\/div><div class='item'><a href='https:\/\/www.tamaulipas.gob.mx\/trabajo\/wp-content\/uploads\/sites\/11\/2020\/09\/boletin_vig_protoc_05.jpeg' rel='galeria'><img src='https:\/\/www.tamaulipas.gob.mx\/trabajo\/wp-content\/uploads\/sites\/11\/2020\/09\/boletin_vig_protoc_05-850x500.jpeg' srcset='' sizes='auto' alt=''><\/a><figcaption><\/figcaption><\/div><div class='item'><a href='https:\/\/www.tamaulipas.gob.mx\/trabajo\/wp-content\/uploads\/sites\/11\/2020\/09\/boletin_vig_protoc_06.jpeg' rel='galeria'><img src='https:\/\/www.tamaulipas.gob.mx\/trabajo\/wp-content\/uploads\/sites\/11\/2020\/09\/boletin_vig_protoc_06-850x500.jpeg' srcset='' sizes='auto' alt=''><\/a><figcaption><\/figcaption><\/div><div class='item'><a href='https:\/\/www.tamaulipas.gob.mx\/trabajo\/wp-content\/uploads\/sites\/11\/2020\/09\/boletin_vig_protoc_07.jpeg' rel='galeria'><img src='https:\/\/www.tamaulipas.gob.mx\/trabajo\/wp-content\/uploads\/sites\/11\/2020\/09\/boletin_vig_protoc_07-850x500.jpeg' srcset='' sizes='auto' alt=''><\/a><figcaption><\/figcaption><\/div><\/div>\n","protected":false},"excerpt":{"rendered":"<p>Gobierno de Tamaulipas vigila que se salvaguarde a trav\u00e9s del cumplimiento de protocolos, la salud y seguridad de los trabajadores. ST-057-2020 Septiembre 16 del 2020\u2026<\/p>\n","protected":false},"author":63,"featured_media":1657,"comment_status":"closed","ping_status":"closed","sticky":false,"template":"","format":"standard","meta":{"footnotes":""},"categories":[1],"tags":[],"class_list":["post-1660","post","type-post","status-publish","format-standard","has-post-thumbnail","hentry","category-prensa"],"publishpress_future_action":{"enabled":false,"date":"2026-05-08 14:20:20","action":"change-status","newStatus":"draft","terms":[],"taxonomy":"category"},"_links":{"self":[{"href":"https:\/\/www.tamaulipas.gob.mx\/trabajo\/wp-json\/wp\/v2\/posts\/1660"}],"collection":[{"href":"https:\/\/www.tamaulipas.gob.mx\/trabajo\/wp-json\/wp\/v2\/posts"}],"about":[{"href":"https:\/\/www.tamaulipas.gob.mx\/trabajo\/wp-json\/wp\/v2\/types\/post"}],"author":[{"embeddable":true,"href":"https:\/\/www.tamaulipas.gob.mx\/trabajo\/wp-json\/wp\/v2\/users\/63"}],"replies":[{"embeddable":true,"href":"https:\/\/www.tamaulipas.gob.mx\/trabajo\/wp-json\/wp\/v2\/comments?post=1660"}],"version-history":[{"count":1,"href":"https:\/\/www.tamaulipas.gob.mx\/trabajo\/wp-json\/wp\/v2\/posts\/1660\/revisions"}],"predecessor-version":[{"id":1668,"href":"https:\/\/www.tamaulipas.gob.mx\/trabajo\/wp-json\/wp\/v2\/posts\/1660\/revisions\/1668"}],"wp:featuredmedia":[{"embeddable":true,"href":"https:\/\/www.tamaulipas.gob.mx\/trabajo\/wp-json\/wp\/v2\/media\/1657"}],"wp:attachment":[{"href":"https:\/\/www.tamaulipas.gob.mx\/trabajo\/wp-json\/wp\/v2\/media?parent=1660"}],"wp:term":[{"taxonomy":"category","embeddable":true,"href":"https:\/\/www.tamaulipas.gob.mx\/trabajo\/wp-json\/wp\/v2\/categories?post=1660"},{"taxonomy":"post_tag","embeddable":true,"href":"https:\/\/www.tamaulipas.gob.mx\/trabajo\/wp-json\/wp\/v2\/tags?post=1660"}],"curies":[{"name":"wp","href":"https:\/\/api.w.org\/{rel}","templated":true}]}}