{"id":1643,"date":"2020-09-01T22:22:59","date_gmt":"2020-09-02T03:22:59","guid":{"rendered":"https:\/\/www.tamaulipas.gob.mx\/trabajo\/?p=1643"},"modified":"2020-09-02T13:02:02","modified_gmt":"2020-09-02T18:02:02","slug":"atiende-tamaulipas-a-trabajadores-agricolas-que-retornan-de-granjas-canadienses","status":"publish","type":"post","link":"https:\/\/www.tamaulipas.gob.mx\/trabajo\/2020\/09\/atiende-tamaulipas-a-trabajadores-agricolas-que-retornan-de-granjas-canadienses\/","title":{"rendered":"Atiende Tamaulipas a trabajadores agr\u00edcolas que retornan de granjas canadienses"},"content":{"rendered":"<p><em><strong>El Gobierno del Estado dispone de los medios para que tamaulipecos logren mejores condiciones laborales, con empleos formales y bien remunerados.<\/strong><\/em><\/p>\n<p style=\"text-align: right;\">ST-055-2020<\/p>\n<p>Septiembre 1 del 2020<\/p>\n<p style=\"text-align: justify;\">Ciudad Victoria Tamaulipas.- Trescientas veintinueve personas que migraron a Canad\u00e1, a trav\u00e9s del Subprograma de Trabajadores Agr\u00edcolas M\u00e9xico-Canad\u00e1 (PTAT), comenzar\u00e1n a retornar hacia territorio tamaulipeco, una vez que concluyan la temporada 2020.<\/p>\n<p style=\"text-align: justify;\">El Gobierno de Tamaulipas, a trav\u00e9s de la Secretar\u00eda del Trabajo, les brind\u00f3 la facilidad de tramitar una visa de trabajo, para laborar en la pisca y cultivo de vegetales, flores, frutos, pinos navide\u00f1os y \u00e1rboles de ornato entre otros productos, en granjas de diversas provincias canadienses.<\/p>\n<p style=\"text-align: justify;\">Los trabajadores, dispondr\u00e1n durante los meses de septiembre a diciembre, para realizar su reporte de retorno y manifestar las condiciones laborales y econ\u00f3micas durante su estancia en el pa\u00eds extranjero, dijo el Secretario del Trabajo, Miguel \u00c1ngel Villarreal Ongay.<\/p>\n<p style=\"text-align: justify;\">\u201cSer\u00e1 a partir de octubre del presente a\u00f1o, que el Servicio Nacional de Empleo Tamaulipas, inicie la nueva temporada 2021, el Gobernador Francisco Garc\u00eda Cabeza de Vaca, dispone de los medios para que tamaulipecos logren mejores condiciones laborales, con empleos formales y bien remunerados\u201d, expres\u00f3.<\/p>\n<p style=\"text-align: justify;\">Confirm\u00f3 que la dependencia a su cargo, a\u00fan est\u00e1 pendiente por enviar a 25 trabajadores a Canad\u00e1, 17 de ellos quienes ya cuentan con su visa, se mantienen en la espera de que la embajada de ese pa\u00eds les programe su vuelo, y a 8 m\u00e1s que solicitaron un permiso preventivo para no asistir a laborar, a fin de evitar cualquier contagio por Covid-19.<\/p>\n<p style=\"text-align: justify;\">El funcionario apunt\u00f3 que por motivos de la emergencia sanitaria, el registro y atenciones de trabajadores agr\u00edcolas para la temporada 2021, se realizar\u00e1 en l\u00ednea, para salvaguardar y proporcionar mayor cuidado a su salud, que garantice su estancia en M\u00e9xico y su pr\u00f3ximo regreso a Canad\u00e1.<\/p>\n<p style=\"text-align: center;\">###<\/p>\n<p>&nbsp;<\/p>\n<div class='owl-gallery'><div class='item'><a href='https:\/\/www.tamaulipas.gob.mx\/trabajo\/wp-content\/uploads\/sites\/11\/2020\/09\/ptat_01.jpeg' rel='galeria'><img src='https:\/\/www.tamaulipas.gob.mx\/trabajo\/wp-content\/uploads\/sites\/11\/2020\/09\/ptat_01-850x500.jpeg' srcset='' sizes='auto' alt=''><\/a><figcaption><\/figcaption><\/div><div class='item'><a href='https:\/\/www.tamaulipas.gob.mx\/trabajo\/wp-content\/uploads\/sites\/11\/2020\/09\/ptat_02.jpeg' rel='galeria'><img src='https:\/\/www.tamaulipas.gob.mx\/trabajo\/wp-content\/uploads\/sites\/11\/2020\/09\/ptat_02-850x500.jpeg' srcset='' sizes='auto' alt=''><\/a><figcaption><\/figcaption><\/div><div class='item'><a href='https:\/\/www.tamaulipas.gob.mx\/trabajo\/wp-content\/uploads\/sites\/11\/2020\/09\/ptat_03.jpeg' rel='galeria'><img src='https:\/\/www.tamaulipas.gob.mx\/trabajo\/wp-content\/uploads\/sites\/11\/2020\/09\/ptat_03-850x500.jpeg' srcset='' sizes='auto' alt=''><\/a><figcaption><\/figcaption><\/div><div class='item'><a href='https:\/\/www.tamaulipas.gob.mx\/trabajo\/wp-content\/uploads\/sites\/11\/2020\/09\/ptat_04.jpeg' rel='galeria'><img src='https:\/\/www.tamaulipas.gob.mx\/trabajo\/wp-content\/uploads\/sites\/11\/2020\/09\/ptat_04-850x500.jpeg' srcset='' sizes='auto' alt=''><\/a><figcaption><\/figcaption><\/div><div class='item'><a href='https:\/\/www.tamaulipas.gob.mx\/trabajo\/wp-content\/uploads\/sites\/11\/2020\/09\/ptat_05.jpeg' rel='galeria'><img src='https:\/\/www.tamaulipas.gob.mx\/trabajo\/wp-content\/uploads\/sites\/11\/2020\/09\/ptat_05-850x500.jpeg' srcset='' sizes='auto' alt=''><\/a><figcaption><\/figcaption><\/div><\/div>\n","protected":false},"excerpt":{"rendered":"<p>El Gobierno del Estado dispone de los medios para que tamaulipecos logren mejores condiciones laborales, con empleos formales y bien remunerados. ST-055-2020 Septiembre 1 del\u2026<\/p>\n","protected":false},"author":63,"featured_media":1648,"comment_status":"closed","ping_status":"closed","sticky":false,"template":"","format":"standard","meta":{"footnotes":""},"categories":[1],"tags":[],"class_list":["post-1643","post","type-post","status-publish","format-standard","has-post-thumbnail","hentry","category-prensa"],"publishpress_future_action":{"enabled":false,"date":"2026-05-08 13:09:22","action":"change-status","newStatus":"draft","terms":[],"taxonomy":"category"},"_links":{"self":[{"href":"https:\/\/www.tamaulipas.gob.mx\/trabajo\/wp-json\/wp\/v2\/posts\/1643"}],"collection":[{"href":"https:\/\/www.tamaulipas.gob.mx\/trabajo\/wp-json\/wp\/v2\/posts"}],"about":[{"href":"https:\/\/www.tamaulipas.gob.mx\/trabajo\/wp-json\/wp\/v2\/types\/post"}],"author":[{"embeddable":true,"href":"https:\/\/www.tamaulipas.gob.mx\/trabajo\/wp-json\/wp\/v2\/users\/63"}],"replies":[{"embeddable":true,"href":"https:\/\/www.tamaulipas.gob.mx\/trabajo\/wp-json\/wp\/v2\/comments?post=1643"}],"version-history":[{"count":1,"href":"https:\/\/www.tamaulipas.gob.mx\/trabajo\/wp-json\/wp\/v2\/posts\/1643\/revisions"}],"predecessor-version":[{"id":1649,"href":"https:\/\/www.tamaulipas.gob.mx\/trabajo\/wp-json\/wp\/v2\/posts\/1643\/revisions\/1649"}],"wp:featuredmedia":[{"embeddable":true,"href":"https:\/\/www.tamaulipas.gob.mx\/trabajo\/wp-json\/wp\/v2\/media\/1648"}],"wp:attachment":[{"href":"https:\/\/www.tamaulipas.gob.mx\/trabajo\/wp-json\/wp\/v2\/media?parent=1643"}],"wp:term":[{"taxonomy":"category","embeddable":true,"href":"https:\/\/www.tamaulipas.gob.mx\/trabajo\/wp-json\/wp\/v2\/categories?post=1643"},{"taxonomy":"post_tag","embeddable":true,"href":"https:\/\/www.tamaulipas.gob.mx\/trabajo\/wp-json\/wp\/v2\/tags?post=1643"}],"curies":[{"name":"wp","href":"https:\/\/api.w.org\/{rel}","templated":true}]}}