{"id":1631,"date":"2020-08-29T22:00:36","date_gmt":"2020-08-30T03:00:36","guid":{"rendered":"https:\/\/www.tamaulipas.gob.mx\/trabajo\/?p=1631"},"modified":"2020-09-02T12:57:43","modified_gmt":"2020-09-02T17:57:43","slug":"genera-tamaulipas-estabilidad-economica-y-seguridad-social-ofertando-bolsa-de-trabajo","status":"publish","type":"post","link":"https:\/\/www.tamaulipas.gob.mx\/trabajo\/2020\/08\/genera-tamaulipas-estabilidad-economica-y-seguridad-social-ofertando-bolsa-de-trabajo\/","title":{"rendered":"Genera Tamaulipas estabilidad econ\u00f3mica y seguridad social ofertando bolsa de trabajo"},"content":{"rendered":"<p><em><strong>El Gobernador Francisco Garc\u00eda Cabeza de Vaca, busca las alternativas laborales que generen estabilidad econ\u00f3mica y seguridad social a los tamaulipecos.<\/strong><\/em><\/p>\n<p style=\"text-align: right;\">ST-054-2020<\/p>\n<p>Agosto 29 del 2020<\/p>\n<p>&nbsp;<\/p>\n<p style=\"text-align: justify;\">Ciudad Victoria Tamaulipas.- El Gobierno de Tamaulipas, a trav\u00e9s de la Secretar\u00eda de Seguridad y Protecci\u00f3n Ciudadana (SSPC) y el Servicio de Protecci\u00f3n Federal (SPF), ofertar\u00e1 450 vacantes para ingresar a las filas de esa corporaci\u00f3n, como polic\u00edas especializados, que brinden seguridad a instalaciones y edificios ubicados dentro de la entidad.<\/p>\n<p style=\"text-align: justify;\">La convocatoria de reclutamiento, la llevar\u00e1 a cabo el Servicio Nacional de Empleo Tamaulipas (SNETam), en los municipios de Altamira, los d\u00edas 31 de agosto, 1 y 2 de septiembre, en Ciudad Victoria los d\u00edas 3, 4 y 5 de septiembre y Nuevo Laredo los d\u00edas 7 y 8 de septiembre.<\/p>\n<p style=\"text-align: justify;\">Dicha invitaci\u00f3n est\u00e1 dirigida a mujeres y hombres de 18 a 40 a\u00f1os, que deseen iniciar una carrera policial, y de acuerdo al Secretario del Trabajo, Miguel \u00c1ngel Villarreal Ongay, se trata de una oportunidad de desarrollo personal, en el que se contemplan prestaciones de ley y un sueldo completamente atractivo.<\/p>\n<p style=\"text-align: justify;\">\u201cEl Gobernador Francisco Garc\u00eda Cabeza de Vaca, busca las alternativas laborales que generen estabilidad econ\u00f3mica y seguridad social a los tamaulipecos, nosotros somos el conducto para facilitar el encuentro entre el empleador y buscadores de empleo\u201d, dijo.<\/p>\n<p style=\"text-align: justify;\">El funcionario expuso que el evento ser\u00e1 de manera presencial, y los responsables tendr\u00e1n contempladas las medidas sanitarias, entre ellas la exigencia para personal y asistentes, del uso del cubrebocas, sana distancia, gel antibacterial, y la presencia de m\u00e9dicos para evitar contagios por Covid-19.<\/p>\n<p style=\"text-align: justify;\">Recalc\u00f3 que el SPF, ofrece un sueldo neto de $13, 987.82 pesos mensuales, cursos actualizados y profesionalizados, prestaciones de ley, seguro de gastos m\u00e9dicos mayores y seguro de vida.<\/p>\n<p style=\"text-align: justify;\">Villarreal Ongay invit\u00f3 a los interesados a acercarse a las unidades regionales del SNETam qui\u00e9n coadyuva con los encuentros totalmente gratuitos, a fin de solicitar los requisitos necesarios.<\/p>\n<p style=\"text-align: center;\">###<\/p>\n<div class='owl-gallery'><div class='item'><a href='https:\/\/www.tamaulipas.gob.mx\/trabajo\/wp-content\/uploads\/sites\/11\/2020\/09\/spfpresencial_01.jpeg' rel='galeria'><img src='https:\/\/www.tamaulipas.gob.mx\/trabajo\/wp-content\/uploads\/sites\/11\/2020\/09\/spfpresencial_01-850x500.jpeg' srcset='' sizes='auto' alt=''><\/a><figcaption><\/figcaption><\/div><div class='item'><a href='https:\/\/www.tamaulipas.gob.mx\/trabajo\/wp-content\/uploads\/sites\/11\/2020\/09\/spfpresencial_02.jpeg' rel='galeria'><img src='https:\/\/www.tamaulipas.gob.mx\/trabajo\/wp-content\/uploads\/sites\/11\/2020\/09\/spfpresencial_02-850x500.jpeg' srcset='' sizes='auto' alt=''><\/a><figcaption><\/figcaption><\/div><div class='item'><a href='https:\/\/www.tamaulipas.gob.mx\/trabajo\/wp-content\/uploads\/sites\/11\/2020\/09\/spfpresencial_03.jpeg' rel='galeria'><img src='https:\/\/www.tamaulipas.gob.mx\/trabajo\/wp-content\/uploads\/sites\/11\/2020\/09\/spfpresencial_03-850x500.jpeg' srcset='' sizes='auto' alt=''><\/a><figcaption><\/figcaption><\/div><div class='item'><a href='https:\/\/www.tamaulipas.gob.mx\/trabajo\/wp-content\/uploads\/sites\/11\/2020\/09\/spfpresencial_04.jpeg' rel='galeria'><img src='https:\/\/www.tamaulipas.gob.mx\/trabajo\/wp-content\/uploads\/sites\/11\/2020\/09\/spfpresencial_04-850x500.jpeg' srcset='' sizes='auto' alt=''><\/a><figcaption><\/figcaption><\/div><div class='item'><a href='https:\/\/www.tamaulipas.gob.mx\/trabajo\/wp-content\/uploads\/sites\/11\/2020\/09\/spfpresencial_05.jpeg' rel='galeria'><img src='https:\/\/www.tamaulipas.gob.mx\/trabajo\/wp-content\/uploads\/sites\/11\/2020\/09\/spfpresencial_05-850x500.jpeg' srcset='' sizes='auto' alt=''><\/a><figcaption><\/figcaption><\/div><div class='item'><a href='https:\/\/www.tamaulipas.gob.mx\/trabajo\/wp-content\/uploads\/sites\/11\/2020\/09\/spfpresencial_06.jpeg' rel='galeria'><img src='https:\/\/www.tamaulipas.gob.mx\/trabajo\/wp-content\/uploads\/sites\/11\/2020\/09\/spfpresencial_06-850x500.jpeg' srcset='' sizes='auto' alt=''><\/a><figcaption><\/figcaption><\/div><div class='item'><a href='https:\/\/www.tamaulipas.gob.mx\/trabajo\/wp-content\/uploads\/sites\/11\/2020\/09\/spfpresencial_07.jpeg' rel='galeria'><img src='https:\/\/www.tamaulipas.gob.mx\/trabajo\/wp-content\/uploads\/sites\/11\/2020\/09\/spfpresencial_07-850x500.jpeg' srcset='' sizes='auto' alt=''><\/a><figcaption><\/figcaption><\/div><div class='item'><a href='https:\/\/www.tamaulipas.gob.mx\/trabajo\/wp-content\/uploads\/sites\/11\/2020\/09\/spfpresencial_08.jpeg' rel='galeria'><img src='https:\/\/www.tamaulipas.gob.mx\/trabajo\/wp-content\/uploads\/sites\/11\/2020\/09\/spfpresencial_08-850x500.jpeg' srcset='' sizes='auto' alt=''><\/a><figcaption><\/figcaption><\/div><div class='item'><a href='https:\/\/www.tamaulipas.gob.mx\/trabajo\/wp-content\/uploads\/sites\/11\/2020\/09\/spfpresencial_09.jpeg' rel='galeria'><img src='https:\/\/www.tamaulipas.gob.mx\/trabajo\/wp-content\/uploads\/sites\/11\/2020\/09\/spfpresencial_09-850x500.jpeg' srcset='' sizes='auto' alt=''><\/a><figcaption><\/figcaption><\/div><div class='item'><a href='https:\/\/www.tamaulipas.gob.mx\/trabajo\/wp-content\/uploads\/sites\/11\/2020\/09\/spfpresencial_10.jpeg' rel='galeria'><img src='https:\/\/www.tamaulipas.gob.mx\/trabajo\/wp-content\/uploads\/sites\/11\/2020\/09\/spfpresencial_10-850x500.jpeg' srcset='' sizes='auto' alt=''><\/a><figcaption><\/figcaption><\/div><\/div>\n","protected":false},"excerpt":{"rendered":"<p>El Gobernador Francisco Garc\u00eda Cabeza de Vaca, busca las alternativas laborales que generen estabilidad econ\u00f3mica y seguridad social a los tamaulipecos. ST-054-2020 Agosto 29 del\u2026<\/p>\n","protected":false},"author":63,"featured_media":1635,"comment_status":"closed","ping_status":"closed","sticky":false,"template":"","format":"standard","meta":{"footnotes":""},"categories":[1],"tags":[],"class_list":["post-1631","post","type-post","status-publish","format-standard","has-post-thumbnail","hentry","category-prensa"],"publishpress_future_action":{"enabled":false,"date":"2026-05-08 13:04:19","action":"change-status","newStatus":"draft","terms":[],"taxonomy":"category"},"_links":{"self":[{"href":"https:\/\/www.tamaulipas.gob.mx\/trabajo\/wp-json\/wp\/v2\/posts\/1631"}],"collection":[{"href":"https:\/\/www.tamaulipas.gob.mx\/trabajo\/wp-json\/wp\/v2\/posts"}],"about":[{"href":"https:\/\/www.tamaulipas.gob.mx\/trabajo\/wp-json\/wp\/v2\/types\/post"}],"author":[{"embeddable":true,"href":"https:\/\/www.tamaulipas.gob.mx\/trabajo\/wp-json\/wp\/v2\/users\/63"}],"replies":[{"embeddable":true,"href":"https:\/\/www.tamaulipas.gob.mx\/trabajo\/wp-json\/wp\/v2\/comments?post=1631"}],"version-history":[{"count":1,"href":"https:\/\/www.tamaulipas.gob.mx\/trabajo\/wp-json\/wp\/v2\/posts\/1631\/revisions"}],"predecessor-version":[{"id":1642,"href":"https:\/\/www.tamaulipas.gob.mx\/trabajo\/wp-json\/wp\/v2\/posts\/1631\/revisions\/1642"}],"wp:featuredmedia":[{"embeddable":true,"href":"https:\/\/www.tamaulipas.gob.mx\/trabajo\/wp-json\/wp\/v2\/media\/1635"}],"wp:attachment":[{"href":"https:\/\/www.tamaulipas.gob.mx\/trabajo\/wp-json\/wp\/v2\/media?parent=1631"}],"wp:term":[{"taxonomy":"category","embeddable":true,"href":"https:\/\/www.tamaulipas.gob.mx\/trabajo\/wp-json\/wp\/v2\/categories?post=1631"},{"taxonomy":"post_tag","embeddable":true,"href":"https:\/\/www.tamaulipas.gob.mx\/trabajo\/wp-json\/wp\/v2\/tags?post=1631"}],"curies":[{"name":"wp","href":"https:\/\/api.w.org\/{rel}","templated":true}]}}