{"id":1617,"date":"2020-08-08T22:00:35","date_gmt":"2020-08-09T03:00:35","guid":{"rendered":"https:\/\/www.tamaulipas.gob.mx\/trabajo\/?p=1617"},"modified":"2020-08-10T12:33:45","modified_gmt":"2020-08-10T17:33:45","slug":"tamaulipas-registra-la-menor-tasa-de-desempleo-a-nivel-nacional","status":"publish","type":"post","link":"https:\/\/www.tamaulipas.gob.mx\/trabajo\/2020\/08\/tamaulipas-registra-la-menor-tasa-de-desempleo-a-nivel-nacional\/","title":{"rendered":"Tamaulipas registra la menor tasa de desempleo a nivel nacional"},"content":{"rendered":"<p><em><strong>\u201cLas estrategias implementadas por el Gobernador Francisco Garc\u00eda Cabeza de Vaca, han permitido, a pesar de la emergencia sanitaria por el Covid-19, generar estabilidad laboral, certidumbre y confianza entre los inversionistas\u201d.<\/strong><\/em><\/p>\n<p style=\"text-align: right;\">ST-050-2020<\/p>\n<p>Agosto 8 del 2020<\/p>\n<p style=\"text-align: justify;\">Ciudad Victoria Tamaulipas.- Tamaulipas se ubic\u00f3 como una de las 6 entidades con menos desempleo en el pa\u00eds, de acuerdo a datos del Instituto Nacional de Estad\u00edstica y Geograf\u00eda. (INEGI)<\/p>\n<p style=\"text-align: justify;\">El instituto sit\u00faa a Tamaulipas en el lugar n\u00famero 27, en la m\u00e1s reciente lista de tasa de desempleo, pues durante el mes de julio, el pa\u00eds registr\u00f3 un aumento del 1.3 %, lo que represent\u00f3 una p\u00e9rdida de 900 mil empleos, respecto a Tamaulipas, el INEGI report\u00f3 una p\u00e9rdida de 3 mil 800 fuentes de trabajo, lo que represent\u00f3 el 0.42 %.<\/p>\n<p style=\"text-align: justify;\">El Secretario del Trabajo, Miguel \u00c1ngel Villarreal Ongay, dijo que desde el inicio de la contingencia sanitaria, el pa\u00eds han perdido poco m\u00e1s de 2 millones 800 mil empleos, y Tamaulipas 31 mil 600 empleos, lo que constituye el 1.10% de la tasa nacional.<\/p>\n<p style=\"text-align: justify;\">\u201cLas estrategias implementadas por el Gobernador Francisco Garc\u00eda Cabeza de Vaca, han permitido, a pesar de la emergencia sanitaria por el Covid-19, generar estabilidad laboral, certidumbre y confianza entre los inversionistas\u201d, indic\u00f3.<\/p>\n<p style=\"text-align: justify;\">Coment\u00f3 el funcionario, que las diversas \u00e1reas a su cargo, como es el Servicio Nacional de Empleo Tamaulipas (SNETam), las Juntas de Conciliaci\u00f3n y Arbitraje, Procuradur\u00eda General de la Defensa del Trabajo, la Direcci\u00f3n de Conciliaci\u00f3n y Relaciones laborales, as\u00ed como la Direcci\u00f3n de Inspecci\u00f3n y Previsi\u00f3n Social, no han dejado de prestar sus servicios de asesor\u00eda laboral y jur\u00eddica, bolsa de trabajo, protecci\u00f3n seguridad al trabajador entre otros, a fin de dar respuesta a los inconvenientes suscitados en las relaciones obrero patronal.<\/p>\n<p style=\"text-align: justify;\">Desde el pasado mes de marzo a la fecha, tan solo en la Direcci\u00f3n de Conciliaci\u00f3n y Relaciones Laborales, se ha orientado o despejado dudas en m\u00e1s de 2 mil trabajadores, referente a temas relacionados con despidos injustificados, prestaciones de ley, cambios por condiciones laborales o d\u00edas correspondientes a periodos vacaciones.<\/p>\n<p style=\"text-align: justify;\">Villarreal Ongay, dijo que la instrucci\u00f3n del mandatario es seguir haci\u00e9ndole frente a los inconvenientes arrojados por la pandemia, y darle el valor que merecen los derechos laborales de los trabajadores.<\/p>\n<p style=\"text-align: center;\">###<\/p>\n<div class='owl-gallery'><div class='item'><a href='https:\/\/www.tamaulipas.gob.mx\/trabajo\/wp-content\/uploads\/sites\/11\/2020\/08\/boletin_tasadesempleo_01.jpeg' rel='galeria'><img src='https:\/\/www.tamaulipas.gob.mx\/trabajo\/wp-content\/uploads\/sites\/11\/2020\/08\/boletin_tasadesempleo_01-850x500.jpeg' srcset='' sizes='auto' alt=''><\/a><figcaption><\/figcaption><\/div><div class='item'><a href='https:\/\/www.tamaulipas.gob.mx\/trabajo\/wp-content\/uploads\/sites\/11\/2020\/08\/boletin_tasadesempleo_02.jpeg' rel='galeria'><img src='https:\/\/www.tamaulipas.gob.mx\/trabajo\/wp-content\/uploads\/sites\/11\/2020\/08\/boletin_tasadesempleo_02-850x500.jpeg' srcset='' sizes='auto' alt=''><\/a><figcaption><\/figcaption><\/div><div class='item'><a href='https:\/\/www.tamaulipas.gob.mx\/trabajo\/wp-content\/uploads\/sites\/11\/2020\/08\/boletin_tasadesempleo_03.jpeg' rel='galeria'><img src='https:\/\/www.tamaulipas.gob.mx\/trabajo\/wp-content\/uploads\/sites\/11\/2020\/08\/boletin_tasadesempleo_03-850x500.jpeg' srcset='' sizes='auto' alt=''><\/a><figcaption><\/figcaption><\/div><div class='item'><a href='https:\/\/www.tamaulipas.gob.mx\/trabajo\/wp-content\/uploads\/sites\/11\/2020\/08\/boletin_tasadesempleo_04.jpeg' rel='galeria'><img src='https:\/\/www.tamaulipas.gob.mx\/trabajo\/wp-content\/uploads\/sites\/11\/2020\/08\/boletin_tasadesempleo_04-850x500.jpeg' srcset='' sizes='auto' alt=''><\/a><figcaption><\/figcaption><\/div><div class='item'><a href='https:\/\/www.tamaulipas.gob.mx\/trabajo\/wp-content\/uploads\/sites\/11\/2020\/08\/boletin_tasadesempleo_05.jpeg' rel='galeria'><img src='https:\/\/www.tamaulipas.gob.mx\/trabajo\/wp-content\/uploads\/sites\/11\/2020\/08\/boletin_tasadesempleo_05-850x500.jpeg' srcset='' sizes='auto' alt=''><\/a><figcaption><\/figcaption><\/div><div class='item'><a href='https:\/\/www.tamaulipas.gob.mx\/trabajo\/wp-content\/uploads\/sites\/11\/2020\/08\/boletin_tasadesempleo_06.jpeg' rel='galeria'><img src='https:\/\/www.tamaulipas.gob.mx\/trabajo\/wp-content\/uploads\/sites\/11\/2020\/08\/boletin_tasadesempleo_06-850x500.jpeg' srcset='' sizes='auto' alt=''><\/a><figcaption><\/figcaption><\/div><div class='item'><a href='https:\/\/www.tamaulipas.gob.mx\/trabajo\/wp-content\/uploads\/sites\/11\/2020\/08\/boletin_tasadesempleo_07.jpeg' rel='galeria'><img src='https:\/\/www.tamaulipas.gob.mx\/trabajo\/wp-content\/uploads\/sites\/11\/2020\/08\/boletin_tasadesempleo_07-850x500.jpeg' srcset='' sizes='auto' alt=''><\/a><figcaption><\/figcaption><\/div><div class='item'><a href='https:\/\/www.tamaulipas.gob.mx\/trabajo\/wp-content\/uploads\/sites\/11\/2020\/08\/boletin_tasadesempleo_08.jpeg' rel='galeria'><img src='https:\/\/www.tamaulipas.gob.mx\/trabajo\/wp-content\/uploads\/sites\/11\/2020\/08\/boletin_tasadesempleo_08-850x500.jpeg' srcset='' sizes='auto' alt=''><\/a><figcaption><\/figcaption><\/div><\/div>\n","protected":false},"excerpt":{"rendered":"<p>\u201cLas estrategias implementadas por el Gobernador Francisco Garc\u00eda Cabeza de Vaca, han permitido, a pesar de la emergencia sanitaria por el Covid-19, generar estabilidad laboral,\u2026<\/p>\n","protected":false},"author":63,"featured_media":1618,"comment_status":"closed","ping_status":"closed","sticky":false,"template":"","format":"standard","meta":{"footnotes":""},"categories":[1],"tags":[],"class_list":["post-1617","post","type-post","status-publish","format-standard","has-post-thumbnail","hentry","category-prensa"],"publishpress_future_action":{"enabled":false,"date":"2026-05-08 14:20:26","action":"change-status","newStatus":"draft","terms":[],"taxonomy":"category"},"_links":{"self":[{"href":"https:\/\/www.tamaulipas.gob.mx\/trabajo\/wp-json\/wp\/v2\/posts\/1617"}],"collection":[{"href":"https:\/\/www.tamaulipas.gob.mx\/trabajo\/wp-json\/wp\/v2\/posts"}],"about":[{"href":"https:\/\/www.tamaulipas.gob.mx\/trabajo\/wp-json\/wp\/v2\/types\/post"}],"author":[{"embeddable":true,"href":"https:\/\/www.tamaulipas.gob.mx\/trabajo\/wp-json\/wp\/v2\/users\/63"}],"replies":[{"embeddable":true,"href":"https:\/\/www.tamaulipas.gob.mx\/trabajo\/wp-json\/wp\/v2\/comments?post=1617"}],"version-history":[{"count":1,"href":"https:\/\/www.tamaulipas.gob.mx\/trabajo\/wp-json\/wp\/v2\/posts\/1617\/revisions"}],"predecessor-version":[{"id":1626,"href":"https:\/\/www.tamaulipas.gob.mx\/trabajo\/wp-json\/wp\/v2\/posts\/1617\/revisions\/1626"}],"wp:featuredmedia":[{"embeddable":true,"href":"https:\/\/www.tamaulipas.gob.mx\/trabajo\/wp-json\/wp\/v2\/media\/1618"}],"wp:attachment":[{"href":"https:\/\/www.tamaulipas.gob.mx\/trabajo\/wp-json\/wp\/v2\/media?parent=1617"}],"wp:term":[{"taxonomy":"category","embeddable":true,"href":"https:\/\/www.tamaulipas.gob.mx\/trabajo\/wp-json\/wp\/v2\/categories?post=1617"},{"taxonomy":"post_tag","embeddable":true,"href":"https:\/\/www.tamaulipas.gob.mx\/trabajo\/wp-json\/wp\/v2\/tags?post=1617"}],"curies":[{"name":"wp","href":"https:\/\/api.w.org\/{rel}","templated":true}]}}