{"id":1602,"date":"2020-07-22T22:00:54","date_gmt":"2020-07-23T03:00:54","guid":{"rendered":"https:\/\/www.tamaulipas.gob.mx\/trabajo\/?p=1602"},"modified":"2020-08-04T11:50:29","modified_gmt":"2020-08-04T16:50:29","slug":"jlcya-de-tamaulipas-recibe-mil-776-documentos-a-traves-de-la-ventanilla-unica","status":"publish","type":"post","link":"https:\/\/www.tamaulipas.gob.mx\/trabajo\/2020\/07\/jlcya-de-tamaulipas-recibe-mil-776-documentos-a-traves-de-la-ventanilla-unica\/","title":{"rendered":"JLCyA de Tamaulipas recibe mil 776 documentos a trav\u00e9s de la \u201cVentanilla \u00danica"},"content":{"rendered":"<p><em><strong>El Gobierno de Tamaulipas impulsa medidas de protecci\u00f3n y el llamado a mantener la sana distancia y quedarse en casa.<\/strong><\/em><\/p>\n<p style=\"text-align: right;\">ST-047-2020<\/p>\n<p>Julio 22 del 2020<\/p>\n<p style=\"text-align: justify;\">Ciudad Victoria Tamaulipas.- La recepci\u00f3n de expedientes a trav\u00e9s de la \u201cVentanilla \u00danica\u201d, en las Juntas Locales de Conciliaci\u00f3n y Arbitraje y las Juntas Especiales, permanece, como una medida de seguridad y salud, para evitar entre los usuarios el contagio por Covid-19.<\/p>\n<p style=\"text-align: justify;\">De abril a junio del presente a\u00f1o, la dependencia a cargo de la Secretar\u00eda del Trabajo, ha recibido m\u00e1s de mil 776 documentos, los cuales est\u00e1n en espera de un proceso jur\u00eddico, toda vez que se mantiene la suspensi\u00f3n de audiencias y diligencias a abogados y p\u00fablico en general.<\/p>\n<p style=\"text-align: justify;\">El encargado de la pol\u00edtica laboral en la entidad, Miguel \u00c1ngel Villarreal Ongay, coment\u00f3 que se trata de procesos que tienen que ver con demandas individuales, solicitudes de prueba, solicitudes de laudo, convenios o continuaci\u00f3n de juicios, despidos injustificados o cumplimiento de obligaciones legales por parte de sindicatos entre otros.<\/p>\n<p style=\"text-align: justify;\">\u201cEstamos trabajando, sin descuidar la atenci\u00f3n y servicio de los usuarios, y adapt\u00e1ndonos a esta nueva modalidad, el Gobernador Francisco Garc\u00eda Cabeza de Vaca, sigue impulsando las medidas de protecci\u00f3n necesarias y el llamado a mantener la sana distancia y quedarse en casa, dijo.<\/p>\n<p style=\"text-align: justify;\">A ra\u00edz de la emergencia sanitaria, el funcionario confirm\u00f3 que personal de guardia ha redoblado los trabajos para abatir el rezago de demandas pendientes y su desahogo, que a la fecha suman 15 mil 248 documentos en tr\u00e1mite y 6 mil 154 en ejecuci\u00f3n, adem\u00e1s de aquellos procedimientos generados por la pandemia.<\/p>\n<p style=\"text-align: justify;\">En base al Acuerdo General aprobado por el Pleno de la Junta Local de Conciliaci\u00f3n y Arbitraje, podr\u00eda ser para el 3 de agosto que se reanuden las actividades en la Junta Local y Especiales de Conciliaci\u00f3n y Arbitraje, bajo el cumplimiento de estrictas medidas sanitarias.<\/p>\n<p style=\"text-align: center;\">###<\/p>\n<div class='owl-gallery'><div class='item'><a href='https:\/\/www.tamaulipas.gob.mx\/trabajo\/wp-content\/uploads\/sites\/11\/2020\/08\/boletin_vunica01.jpeg' rel='galeria'><img src='https:\/\/www.tamaulipas.gob.mx\/trabajo\/wp-content\/uploads\/sites\/11\/2020\/08\/boletin_vunica01-850x500.jpeg' srcset='' sizes='auto' alt=''><\/a><figcaption><\/figcaption><\/div><div class='item'><a href='https:\/\/www.tamaulipas.gob.mx\/trabajo\/wp-content\/uploads\/sites\/11\/2020\/08\/boletin_vunica02.jpeg' rel='galeria'><img src='https:\/\/www.tamaulipas.gob.mx\/trabajo\/wp-content\/uploads\/sites\/11\/2020\/08\/boletin_vunica02-850x500.jpeg' srcset='' sizes='auto' alt=''><\/a><figcaption><\/figcaption><\/div><div class='item'><a href='https:\/\/www.tamaulipas.gob.mx\/trabajo\/wp-content\/uploads\/sites\/11\/2020\/08\/boletin_vunica03.jpeg' rel='galeria'><img src='https:\/\/www.tamaulipas.gob.mx\/trabajo\/wp-content\/uploads\/sites\/11\/2020\/08\/boletin_vunica03-850x500.jpeg' srcset='' sizes='auto' alt=''><\/a><figcaption><\/figcaption><\/div><div class='item'><a href='https:\/\/www.tamaulipas.gob.mx\/trabajo\/wp-content\/uploads\/sites\/11\/2020\/08\/boletin_vunica04.jpeg' rel='galeria'><img src='https:\/\/www.tamaulipas.gob.mx\/trabajo\/wp-content\/uploads\/sites\/11\/2020\/08\/boletin_vunica04-850x500.jpeg' srcset='' sizes='auto' alt=''><\/a><figcaption><\/figcaption><\/div><\/div>\n","protected":false},"excerpt":{"rendered":"<p>El Gobierno de Tamaulipas impulsa medidas de protecci\u00f3n y el llamado a mantener la sana distancia y quedarse en casa. ST-047-2020 Julio 22 del 2020\u2026<\/p>\n","protected":false},"author":63,"featured_media":1603,"comment_status":"closed","ping_status":"closed","sticky":false,"template":"","format":"standard","meta":{"footnotes":""},"categories":[1],"tags":[],"class_list":["post-1602","post","type-post","status-publish","format-standard","has-post-thumbnail","hentry","category-prensa"],"publishpress_future_action":{"enabled":false,"date":"2026-05-08 13:07:49","action":"change-status","newStatus":"draft","terms":[],"taxonomy":"category"},"_links":{"self":[{"href":"https:\/\/www.tamaulipas.gob.mx\/trabajo\/wp-json\/wp\/v2\/posts\/1602"}],"collection":[{"href":"https:\/\/www.tamaulipas.gob.mx\/trabajo\/wp-json\/wp\/v2\/posts"}],"about":[{"href":"https:\/\/www.tamaulipas.gob.mx\/trabajo\/wp-json\/wp\/v2\/types\/post"}],"author":[{"embeddable":true,"href":"https:\/\/www.tamaulipas.gob.mx\/trabajo\/wp-json\/wp\/v2\/users\/63"}],"replies":[{"embeddable":true,"href":"https:\/\/www.tamaulipas.gob.mx\/trabajo\/wp-json\/wp\/v2\/comments?post=1602"}],"version-history":[{"count":1,"href":"https:\/\/www.tamaulipas.gob.mx\/trabajo\/wp-json\/wp\/v2\/posts\/1602\/revisions"}],"predecessor-version":[{"id":1607,"href":"https:\/\/www.tamaulipas.gob.mx\/trabajo\/wp-json\/wp\/v2\/posts\/1602\/revisions\/1607"}],"wp:featuredmedia":[{"embeddable":true,"href":"https:\/\/www.tamaulipas.gob.mx\/trabajo\/wp-json\/wp\/v2\/media\/1603"}],"wp:attachment":[{"href":"https:\/\/www.tamaulipas.gob.mx\/trabajo\/wp-json\/wp\/v2\/media?parent=1602"}],"wp:term":[{"taxonomy":"category","embeddable":true,"href":"https:\/\/www.tamaulipas.gob.mx\/trabajo\/wp-json\/wp\/v2\/categories?post=1602"},{"taxonomy":"post_tag","embeddable":true,"href":"https:\/\/www.tamaulipas.gob.mx\/trabajo\/wp-json\/wp\/v2\/tags?post=1602"}],"curies":[{"name":"wp","href":"https:\/\/api.w.org\/{rel}","templated":true}]}}