{"id":1594,"date":"2020-07-30T22:00:04","date_gmt":"2020-07-31T03:00:04","guid":{"rendered":"https:\/\/www.tamaulipas.gob.mx\/trabajo\/?p=1594"},"modified":"2020-08-04T11:47:44","modified_gmt":"2020-08-04T16:47:44","slug":"reanudan-servicios-en-las-jlcya-de-tamaulipas-bajo-estrictas-medidas-sanitarias","status":"publish","type":"post","link":"https:\/\/www.tamaulipas.gob.mx\/trabajo\/2020\/07\/reanudan-servicios-en-las-jlcya-de-tamaulipas-bajo-estrictas-medidas-sanitarias\/","title":{"rendered":"Reanudan servicios en las JLCyA de Tamaulipas bajo estrictas medidas sanitarias"},"content":{"rendered":"<p><em><strong>El Gobernador Francisco Garc\u00eda Cabeza de Vaca, instruy\u00f3 implementar medidas de seguridad y darle continuidad y certeza jur\u00eddica a los servicios que se prestan.<\/strong><\/em><\/p>\n<p style=\"text-align: right;\">ST-048-2020<\/p>\n<p>Julio 30 del 2020<\/p>\n<p style=\"text-align: justify;\">Ciudad Victoria Tamaulipas.- El Gobierno del Estado proyecta poner en funci\u00f3n nuevas medidas extraordinarias, en base a la pr\u00f3xima reanudaci\u00f3n de actividades de la Junta Local y sus Juntas Especiales de Conciliaci\u00f3n y Arbitraje.<\/p>\n<p style=\"text-align: justify;\">Los integrantes del Pleno, de acuerdo las recomendaciones del Comit\u00e9 Estatal de Seguridad en Salud, contemplan diversos puntos que tendr\u00e1 que respetar personal y usuarios bajo estrictas medidas sanitarias.<\/p>\n<p style=\"text-align: justify;\">Miguel \u00c1ngel Villarreal Ongay, Secretario del Trabajo, dijo que dichas labores se dan ante la emergencia sanitaria por Covid-19, a fin de evitar contagios, y para salvaguardar la salud de los tamaulipecos que requieren de los servicios jur\u00eddicos.<\/p>\n<p style=\"text-align: justify;\">\u201cDerivado a la demanda que se tiene en cuanto a procesos laborales, el Gobernador Francisco Garc\u00eda Cabeza de Vaca, instruy\u00f3 implementar medidas de seguridad y darle continuidad y certeza jur\u00eddica a los servicios que se prestan en esta dependencia\u201d, expres\u00f3.<\/p>\n<p style=\"text-align: justify;\">El funcionario indic\u00f3 que las Juntas de Conciliaci\u00f3n y Juntas Especiales reestablecer\u00e1n sus actividades el 3 de agosto del a\u00f1o en curso, por lo que se deber\u00e1 considerar el uso de cubre bocas y gel antibacterial, revisi\u00f3n de temperatura y procurar la sana distancia, el personal estar\u00e1 facultado para restringir entradas y salidas y organizar el ingreso as\u00ed como el n\u00famero de personas y atenci\u00f3n de usuarios de acuerdo a las diligencias.<\/p>\n<p style=\"text-align: justify;\">Coment\u00f3 que el horario de servicio ser\u00e1 de 8:00 a 2:00 y de 2:00 a 8:00 pm, en cuanto al desarrollo de audiencias se establecer\u00e1 el tiempo necesario para atender dos a la vez, y en las de car\u00e1cter colectivo se permitir\u00e1 el ingreso de 4 personas.<\/p>\n<p style=\"text-align: justify;\">Villarreal Ongay enfatiz\u00f3 que para los convenios procesales, habr\u00e1 de formalizarse una cita previa con el presidente de la Junta, mismo que considerar\u00e1 hasta 5 convenios en un horario de 9:00 a 2:00 de la tarde.<\/p>\n<p style=\"text-align: justify;\">La \u201cVentanilla \u00danica\u201d seguir\u00e1 en funciones para usuarios, abogados y p\u00fablico en general por tiempo indefinido, a fin de que se sigan recepcionando notificaciones, consulta de expedientes, convenios dentro y fuera de juicio, citas, y dem\u00e1s tr\u00e1mites deber\u00e1n comunicarse v\u00eda telef\u00f3nica.<\/p>\n<h3 style=\"text-align: center;\"><\/h3>\n<p style=\"text-align: center;\">###<\/p>\n<div class='owl-gallery'><div class='item'><a href='https:\/\/www.tamaulipas.gob.mx\/trabajo\/wp-content\/uploads\/sites\/11\/2020\/08\/boletin_jlcya01.jpeg' rel='galeria'><img src='https:\/\/www.tamaulipas.gob.mx\/trabajo\/wp-content\/uploads\/sites\/11\/2020\/08\/boletin_jlcya01-850x500.jpeg' srcset='' sizes='auto' alt=''><\/a><figcaption><\/figcaption><\/div><div class='item'><a href='https:\/\/www.tamaulipas.gob.mx\/trabajo\/wp-content\/uploads\/sites\/11\/2020\/08\/boletin_jlcya02.jpeg' rel='galeria'><img src='https:\/\/www.tamaulipas.gob.mx\/trabajo\/wp-content\/uploads\/sites\/11\/2020\/08\/boletin_jlcya02-850x500.jpeg' srcset='' sizes='auto' alt=''><\/a><figcaption><\/figcaption><\/div><div class='item'><a href='https:\/\/www.tamaulipas.gob.mx\/trabajo\/wp-content\/uploads\/sites\/11\/2020\/08\/boletin_jlcya03.jpeg' rel='galeria'><img src='https:\/\/www.tamaulipas.gob.mx\/trabajo\/wp-content\/uploads\/sites\/11\/2020\/08\/boletin_jlcya03-850x500.jpeg' srcset='' sizes='auto' alt=''><\/a><figcaption><\/figcaption><\/div><div class='item'><a href='https:\/\/www.tamaulipas.gob.mx\/trabajo\/wp-content\/uploads\/sites\/11\/2020\/08\/boletin_jlcya04.jpeg' rel='galeria'><img src='https:\/\/www.tamaulipas.gob.mx\/trabajo\/wp-content\/uploads\/sites\/11\/2020\/08\/boletin_jlcya04-850x500.jpeg' srcset='' sizes='auto' alt=''><\/a><figcaption><\/figcaption><\/div><\/div>\n","protected":false},"excerpt":{"rendered":"<p>El Gobernador Francisco Garc\u00eda Cabeza de Vaca, instruy\u00f3 implementar medidas de seguridad y darle continuidad y certeza jur\u00eddica a los servicios que se prestan. ST-048-2020\u2026<\/p>\n","protected":false},"author":63,"featured_media":1597,"comment_status":"closed","ping_status":"closed","sticky":false,"template":"","format":"standard","meta":{"footnotes":""},"categories":[1],"tags":[],"class_list":["post-1594","post","type-post","status-publish","format-standard","has-post-thumbnail","hentry","category-prensa"],"publishpress_future_action":{"enabled":false,"date":"2026-05-08 13:04:33","action":"change-status","newStatus":"draft","terms":[],"taxonomy":"category"},"_links":{"self":[{"href":"https:\/\/www.tamaulipas.gob.mx\/trabajo\/wp-json\/wp\/v2\/posts\/1594"}],"collection":[{"href":"https:\/\/www.tamaulipas.gob.mx\/trabajo\/wp-json\/wp\/v2\/posts"}],"about":[{"href":"https:\/\/www.tamaulipas.gob.mx\/trabajo\/wp-json\/wp\/v2\/types\/post"}],"author":[{"embeddable":true,"href":"https:\/\/www.tamaulipas.gob.mx\/trabajo\/wp-json\/wp\/v2\/users\/63"}],"replies":[{"embeddable":true,"href":"https:\/\/www.tamaulipas.gob.mx\/trabajo\/wp-json\/wp\/v2\/comments?post=1594"}],"version-history":[{"count":2,"href":"https:\/\/www.tamaulipas.gob.mx\/trabajo\/wp-json\/wp\/v2\/posts\/1594\/revisions"}],"predecessor-version":[{"id":1600,"href":"https:\/\/www.tamaulipas.gob.mx\/trabajo\/wp-json\/wp\/v2\/posts\/1594\/revisions\/1600"}],"wp:featuredmedia":[{"embeddable":true,"href":"https:\/\/www.tamaulipas.gob.mx\/trabajo\/wp-json\/wp\/v2\/media\/1597"}],"wp:attachment":[{"href":"https:\/\/www.tamaulipas.gob.mx\/trabajo\/wp-json\/wp\/v2\/media?parent=1594"}],"wp:term":[{"taxonomy":"category","embeddable":true,"href":"https:\/\/www.tamaulipas.gob.mx\/trabajo\/wp-json\/wp\/v2\/categories?post=1594"},{"taxonomy":"post_tag","embeddable":true,"href":"https:\/\/www.tamaulipas.gob.mx\/trabajo\/wp-json\/wp\/v2\/tags?post=1594"}],"curies":[{"name":"wp","href":"https:\/\/api.w.org\/{rel}","templated":true}]}}