{"id":1575,"date":"2020-07-15T22:00:16","date_gmt":"2020-07-16T03:00:16","guid":{"rendered":"https:\/\/www.tamaulipas.gob.mx\/trabajo\/?p=1575"},"modified":"2020-07-16T13:29:29","modified_gmt":"2020-07-16T18:29:29","slug":"empresas-y-gobierno-ofertan-para-tamaulipecos-trabajo-formal-y-remunerado-con-ferias-de-empleo-virtuales","status":"publish","type":"post","link":"https:\/\/www.tamaulipas.gob.mx\/trabajo\/2020\/07\/empresas-y-gobierno-ofertan-para-tamaulipecos-trabajo-formal-y-remunerado-con-ferias-de-empleo-virtuales\/","title":{"rendered":"Empresas y Gobierno ofertan para tamaulipecos trabajo formal y remunerado con Ferias de Empleo Virtuales"},"content":{"rendered":"<p><em><strong>El Gobierno del Estado concede a los tamaulipecos los instrumentos necesarios para que logren una estabilidad social y laboral.<\/strong><\/em><\/p>\n<p style=\"text-align: right;\">ST-046-2020<\/p>\n<p>Julio 15 del 2020<\/p>\n<p style=\"text-align: justify;\">Ciudad Victoria Tamaulipas.- M\u00e1s de 30 empresas ofertaran cerca de 300 vacantes en la Feria de Empleo Virtual, Tampico 2020, que organiza el Gobierno de Tamaulipas, para buscadores de empleo que requieren de un trabajo formal y remunerado.<\/p>\n<p style=\"text-align: justify;\">El evento ser\u00e1 desarrollado por la Secretar\u00eda del Trabajo, en coordinaci\u00f3n con el Servicio Nacional de Empleo Tamaulipas, a trav\u00e9s de la plataforma Zoom y cuentas oficiales de Facebook de la Secretar\u00eda del Trabajo y Servicio Nacional de Empleo.<\/p>\n<p style=\"text-align: justify;\">Miguel \u00c1ngel Villarreal Ongay, Secretario del Trabajo, dijo que esta nueva modalidad de Ferias Virtuales, se genera ante la emergencia sanitaria, a fin de evitar los contagios de Covid-19.<\/p>\n<p style=\"text-align: justify;\">\u201cDamos seguimiento a los programas de gobierno, implementando nuevas estrategias que brinden un desarrollo laboral, econom\u00eda y bienestar a las familias de Tamaulipas, esa es la instrucci\u00f3n del Gobernador Francisco Garc\u00eda Cabeza de Vaca\u201d, dijo el funcionario.<\/p>\n<p style=\"text-align: justify;\">La Feria Virtual se llevar\u00e1 a cabo este jueves 16 y viernes 17 de julio, en un horario de 9:00 am a 01: 00 de la tarde, y contempla una bolsa de trabajo para profesionistas y p\u00fablico en general, en \u00e1reas de la industria, comercio y servicios.<\/p>\n<p style=\"text-align: justify;\">Villarreal Ongay explic\u00f3 que se tienen vacantes para optometrista, auditor de ventas, auxiliar de auditoria y sistemas, contador, empleados de tienda, operadores de quinta rueda, asesor inmobiliario, gerente de sucursal entre otros m\u00e1s.<\/p>\n<p style=\"text-align: justify;\">Recalc\u00f3 que los interesados, deber\u00e1n enviar su curr\u00edculo vitae al correo: <a href=\"mailto:empleo.snetam@gmail.com\">empleo.snetam@gmail.com<\/a>, ingresar a la plataforma zoom el d\u00eda se\u00f1alado para la feria de empleo y estar atentos al llamado de la empresa, en caso de contar con el perfil adecuado.<\/p>\n<p style=\"text-align: justify;\">Apunto el funcionario que el mandatario, concede a los tamaulipecos los instrumentos necesarios para que logren una estabilidad social y laboral.<\/p>\n<h3 style=\"text-align: center;\"><\/h3>\n<p style=\"text-align: center;\">###<\/p>\n<p>&nbsp;<\/p>\n<div class='owl-gallery'><div class='item'><a href='https:\/\/www.tamaulipas.gob.mx\/trabajo\/wp-content\/uploads\/sites\/11\/2020\/07\/boletin_feriavirtualtampico_05.jpeg' rel='galeria'><img src='https:\/\/www.tamaulipas.gob.mx\/trabajo\/wp-content\/uploads\/sites\/11\/2020\/07\/boletin_feriavirtualtampico_05-850x500.jpeg' srcset='' sizes='auto' alt=''><\/a><figcaption><\/figcaption><\/div><div class='item'><a href='https:\/\/www.tamaulipas.gob.mx\/trabajo\/wp-content\/uploads\/sites\/11\/2020\/07\/boletin_feriavirtualtampico_04.jpeg' rel='galeria'><img src='https:\/\/www.tamaulipas.gob.mx\/trabajo\/wp-content\/uploads\/sites\/11\/2020\/07\/boletin_feriavirtualtampico_04-850x500.jpeg' srcset='' sizes='auto' alt=''><\/a><figcaption><\/figcaption><\/div><div class='item'><a href='https:\/\/www.tamaulipas.gob.mx\/trabajo\/wp-content\/uploads\/sites\/11\/2020\/07\/boletin_feriavirtualtampico_02.jpeg' rel='galeria'><img src='https:\/\/www.tamaulipas.gob.mx\/trabajo\/wp-content\/uploads\/sites\/11\/2020\/07\/boletin_feriavirtualtampico_02-850x500.jpeg' srcset='' sizes='auto' alt=''><\/a><figcaption><\/figcaption><\/div><div class='item'><a href='https:\/\/www.tamaulipas.gob.mx\/trabajo\/wp-content\/uploads\/sites\/11\/2020\/07\/boletin_feriavirtualtampico_01.jpeg' rel='galeria'><img src='https:\/\/www.tamaulipas.gob.mx\/trabajo\/wp-content\/uploads\/sites\/11\/2020\/07\/boletin_feriavirtualtampico_01-850x500.jpeg' srcset='' sizes='auto' alt=''><\/a><figcaption><\/figcaption><\/div><\/div>\n","protected":false},"excerpt":{"rendered":"<p>El Gobierno del Estado concede a los tamaulipecos los instrumentos necesarios para que logren una estabilidad social y laboral. ST-046-2020 Julio 15 del 2020 Ciudad\u2026<\/p>\n","protected":false},"author":63,"featured_media":1591,"comment_status":"closed","ping_status":"closed","sticky":false,"template":"","format":"standard","meta":{"footnotes":""},"categories":[1],"tags":[],"class_list":["post-1575","post","type-post","status-publish","format-standard","has-post-thumbnail","hentry","category-prensa"],"publishpress_future_action":{"enabled":false,"date":"2026-05-08 12:48:29","action":"change-status","newStatus":"draft","terms":[],"taxonomy":"category"},"_links":{"self":[{"href":"https:\/\/www.tamaulipas.gob.mx\/trabajo\/wp-json\/wp\/v2\/posts\/1575"}],"collection":[{"href":"https:\/\/www.tamaulipas.gob.mx\/trabajo\/wp-json\/wp\/v2\/posts"}],"about":[{"href":"https:\/\/www.tamaulipas.gob.mx\/trabajo\/wp-json\/wp\/v2\/types\/post"}],"author":[{"embeddable":true,"href":"https:\/\/www.tamaulipas.gob.mx\/trabajo\/wp-json\/wp\/v2\/users\/63"}],"replies":[{"embeddable":true,"href":"https:\/\/www.tamaulipas.gob.mx\/trabajo\/wp-json\/wp\/v2\/comments?post=1575"}],"version-history":[{"count":2,"href":"https:\/\/www.tamaulipas.gob.mx\/trabajo\/wp-json\/wp\/v2\/posts\/1575\/revisions"}],"predecessor-version":[{"id":1592,"href":"https:\/\/www.tamaulipas.gob.mx\/trabajo\/wp-json\/wp\/v2\/posts\/1575\/revisions\/1592"}],"wp:featuredmedia":[{"embeddable":true,"href":"https:\/\/www.tamaulipas.gob.mx\/trabajo\/wp-json\/wp\/v2\/media\/1591"}],"wp:attachment":[{"href":"https:\/\/www.tamaulipas.gob.mx\/trabajo\/wp-json\/wp\/v2\/media?parent=1575"}],"wp:term":[{"taxonomy":"category","embeddable":true,"href":"https:\/\/www.tamaulipas.gob.mx\/trabajo\/wp-json\/wp\/v2\/categories?post=1575"},{"taxonomy":"post_tag","embeddable":true,"href":"https:\/\/www.tamaulipas.gob.mx\/trabajo\/wp-json\/wp\/v2\/tags?post=1575"}],"curies":[{"name":"wp","href":"https:\/\/api.w.org\/{rel}","templated":true}]}}