{"id":1567,"date":"2020-07-13T22:00:20","date_gmt":"2020-07-14T03:00:20","guid":{"rendered":"https:\/\/www.tamaulipas.gob.mx\/trabajo\/?p=1567"},"modified":"2020-07-14T10:28:32","modified_gmt":"2020-07-14T15:28:32","slug":"garantiza-gobierno-de-tamaulipas-derechos-laborales-de-los-trabajadores","status":"publish","type":"post","link":"https:\/\/www.tamaulipas.gob.mx\/trabajo\/2020\/07\/garantiza-gobierno-de-tamaulipas-derechos-laborales-de-los-trabajadores\/","title":{"rendered":"Garantiza Gobierno de Tamaulipas derechos laborales de los trabajadores"},"content":{"rendered":"<p><em><strong>La PGDT, est\u00e1 atenta a los trabajadores que puedan sufrir de un despido injustificado generado por la pandemia, o bien por el incumplimiento de las prestaciones de ley.<\/strong><\/em><\/p>\n<p style=\"text-align: right;\">ST-045-2020<\/p>\n<p>Julio 13 del 2020<\/p>\n<p style=\"text-align: justify;\">Ciudad Victoria Tamaulipas.- A ra\u00edz de la emergencia sanitaria suscitada por Covid-19, el Gobierno de Tamaulipas a trav\u00e9s de la Procuradur\u00eda General de la Defensa del Trabajo, ha gestionado para los trabajadores m\u00e1s de $725,786 pesos, como pago de su finiquito luego de enfrentarse a un despido laboral.<\/p>\n<p style=\"text-align: justify;\">La dependencia a cargo de la Secretar\u00eda del Trabajo, dedicada a velar y a defender los derechos laborales, ha brindado v\u00eda telef\u00f3nica m\u00e1s de mil 431 asesor\u00edas, que han derivado en m\u00e1s de 12 demandas y m\u00e1s de 54 convenios.<\/p>\n<p style=\"text-align: justify;\">El titular de la dependencia estatal, Miguel \u00c1ngel Villarreal Ongay, dio a conocer que para evitar m\u00e1s contagios del virus y por orden del Comit\u00e9 Estatal de Seguridad y Salud, se aplicaron medidas como la restricci\u00f3n del p\u00fablico en las oficinas, guardias de personal y la atenci\u00f3n v\u00eda telef\u00f3nica.<\/p>\n<p style=\"text-align: justify;\">\u201cEl Gobernador Francisco Garc\u00eda Cabeza de Vaca, est\u00e1 atento a la salud de los tamaulipecos, y busca para ellos el respeto a sus derechos laborales contenidos en la Ley Federal del Trabajo\u201d, dijo.<\/p>\n<p style=\"text-align: justify;\">El funcionario coment\u00f3 que desde el mes de marzo el servicio telef\u00f3nico ha registrado un incremento de m\u00e1s de un 60 por ciento, en su mayor\u00eda, de trabajadores que radican en municipios ubicados en la frontera de Nuevo Laredo, Reynosa y Matamoros.<\/p>\n<p style=\"text-align: justify;\">Villarreal Ongay indic\u00f3 que la PGDT, est\u00e1 atenta a los trabajadores que puedan sufrir de un despido injustificado generado por la pandemia, o bien por el incumplimiento de las prestaciones de ley, entre ellas: el aguinaldo, la prima vacacional o vacaciones.<\/p>\n<p style=\"text-align: justify;\">Record\u00f3 a los trabajadores que el n\u00famero 834 318 1037 est\u00e1 disponible en el horario de oficina de 9:00 am a 14:00 hrs, del que asegur\u00f3 recibir\u00e1n atenci\u00f3n personalizada y gratuita, y se garantizar\u00e1 el entendimiento, la imparcialidad y legalidad.<\/p>\n<p>&nbsp;<\/p>\n<p style=\"text-align: center;\">###<\/p>\n<p>&nbsp;<\/p>\n<div class='owl-gallery'><div class='item'><a href='https:\/\/www.tamaulipas.gob.mx\/trabajo\/wp-content\/uploads\/sites\/11\/2020\/07\/boletin_procu_01.jpeg' rel='galeria'><img src='https:\/\/www.tamaulipas.gob.mx\/trabajo\/wp-content\/uploads\/sites\/11\/2020\/07\/boletin_procu_01-850x500.jpeg' srcset='' sizes='auto' alt=''><\/a><figcaption><\/figcaption><\/div><div class='item'><a href='https:\/\/www.tamaulipas.gob.mx\/trabajo\/wp-content\/uploads\/sites\/11\/2020\/07\/boletin_procu_02.jpeg' rel='galeria'><img src='https:\/\/www.tamaulipas.gob.mx\/trabajo\/wp-content\/uploads\/sites\/11\/2020\/07\/boletin_procu_02-850x500.jpeg' srcset='' sizes='auto' alt=''><\/a><figcaption><\/figcaption><\/div><div class='item'><a href='https:\/\/www.tamaulipas.gob.mx\/trabajo\/wp-content\/uploads\/sites\/11\/2020\/07\/boletin_procu_03.jpeg' rel='galeria'><img src='https:\/\/www.tamaulipas.gob.mx\/trabajo\/wp-content\/uploads\/sites\/11\/2020\/07\/boletin_procu_03-850x500.jpeg' srcset='' sizes='auto' alt=''><\/a><figcaption><\/figcaption><\/div><div class='item'><a href='https:\/\/www.tamaulipas.gob.mx\/trabajo\/wp-content\/uploads\/sites\/11\/2020\/07\/boletin_procu_04.jpeg' rel='galeria'><img src='https:\/\/www.tamaulipas.gob.mx\/trabajo\/wp-content\/uploads\/sites\/11\/2020\/07\/boletin_procu_04-850x500.jpeg' srcset='' sizes='auto' alt=''><\/a><figcaption><\/figcaption><\/div><div class='item'><a href='https:\/\/www.tamaulipas.gob.mx\/trabajo\/wp-content\/uploads\/sites\/11\/2020\/07\/boletin_procu_05.jpeg' rel='galeria'><img src='https:\/\/www.tamaulipas.gob.mx\/trabajo\/wp-content\/uploads\/sites\/11\/2020\/07\/boletin_procu_05-850x500.jpeg' srcset='' sizes='auto' alt=''><\/a><figcaption><\/figcaption><\/div><\/div>\n","protected":false},"excerpt":{"rendered":"<p>La PGDT, est\u00e1 atenta a los trabajadores que puedan sufrir de un despido injustificado generado por la pandemia, o bien por el incumplimiento de las\u2026<\/p>\n","protected":false},"author":63,"featured_media":1571,"comment_status":"closed","ping_status":"closed","sticky":false,"template":"","format":"standard","meta":{"footnotes":""},"categories":[1],"tags":[],"class_list":["post-1567","post","type-post","status-publish","format-standard","has-post-thumbnail","hentry","category-prensa"],"publishpress_future_action":{"enabled":false,"date":"2026-05-08 12:48:30","action":"change-status","newStatus":"draft","terms":[],"taxonomy":"category"},"_links":{"self":[{"href":"https:\/\/www.tamaulipas.gob.mx\/trabajo\/wp-json\/wp\/v2\/posts\/1567"}],"collection":[{"href":"https:\/\/www.tamaulipas.gob.mx\/trabajo\/wp-json\/wp\/v2\/posts"}],"about":[{"href":"https:\/\/www.tamaulipas.gob.mx\/trabajo\/wp-json\/wp\/v2\/types\/post"}],"author":[{"embeddable":true,"href":"https:\/\/www.tamaulipas.gob.mx\/trabajo\/wp-json\/wp\/v2\/users\/63"}],"replies":[{"embeddable":true,"href":"https:\/\/www.tamaulipas.gob.mx\/trabajo\/wp-json\/wp\/v2\/comments?post=1567"}],"version-history":[{"count":1,"href":"https:\/\/www.tamaulipas.gob.mx\/trabajo\/wp-json\/wp\/v2\/posts\/1567\/revisions"}],"predecessor-version":[{"id":1573,"href":"https:\/\/www.tamaulipas.gob.mx\/trabajo\/wp-json\/wp\/v2\/posts\/1567\/revisions\/1573"}],"wp:featuredmedia":[{"embeddable":true,"href":"https:\/\/www.tamaulipas.gob.mx\/trabajo\/wp-json\/wp\/v2\/media\/1571"}],"wp:attachment":[{"href":"https:\/\/www.tamaulipas.gob.mx\/trabajo\/wp-json\/wp\/v2\/media?parent=1567"}],"wp:term":[{"taxonomy":"category","embeddable":true,"href":"https:\/\/www.tamaulipas.gob.mx\/trabajo\/wp-json\/wp\/v2\/categories?post=1567"},{"taxonomy":"post_tag","embeddable":true,"href":"https:\/\/www.tamaulipas.gob.mx\/trabajo\/wp-json\/wp\/v2\/tags?post=1567"}],"curies":[{"name":"wp","href":"https:\/\/api.w.org\/{rel}","templated":true}]}}