{"id":1546,"date":"2020-07-06T22:00:54","date_gmt":"2020-07-07T03:00:54","guid":{"rendered":"https:\/\/www.tamaulipas.gob.mx\/trabajo\/?p=1546"},"modified":"2020-07-07T17:06:49","modified_gmt":"2020-07-07T22:06:49","slug":"arranca-gobierno-del-estado-ferias-de-empleo-virtuales-para-impulsar-mayor-bienestar-a-las-familias","status":"publish","type":"post","link":"https:\/\/www.tamaulipas.gob.mx\/trabajo\/2020\/07\/arranca-gobierno-del-estado-ferias-de-empleo-virtuales-para-impulsar-mayor-bienestar-a-las-familias\/","title":{"rendered":"Arranca Gobierno del Estado Ferias de Empleo Virtuales para impulsar mayor bienestar a las familias"},"content":{"rendered":"<p><em><strong>La Feria de Empleo Virtual, ofrece las mismas ventajas que las ferias presenciales, la \u00fanica diferencia es que el evento ocurre en l\u00ednea.<\/strong><\/em><\/p>\n<p style=\"text-align: right;\">ST-043-2020<\/p>\n<p>Julio 6 del 2020<\/p>\n<p>Ciudad Victoria Tamaulipas.- El Gobierno de Tamaulipas dar\u00e1 inicio a la Primera Etapa de Ferias de Empleo Virtuales 2020, para incentivar la generaci\u00f3n de empleo y bienestar de las familias ubicadas en los diversos municipios del estado.<\/p>\n<p>La Secretar\u00eda del Trabajo, en coordinaci\u00f3n con el Servicio Nacional de Empleo Tamaulipas, planea acercar las vacantes disponibles por las empresas, a quienes han padecido las consecuencias propiciadas por la emergencia sanitaria por COVID-19.<\/p>\n<p>El titular de la dependencia laboral, Miguel \u00c1ngel Villarreal Ongay, dio a conocer que actualmente en la entidad, poco m\u00e1s de 27 mil personas requieren de un empleo, por lo que se emprendieron acciones que impulsen y promuevan la creaci\u00f3n de fuentes de empleo formal.<\/p>\n<p>\u201cEl Gobernador Francisco Garc\u00eda Cabeza de Vaca, solicit\u00f3 crear condiciones para que los tamaulipecos encuentren aquellas vacantes que garanticen su \u00e9xito y prosperidad en estos tiempos at\u00edpicos\u201d, coment\u00f3.<\/p>\n<p>La Primera Feria de Empleo Virtual 2020, se tiene contemplada arrancar en la Ciudad de Reynosa, los d\u00edas mi\u00e9rcoles 8 y jueves 9 de julio, a partir de las 9:00 am, la cual ser\u00e1 transmitida por redes oficiales de la Secretar\u00eda del Trabajo y SNETam, y en la que estar\u00e1n participando reconocidas empresas y dependencias de gobierno, ofertando alrededor de 500 plazas para diversos puestos.<\/p>\n<p>Esta modalidad de manera virtual, ofrece las mismas ventajas que las ferias presenciales, la \u00fanica diferencia es que el evento ocurre en l\u00ednea. Villarreal Ongay, explic\u00f3 que una vez que los participantes hayan enviado su curriculum vitae pueden postularse a la empresa, y si son candidatos para la oferta de empleo, la empresa habr\u00e1 de notificarles.<\/p>\n<p>La Feria de Empleo Virtual, que se llevar\u00e1 a cabo en los principales municipios de la entidad, no solo tiene el efecto de darle a los tamaulipecos un trabajo digno, sino tambi\u00e9n un puesto de trabajo de calidad, formal y remunerado, con prestaciones de ley y servicios asistenciales que le permitan un acceso a servicios m\u00e9dicos y a una vivienda digna.<\/p>\n<h3 style=\"text-align: center;\"><\/h3>\n<p style=\"text-align: center;\">###<\/p>\n<div class='owl-gallery'><div class='item'><a href='https:\/\/www.tamaulipas.gob.mx\/trabajo\/wp-content\/uploads\/sites\/11\/2020\/07\/boletin_reynosa_01.jpeg' rel='galeria'><img src='https:\/\/www.tamaulipas.gob.mx\/trabajo\/wp-content\/uploads\/sites\/11\/2020\/07\/boletin_reynosa_01-850x500.jpeg' srcset='' sizes='auto' alt=''><\/a><figcaption><\/figcaption><\/div><div class='item'><a href='https:\/\/www.tamaulipas.gob.mx\/trabajo\/wp-content\/uploads\/sites\/11\/2020\/07\/boletin_reynosa_02.jpeg' rel='galeria'><img src='https:\/\/www.tamaulipas.gob.mx\/trabajo\/wp-content\/uploads\/sites\/11\/2020\/07\/boletin_reynosa_02-850x500.jpeg' srcset='' sizes='auto' alt=''><\/a><figcaption><\/figcaption><\/div><div class='item'><a href='https:\/\/www.tamaulipas.gob.mx\/trabajo\/wp-content\/uploads\/sites\/11\/2020\/07\/boletin_reynosa_03.jpeg' rel='galeria'><img src='https:\/\/www.tamaulipas.gob.mx\/trabajo\/wp-content\/uploads\/sites\/11\/2020\/07\/boletin_reynosa_03-850x500.jpeg' srcset='' sizes='auto' alt=''><\/a><figcaption><\/figcaption><\/div><div class='item'><a href='https:\/\/www.tamaulipas.gob.mx\/trabajo\/wp-content\/uploads\/sites\/11\/2020\/07\/boletin_reynosa_04.jpeg' rel='galeria'><img src='https:\/\/www.tamaulipas.gob.mx\/trabajo\/wp-content\/uploads\/sites\/11\/2020\/07\/boletin_reynosa_04-850x500.jpeg' srcset='' sizes='auto' alt=''><\/a><figcaption><\/figcaption><\/div><div class='item'><a href='https:\/\/www.tamaulipas.gob.mx\/trabajo\/wp-content\/uploads\/sites\/11\/2020\/07\/boletin_reynosa_05.jpeg' rel='galeria'><img src='https:\/\/www.tamaulipas.gob.mx\/trabajo\/wp-content\/uploads\/sites\/11\/2020\/07\/boletin_reynosa_05-850x500.jpeg' srcset='' sizes='auto' alt=''><\/a><figcaption><\/figcaption><\/div><div class='item'><a href='https:\/\/www.tamaulipas.gob.mx\/trabajo\/wp-content\/uploads\/sites\/11\/2020\/07\/boletin_reynosa_06.jpeg' rel='galeria'><img src='https:\/\/www.tamaulipas.gob.mx\/trabajo\/wp-content\/uploads\/sites\/11\/2020\/07\/boletin_reynosa_06-850x500.jpeg' srcset='' sizes='auto' alt=''><\/a><figcaption><\/figcaption><\/div><div class='item'><a href='https:\/\/www.tamaulipas.gob.mx\/trabajo\/wp-content\/uploads\/sites\/11\/2020\/07\/boletin_reynosa_07.jpeg' rel='galeria'><img src='https:\/\/www.tamaulipas.gob.mx\/trabajo\/wp-content\/uploads\/sites\/11\/2020\/07\/boletin_reynosa_07-850x500.jpeg' srcset='' sizes='auto' alt=''><\/a><figcaption><\/figcaption><\/div><\/div>\n","protected":false},"excerpt":{"rendered":"<p>La Feria de Empleo Virtual, ofrece las mismas ventajas que las ferias presenciales, la \u00fanica diferencia es que el evento ocurre en l\u00ednea. ST-043-2020 Julio\u2026<\/p>\n","protected":false},"author":63,"featured_media":1549,"comment_status":"closed","ping_status":"closed","sticky":false,"template":"","format":"standard","meta":{"footnotes":""},"categories":[1],"tags":[],"class_list":["post-1546","post","type-post","status-publish","format-standard","has-post-thumbnail","hentry","category-prensa"],"publishpress_future_action":{"enabled":false,"date":"2026-05-08 13:04:33","action":"change-status","newStatus":"draft","terms":[],"taxonomy":"category"},"_links":{"self":[{"href":"https:\/\/www.tamaulipas.gob.mx\/trabajo\/wp-json\/wp\/v2\/posts\/1546"}],"collection":[{"href":"https:\/\/www.tamaulipas.gob.mx\/trabajo\/wp-json\/wp\/v2\/posts"}],"about":[{"href":"https:\/\/www.tamaulipas.gob.mx\/trabajo\/wp-json\/wp\/v2\/types\/post"}],"author":[{"embeddable":true,"href":"https:\/\/www.tamaulipas.gob.mx\/trabajo\/wp-json\/wp\/v2\/users\/63"}],"replies":[{"embeddable":true,"href":"https:\/\/www.tamaulipas.gob.mx\/trabajo\/wp-json\/wp\/v2\/comments?post=1546"}],"version-history":[{"count":1,"href":"https:\/\/www.tamaulipas.gob.mx\/trabajo\/wp-json\/wp\/v2\/posts\/1546\/revisions"}],"predecessor-version":[{"id":1554,"href":"https:\/\/www.tamaulipas.gob.mx\/trabajo\/wp-json\/wp\/v2\/posts\/1546\/revisions\/1554"}],"wp:featuredmedia":[{"embeddable":true,"href":"https:\/\/www.tamaulipas.gob.mx\/trabajo\/wp-json\/wp\/v2\/media\/1549"}],"wp:attachment":[{"href":"https:\/\/www.tamaulipas.gob.mx\/trabajo\/wp-json\/wp\/v2\/media?parent=1546"}],"wp:term":[{"taxonomy":"category","embeddable":true,"href":"https:\/\/www.tamaulipas.gob.mx\/trabajo\/wp-json\/wp\/v2\/categories?post=1546"},{"taxonomy":"post_tag","embeddable":true,"href":"https:\/\/www.tamaulipas.gob.mx\/trabajo\/wp-json\/wp\/v2\/tags?post=1546"}],"curies":[{"name":"wp","href":"https:\/\/api.w.org\/{rel}","templated":true}]}}