{"id":1538,"date":"2020-06-30T22:00:04","date_gmt":"2020-07-01T03:00:04","guid":{"rendered":"https:\/\/www.tamaulipas.gob.mx\/trabajo\/?p=1538"},"modified":"2020-07-07T17:04:19","modified_gmt":"2020-07-07T22:04:19","slug":"se-mantiene-cierre-en-jcya-de-tamaulipas-como-medida-de-prevencion-al-covid-19","status":"publish","type":"post","link":"https:\/\/www.tamaulipas.gob.mx\/trabajo\/2020\/06\/se-mantiene-cierre-en-jcya-de-tamaulipas-como-medida-de-prevencion-al-covid-19\/","title":{"rendered":"Se mantiene cierre en JCyA de Tamaulipas como medida de prevenci\u00f3n al COVID-19"},"content":{"rendered":"<p style=\"text-align: justify;\"><em><strong>El Gobernador Francisco Garc\u00eda Cabeza de Vaca, est\u00e1 atento y busca no s\u00f3lo se brinde atenci\u00f3n a los trabajadores, sino que se procure y antepongan el cuidado de su salud.<\/strong><\/em><\/p>\n<p style=\"text-align: right;\">ST-041-2020<\/p>\n<p style=\"text-align: justify;\">Junio 30 del 2020<\/p>\n<p style=\"text-align: justify;\">Ciudad Victoria Tamaulipas.- La Junta Local de Conciliaci\u00f3n y Arbitraje y las Juntas Especiales permanecer\u00e1n cerradas hasta el d\u00eda 16 de julio del presente a\u00f1o, en virtud de las medidas de seguridad, para evitar el riesgo de contagio y propagaci\u00f3n del virus SARS-CoV2 (COVID-19).<\/p>\n<p style=\"text-align: justify;\">Dicho acuerdo, fue resuelto en sesi\u00f3n por el pleno jur\u00eddico, en base a lo determinado por el Comit\u00e9 Estatal de Seguridad y Salud, y lo publicado en el Peri\u00f3dico Oficial del Estado, por el que se establecen medidas extraordinarias y se reitera la suspensi\u00f3n de labores a los usuarios, abogados y p\u00fablico en general.<\/p>\n<p style=\"text-align: justify;\">Miguel \u00c1ngel Villarreal Ongay, Secretario del Trabajo, dio a conocer que en la entidad a\u00fan existe un alto nivel de riesgo y contagio del virus, por lo que se determin\u00f3 mantener los lineamientos de seguridad sanitaria y de salud.<\/p>\n<p style=\"text-align: justify;\">\u201cComo medida de prevenci\u00f3n permanece el servicio de \u201cVentanilla \u00danica\u201d, el Gobernador Francisco Garc\u00eda Cabeza de Vaca, est\u00e1 atento y busca no s\u00f3lo se brinde atenci\u00f3n a los trabajadores, sino que se procure y antepongan el cuidado de su salud\u201d, dijo.<\/p>\n<p style=\"text-align: justify;\">La estrategia implementada en todas las Juntas de Conciliaci\u00f3n, ubicadas en los principales municipios, contempla la recepci\u00f3n de demandas individuales por despido injustificado, falta de pago, servicio de asesor\u00eda gratuita, as\u00ed como recepci\u00f3n de documentos que sindicatos necesitan presentar a efecto de cumplir con sus obligaciones legales.<\/p>\n<p style=\"text-align: justify;\">Record\u00f3 que todo proceso ser\u00e1 acordado y tramitado en su orden hasta el d\u00eda h\u00e1bil siguiente que se reinicien las labores y no podr\u00e1n correr los t\u00e9rminos legales en los procedimientos laborales de car\u00e1cter individual y colectivos.<\/p>\n<p style=\"text-align: justify;\">Villarreal Ongay, explic\u00f3 que del 01 al 16 de julio personal mantendr\u00e1 guardias en un horario de 09:00 a 14:00 horas, o interesados en alg\u00fan proceso pueden comunicarse a los tel\u00e9fonos 834 3181030 o 834 3181031 para recibir atenci\u00f3n.<\/p>\n<p>&nbsp;<\/p>\n<p style=\"text-align: center;\">###<\/p>\n<div class='owl-gallery'><div class='item'><a href='https:\/\/www.tamaulipas.gob.mx\/trabajo\/wp-content\/uploads\/sites\/11\/2020\/07\/boletin_apertura.jpeg' rel='galeria'><img src='https:\/\/www.tamaulipas.gob.mx\/trabajo\/wp-content\/uploads\/sites\/11\/2020\/07\/boletin_apertura-850x500.jpeg' srcset='' sizes='auto' alt=''><\/a><figcaption><\/figcaption><\/div><div class='item'><a href='https:\/\/www.tamaulipas.gob.mx\/trabajo\/wp-content\/uploads\/sites\/11\/2020\/07\/boletin_apertura_02.jpeg' rel='galeria'><img src='https:\/\/www.tamaulipas.gob.mx\/trabajo\/wp-content\/uploads\/sites\/11\/2020\/07\/boletin_apertura_02-850x500.jpeg' srcset='' sizes='auto' alt=''><\/a><figcaption><\/figcaption><\/div><div class='item'><a href='https:\/\/www.tamaulipas.gob.mx\/trabajo\/wp-content\/uploads\/sites\/11\/2020\/07\/boletin_apertura_03.jpeg' rel='galeria'><img src='https:\/\/www.tamaulipas.gob.mx\/trabajo\/wp-content\/uploads\/sites\/11\/2020\/07\/boletin_apertura_03-850x500.jpeg' srcset='' sizes='auto' alt=''><\/a><figcaption><\/figcaption><\/div><div class='item'><a href='https:\/\/www.tamaulipas.gob.mx\/trabajo\/wp-content\/uploads\/sites\/11\/2020\/07\/boletin_apertura_04.jpeg' rel='galeria'><img src='https:\/\/www.tamaulipas.gob.mx\/trabajo\/wp-content\/uploads\/sites\/11\/2020\/07\/boletin_apertura_04-850x500.jpeg' srcset='' sizes='auto' alt=''><\/a><figcaption><\/figcaption><\/div><div class='item'><a href='https:\/\/www.tamaulipas.gob.mx\/trabajo\/wp-content\/uploads\/sites\/11\/2020\/07\/boletin_apertura_05.jpeg' rel='galeria'><img src='https:\/\/www.tamaulipas.gob.mx\/trabajo\/wp-content\/uploads\/sites\/11\/2020\/07\/boletin_apertura_05-850x500.jpeg' srcset='' sizes='auto' alt=''><\/a><figcaption><\/figcaption><\/div><div class='item'><a href='https:\/\/www.tamaulipas.gob.mx\/trabajo\/wp-content\/uploads\/sites\/11\/2020\/07\/boletin_apertura_06.jpeg' rel='galeria'><img src='https:\/\/www.tamaulipas.gob.mx\/trabajo\/wp-content\/uploads\/sites\/11\/2020\/07\/boletin_apertura_06-850x500.jpeg' srcset='' sizes='auto' alt=''><\/a><figcaption><\/figcaption><\/div><\/div>\n","protected":false},"excerpt":{"rendered":"<p>El Gobernador Francisco Garc\u00eda Cabeza de Vaca, est\u00e1 atento y busca no s\u00f3lo se brinde atenci\u00f3n a los trabajadores, sino que se procure y antepongan\u2026<\/p>\n","protected":false},"author":63,"featured_media":1542,"comment_status":"closed","ping_status":"closed","sticky":false,"template":"","format":"standard","meta":{"footnotes":""},"categories":[1],"tags":[],"class_list":["post-1538","post","type-post","status-publish","format-standard","has-post-thumbnail","hentry","category-prensa"],"publishpress_future_action":{"enabled":false,"date":"2026-05-08 12:48:28","action":"change-status","newStatus":"draft","terms":[],"taxonomy":"category"},"_links":{"self":[{"href":"https:\/\/www.tamaulipas.gob.mx\/trabajo\/wp-json\/wp\/v2\/posts\/1538"}],"collection":[{"href":"https:\/\/www.tamaulipas.gob.mx\/trabajo\/wp-json\/wp\/v2\/posts"}],"about":[{"href":"https:\/\/www.tamaulipas.gob.mx\/trabajo\/wp-json\/wp\/v2\/types\/post"}],"author":[{"embeddable":true,"href":"https:\/\/www.tamaulipas.gob.mx\/trabajo\/wp-json\/wp\/v2\/users\/63"}],"replies":[{"embeddable":true,"href":"https:\/\/www.tamaulipas.gob.mx\/trabajo\/wp-json\/wp\/v2\/comments?post=1538"}],"version-history":[{"count":1,"href":"https:\/\/www.tamaulipas.gob.mx\/trabajo\/wp-json\/wp\/v2\/posts\/1538\/revisions"}],"predecessor-version":[{"id":1545,"href":"https:\/\/www.tamaulipas.gob.mx\/trabajo\/wp-json\/wp\/v2\/posts\/1538\/revisions\/1545"}],"wp:featuredmedia":[{"embeddable":true,"href":"https:\/\/www.tamaulipas.gob.mx\/trabajo\/wp-json\/wp\/v2\/media\/1542"}],"wp:attachment":[{"href":"https:\/\/www.tamaulipas.gob.mx\/trabajo\/wp-json\/wp\/v2\/media?parent=1538"}],"wp:term":[{"taxonomy":"category","embeddable":true,"href":"https:\/\/www.tamaulipas.gob.mx\/trabajo\/wp-json\/wp\/v2\/categories?post=1538"},{"taxonomy":"post_tag","embeddable":true,"href":"https:\/\/www.tamaulipas.gob.mx\/trabajo\/wp-json\/wp\/v2\/tags?post=1538"}],"curies":[{"name":"wp","href":"https:\/\/api.w.org\/{rel}","templated":true}]}}