{"id":1524,"date":"2020-07-02T22:00:34","date_gmt":"2020-07-03T03:00:34","guid":{"rendered":"https:\/\/www.tamaulipas.gob.mx\/trabajo\/?p=1524"},"modified":"2020-07-07T17:00:50","modified_gmt":"2020-07-07T22:00:50","slug":"gobierno-del-estado-salvaguarda-y-vigila-el-cumplimiento-de-la-normatividad-laboral","status":"publish","type":"post","link":"https:\/\/www.tamaulipas.gob.mx\/trabajo\/2020\/07\/gobierno-del-estado-salvaguarda-y-vigila-el-cumplimiento-de-la-normatividad-laboral\/","title":{"rendered":"Gobierno del Estado salvaguarda y vigila el cumplimiento de la normatividad laboral"},"content":{"rendered":"<p><em><strong>Refuerzan estrategia de exhorto para que patrones cumplan con medidas sanitarias y pago de PTU.<\/strong><\/em><\/p>\n<p style=\"text-align: right;\">ST-042-2020<\/p>\n<p>Julio 02 del 2020<\/p>\n<p style=\"text-align: justify;\">Ciudad Victoria Tamaulipas.- Vigilar el cumplimiento de las normas de trabajo, en espec\u00edfico de seguridad y salud, condiciones generales y derechos laborales, es prioridad para el gobierno, durante la emergencia sanitaria por COVID-19, dijo el Secretario del Trabajo, Miguel \u00c1ngel Villarreal Ongay.<\/p>\n<p style=\"text-align: justify;\">A trav\u00e9s de la Direcci\u00f3n de Inspecci\u00f3n y Previsi\u00f3n Social, se presta atenci\u00f3n a que patrones cumplan con lo que marca la Ley Federal del Trabajo, y junto con la Coordinaci\u00f3n Estatal para la Protecci\u00f3n contra Riesgos Sanitarios (Coepris), las disposiciones emitidas por el Comit\u00e9 Estatal de Seguridad y Salud.<\/p>\n<p style=\"text-align: justify;\">A ra\u00edz del regreso a la \u201cFase 1\u201d en Tamaulipas, derivado a la contingencia, se reforz\u00f3 la estrategia de exhortos, a fin de que empresas consideradas como esenciales, cumplan con las obligaciones hacia sus trabajadores, mediante la entrega de insumos como: cubrebocas, agua, jab\u00f3n, antibacterial, sanitizaci\u00f3n de \u00e1reas, transporte de personal y tapetes sanitizantes, pero principalmente en la Participaci\u00f3n de los Trabajadores en las Utilidades (PTU), correspondiente al ejercicio fiscal 2019.<\/p>\n<p style=\"text-align: justify;\">\u201cEl Gobernador Francisco Garc\u00eda Cabeza de Vaca, nos enfatiz\u00f3 ser responsables con los trabajadores, proteger su salud y garantizarles sus prestaciones: salario y su participaci\u00f3n en las utilidades, y eso estamos haciendo\u201d, dijo el funcionario.<\/p>\n<p style=\"text-align: justify;\">V\u00eda telef\u00f3nica se ha brindado asesor\u00eda e informaci\u00f3n del PTU a trabajadores de diversos municipios como Ciudad Victoria, Tampico, Nuevo Laredo, Miguel Alem\u00e1n, y a trabajadores de entidades federativas residentes en la Ciudad de M\u00e9xico, Nuevo Le\u00f3n y San Luis Potos\u00ed, y se han atendido m\u00e1s de 25 inconvenientes relacionados al incumplimiento de medidas sanitarias en los centros de trabajo.<\/p>\n<p style=\"text-align: justify;\">En cuanto a las utilidades, record\u00f3 que la fecha de pago para las personas morales culmin\u00f3 el pasado 29 de mayo, sin embargo para las personas f\u00edsicas, el periodo se ampli\u00f3 hasta el 31 de agosto del 2020, toda vez que el SAT prorrog\u00f3 la entrega de declaraciones anuales hasta el 30 de junio.<\/p>\n<p style=\"text-align: justify;\">La Direcci\u00f3n de Inspecci\u00f3n y Previsi\u00f3n Social, contempla prolongar el proceso de verificaci\u00f3n e inspecci\u00f3n para por lo menos 300 establecimientos y empresas, procurando se siga dando la armon\u00eda de las relaciones entre el trabajador y patr\u00f3n, as\u00ed como las disciplinas para proteger la salud y seguridad de quienes se ven inmersos en el \u00e1mbito laboral.<\/p>\n<p style=\"text-align: center;\">###<\/p>\n<p>&nbsp;<\/p>\n<div class='owl-gallery'><div class='item'><a href='https:\/\/www.tamaulipas.gob.mx\/trabajo\/wp-content\/uploads\/sites\/11\/2020\/07\/boletin_vigilancia_01.jpeg' rel='galeria'><img src='https:\/\/www.tamaulipas.gob.mx\/trabajo\/wp-content\/uploads\/sites\/11\/2020\/07\/boletin_vigilancia_01-850x500.jpeg' srcset='' sizes='auto' alt=''><\/a><figcaption><\/figcaption><\/div><div class='item'><a href='https:\/\/www.tamaulipas.gob.mx\/trabajo\/wp-content\/uploads\/sites\/11\/2020\/07\/boletin_vigilancia_02.jpeg' rel='galeria'><img src='https:\/\/www.tamaulipas.gob.mx\/trabajo\/wp-content\/uploads\/sites\/11\/2020\/07\/boletin_vigilancia_02-850x500.jpeg' srcset='' sizes='auto' alt=''><\/a><figcaption><\/figcaption><\/div><div class='item'><a href='https:\/\/www.tamaulipas.gob.mx\/trabajo\/wp-content\/uploads\/sites\/11\/2020\/07\/boletin_vigilancia_03.jpeg' rel='galeria'><img src='https:\/\/www.tamaulipas.gob.mx\/trabajo\/wp-content\/uploads\/sites\/11\/2020\/07\/boletin_vigilancia_03-850x500.jpeg' srcset='' sizes='auto' alt=''><\/a><figcaption><\/figcaption><\/div><div class='item'><a href='https:\/\/www.tamaulipas.gob.mx\/trabajo\/wp-content\/uploads\/sites\/11\/2020\/07\/boletin_vigilancia_04.jpeg' rel='galeria'><img src='https:\/\/www.tamaulipas.gob.mx\/trabajo\/wp-content\/uploads\/sites\/11\/2020\/07\/boletin_vigilancia_04-850x500.jpeg' srcset='' sizes='auto' alt=''><\/a><figcaption><\/figcaption><\/div><div class='item'><a href='https:\/\/www.tamaulipas.gob.mx\/trabajo\/wp-content\/uploads\/sites\/11\/2020\/07\/boletin_vigilancia_05.jpeg' rel='galeria'><img src='https:\/\/www.tamaulipas.gob.mx\/trabajo\/wp-content\/uploads\/sites\/11\/2020\/07\/boletin_vigilancia_05-850x500.jpeg' srcset='' sizes='auto' alt=''><\/a><figcaption><\/figcaption><\/div><div class='item'><a href='https:\/\/www.tamaulipas.gob.mx\/trabajo\/wp-content\/uploads\/sites\/11\/2020\/07\/boletin_vigilancia_06.jpeg' rel='galeria'><img src='https:\/\/www.tamaulipas.gob.mx\/trabajo\/wp-content\/uploads\/sites\/11\/2020\/07\/boletin_vigilancia_06-850x500.jpeg' srcset='' sizes='auto' alt=''><\/a><figcaption><\/figcaption><\/div><div class='item'><a href='https:\/\/www.tamaulipas.gob.mx\/trabajo\/wp-content\/uploads\/sites\/11\/2020\/07\/boletin_vigilancia_07.jpeg' rel='galeria'><img src='https:\/\/www.tamaulipas.gob.mx\/trabajo\/wp-content\/uploads\/sites\/11\/2020\/07\/boletin_vigilancia_07-850x500.jpeg' srcset='' sizes='auto' alt=''><\/a><figcaption><\/figcaption><\/div><div class='item'><a href='https:\/\/www.tamaulipas.gob.mx\/trabajo\/wp-content\/uploads\/sites\/11\/2020\/07\/boletin_vigilancia_08.jpeg' rel='galeria'><img src='https:\/\/www.tamaulipas.gob.mx\/trabajo\/wp-content\/uploads\/sites\/11\/2020\/07\/boletin_vigilancia_08-850x500.jpeg' srcset='' sizes='auto' alt=''><\/a><figcaption><\/figcaption><\/div><div class='item'><a href='https:\/\/www.tamaulipas.gob.mx\/trabajo\/wp-content\/uploads\/sites\/11\/2020\/07\/boletin_vigilancia_09.jpeg' rel='galeria'><img src='https:\/\/www.tamaulipas.gob.mx\/trabajo\/wp-content\/uploads\/sites\/11\/2020\/07\/boletin_vigilancia_09-850x500.jpeg' srcset='' sizes='auto' alt=''><\/a><figcaption><\/figcaption><\/div><div class='item'><a href='https:\/\/www.tamaulipas.gob.mx\/trabajo\/wp-content\/uploads\/sites\/11\/2020\/07\/boletin_vigilancia_10.jpeg' rel='galeria'><img src='https:\/\/www.tamaulipas.gob.mx\/trabajo\/wp-content\/uploads\/sites\/11\/2020\/07\/boletin_vigilancia_10-850x500.jpeg' srcset='' sizes='auto' alt=''><\/a><figcaption><\/figcaption><\/div><div class='item'><a href='https:\/\/www.tamaulipas.gob.mx\/trabajo\/wp-content\/uploads\/sites\/11\/2020\/07\/boletin_vigilancia_11.jpeg' rel='galeria'><img src='https:\/\/www.tamaulipas.gob.mx\/trabajo\/wp-content\/uploads\/sites\/11\/2020\/07\/boletin_vigilancia_11-850x500.jpeg' srcset='' sizes='auto' alt=''><\/a><figcaption><\/figcaption><\/div><div class='item'><a href='https:\/\/www.tamaulipas.gob.mx\/trabajo\/wp-content\/uploads\/sites\/11\/2020\/07\/boletin_vigilancia_12.jpeg' rel='galeria'><img src='https:\/\/www.tamaulipas.gob.mx\/trabajo\/wp-content\/uploads\/sites\/11\/2020\/07\/boletin_vigilancia_12-850x500.jpeg' srcset='' sizes='auto' alt=''><\/a><figcaption><\/figcaption><\/div><\/div>\n","protected":false},"excerpt":{"rendered":"<p>Refuerzan estrategia de exhorto para que patrones cumplan con medidas sanitarias y pago de PTU. ST-042-2020 Julio 02 del 2020 Ciudad Victoria Tamaulipas.- Vigilar el\u2026<\/p>\n","protected":false},"author":63,"featured_media":1532,"comment_status":"closed","ping_status":"closed","sticky":false,"template":"","format":"standard","meta":{"footnotes":""},"categories":[1],"tags":[],"class_list":["post-1524","post","type-post","status-publish","format-standard","has-post-thumbnail","hentry","category-prensa"],"publishpress_future_action":{"enabled":false,"date":"2026-05-08 12:49:17","action":"change-status","newStatus":"draft","terms":[],"taxonomy":"category"},"_links":{"self":[{"href":"https:\/\/www.tamaulipas.gob.mx\/trabajo\/wp-json\/wp\/v2\/posts\/1524"}],"collection":[{"href":"https:\/\/www.tamaulipas.gob.mx\/trabajo\/wp-json\/wp\/v2\/posts"}],"about":[{"href":"https:\/\/www.tamaulipas.gob.mx\/trabajo\/wp-json\/wp\/v2\/types\/post"}],"author":[{"embeddable":true,"href":"https:\/\/www.tamaulipas.gob.mx\/trabajo\/wp-json\/wp\/v2\/users\/63"}],"replies":[{"embeddable":true,"href":"https:\/\/www.tamaulipas.gob.mx\/trabajo\/wp-json\/wp\/v2\/comments?post=1524"}],"version-history":[{"count":1,"href":"https:\/\/www.tamaulipas.gob.mx\/trabajo\/wp-json\/wp\/v2\/posts\/1524\/revisions"}],"predecessor-version":[{"id":1537,"href":"https:\/\/www.tamaulipas.gob.mx\/trabajo\/wp-json\/wp\/v2\/posts\/1524\/revisions\/1537"}],"wp:featuredmedia":[{"embeddable":true,"href":"https:\/\/www.tamaulipas.gob.mx\/trabajo\/wp-json\/wp\/v2\/media\/1532"}],"wp:attachment":[{"href":"https:\/\/www.tamaulipas.gob.mx\/trabajo\/wp-json\/wp\/v2\/media?parent=1524"}],"wp:term":[{"taxonomy":"category","embeddable":true,"href":"https:\/\/www.tamaulipas.gob.mx\/trabajo\/wp-json\/wp\/v2\/categories?post=1524"},{"taxonomy":"post_tag","embeddable":true,"href":"https:\/\/www.tamaulipas.gob.mx\/trabajo\/wp-json\/wp\/v2\/tags?post=1524"}],"curies":[{"name":"wp","href":"https:\/\/api.w.org\/{rel}","templated":true}]}}