{"id":1511,"date":"2020-06-23T22:00:56","date_gmt":"2020-06-24T03:00:56","guid":{"rendered":"https:\/\/www.tamaulipas.gob.mx\/trabajo\/?p=1511"},"modified":"2020-06-25T15:26:42","modified_gmt":"2020-06-25T20:26:42","slug":"ofrece-gobierno-del-estado-programas-de-apoyo-y-oferta-de-trabajo-virtual-a-tamaulipecos-buscadores-de-empleo","status":"publish","type":"post","link":"https:\/\/www.tamaulipas.gob.mx\/trabajo\/2020\/06\/ofrece-gobierno-del-estado-programas-de-apoyo-y-oferta-de-trabajo-virtual-a-tamaulipecos-buscadores-de-empleo\/","title":{"rendered":"Ofrece Gobierno del Estado programas de apoyo y oferta de trabajo virtual a tamaulipecos buscadores de empleo"},"content":{"rendered":"<p><em><strong>La intenci\u00f3n es acercar la bolsa de trabajo y dem\u00e1s servicios, y coadyuvar de esta manera con el bienestar laboral de las personas y el desarrollo econ\u00f3mico de Tamaulipas.<\/strong><\/em><\/p>\n<p style=\"text-align: right;\">ST-040-2020<\/p>\n<p style=\"text-align: justify;\">Junio 23 del 2020<\/p>\n<p style=\"text-align: justify;\">Ciudad Victoria Tamaulipas.- Mediante los programas de apoyo al empleo y la oferta de trabajo formal, el Gobierno del Estado genera oportunidades laborales, para que familias alcancen las condiciones necesarias de vida.<\/p>\n<p style=\"text-align: justify;\">Lo anterior, lo dio a conocer el encargado de la pol\u00edtica laboral, Miguel \u00c1ngel Villarreal Ongay, al referirse a los servicios que se brindan a trav\u00e9s de la Secretar\u00eda del Trabajo, pese a la contingencia sanitaria por COVID-19.<\/p>\n<p style=\"text-align: justify;\">En coordinaci\u00f3n con el Servicio Nacional de Empleo Tamaulipas, se est\u00e1 desarrollando una serie de eventos virtuales, para atender la demanda laboral solicitada por los buscadores de empleo.<\/p>\n<p style=\"text-align: justify;\">\u201cArrancamos con esta estrategia, la intenci\u00f3n es acercar la bolsa de trabajo y dem\u00e1s servicios, y coadyuvar de esta manera con el bienestar laboral de las personas y el desarrollo econ\u00f3mico de Tamaulipas\u201d, indic\u00f3.<\/p>\n<p style=\"text-align: justify;\">Expuso que tan s\u00f3lo el pasado 18 de junio, se interactu\u00f3 por medio de la plataforma Zoom con m\u00e1s de 70 personas interesadas en la vacante para Polic\u00eda de Servicio de Protecci\u00f3n Federal, de la cual se cuenta con la oferta de 450 plazas.<\/p>\n<p style=\"text-align: justify;\">Ante los inconvenientes ocasionados por la pandemia, Villarreal Ongay se\u00f1al\u00f3 que se han tomado medidas de acuerdo a las recomendaciones emitidas por el Comit\u00e9 Estatal de Seguridad en Salud, a fin de seguir cuidando la integridad y salud de patrones y tamaulipecos.<\/p>\n<p style=\"text-align: justify;\">Dijo que en la entidad hay siete Unidades Regionales del SNETam en los principales municipios, y estas mantienen oferta de trabajo tanto para el sector comercial, industrial, de servicios y gobierno, dirigidos a operarios, t\u00e9cnicos y profesionistas.<\/p>\n<p style=\"text-align: justify;\">El funcionario invit\u00f3 a los interesados a participar de los pr\u00f3ximos Talleres Virtuales para Buscadores de Empleo, Ferias Virtuales de Empleo y Jornadas Virtuales de Reclutamiento, las cuales ya se tienen programadas, solo dijo hay que buscar las fechas en las publicaciones que se realizan en las redes sociales de la Secretar\u00eda del Trabajo y SNETam.<\/p>\n<p style=\"text-align: center;\">###<\/p>\n<div class='owl-gallery'><div class='item'><a href='https:\/\/www.tamaulipas.gob.mx\/trabajo\/wp-content\/uploads\/sites\/11\/2020\/06\/reclutamiento_pf_01.jpeg' rel='galeria'><img src='https:\/\/www.tamaulipas.gob.mx\/trabajo\/wp-content\/uploads\/sites\/11\/2020\/06\/reclutamiento_pf_01-850x500.jpeg' srcset='' sizes='auto' alt=''><\/a><figcaption><\/figcaption><\/div><div class='item'><a href='https:\/\/www.tamaulipas.gob.mx\/trabajo\/wp-content\/uploads\/sites\/11\/2020\/06\/reclutamiento_pf_02.jpeg' rel='galeria'><img src='https:\/\/www.tamaulipas.gob.mx\/trabajo\/wp-content\/uploads\/sites\/11\/2020\/06\/reclutamiento_pf_02-850x500.jpeg' srcset='' sizes='auto' alt=''><\/a><figcaption><\/figcaption><\/div><div class='item'><a href='https:\/\/www.tamaulipas.gob.mx\/trabajo\/wp-content\/uploads\/sites\/11\/2020\/06\/reclutamiento_pf_03.jpeg' rel='galeria'><img src='https:\/\/www.tamaulipas.gob.mx\/trabajo\/wp-content\/uploads\/sites\/11\/2020\/06\/reclutamiento_pf_03-850x500.jpeg' srcset='' sizes='auto' alt=''><\/a><figcaption><\/figcaption><\/div><div class='item'><a href='https:\/\/www.tamaulipas.gob.mx\/trabajo\/wp-content\/uploads\/sites\/11\/2020\/06\/reclutamiento_pf_04.jpeg' rel='galeria'><img src='https:\/\/www.tamaulipas.gob.mx\/trabajo\/wp-content\/uploads\/sites\/11\/2020\/06\/reclutamiento_pf_04-850x500.jpeg' srcset='' sizes='auto' alt=''><\/a><figcaption><\/figcaption><\/div><div class='item'><a href='https:\/\/www.tamaulipas.gob.mx\/trabajo\/wp-content\/uploads\/sites\/11\/2020\/06\/reclutamiento_pf_06.jpeg' rel='galeria'><img src='https:\/\/www.tamaulipas.gob.mx\/trabajo\/wp-content\/uploads\/sites\/11\/2020\/06\/reclutamiento_pf_06-850x500.jpeg' srcset='' sizes='auto' alt=''><\/a><figcaption><\/figcaption><\/div><div class='item'><a href='https:\/\/www.tamaulipas.gob.mx\/trabajo\/wp-content\/uploads\/sites\/11\/2020\/06\/reclutamiento_pf_07.jpeg' rel='galeria'><img src='https:\/\/www.tamaulipas.gob.mx\/trabajo\/wp-content\/uploads\/sites\/11\/2020\/06\/reclutamiento_pf_07-850x500.jpeg' srcset='' sizes='auto' alt=''><\/a><figcaption><\/figcaption><\/div><\/div>\n","protected":false},"excerpt":{"rendered":"<p>La intenci\u00f3n es acercar la bolsa de trabajo y dem\u00e1s servicios, y coadyuvar de esta manera con el bienestar laboral de las personas y el\u2026<\/p>\n","protected":false},"author":63,"featured_media":1513,"comment_status":"closed","ping_status":"closed","sticky":false,"template":"","format":"standard","meta":{"footnotes":""},"categories":[1],"tags":[],"class_list":["post-1511","post","type-post","status-publish","format-standard","has-post-thumbnail","hentry","category-prensa"],"publishpress_future_action":{"enabled":false,"date":"2026-05-08 12:49:18","action":"change-status","newStatus":"draft","terms":[],"taxonomy":"category"},"_links":{"self":[{"href":"https:\/\/www.tamaulipas.gob.mx\/trabajo\/wp-json\/wp\/v2\/posts\/1511"}],"collection":[{"href":"https:\/\/www.tamaulipas.gob.mx\/trabajo\/wp-json\/wp\/v2\/posts"}],"about":[{"href":"https:\/\/www.tamaulipas.gob.mx\/trabajo\/wp-json\/wp\/v2\/types\/post"}],"author":[{"embeddable":true,"href":"https:\/\/www.tamaulipas.gob.mx\/trabajo\/wp-json\/wp\/v2\/users\/63"}],"replies":[{"embeddable":true,"href":"https:\/\/www.tamaulipas.gob.mx\/trabajo\/wp-json\/wp\/v2\/comments?post=1511"}],"version-history":[{"count":2,"href":"https:\/\/www.tamaulipas.gob.mx\/trabajo\/wp-json\/wp\/v2\/posts\/1511\/revisions"}],"predecessor-version":[{"id":1520,"href":"https:\/\/www.tamaulipas.gob.mx\/trabajo\/wp-json\/wp\/v2\/posts\/1511\/revisions\/1520"}],"wp:featuredmedia":[{"embeddable":true,"href":"https:\/\/www.tamaulipas.gob.mx\/trabajo\/wp-json\/wp\/v2\/media\/1513"}],"wp:attachment":[{"href":"https:\/\/www.tamaulipas.gob.mx\/trabajo\/wp-json\/wp\/v2\/media?parent=1511"}],"wp:term":[{"taxonomy":"category","embeddable":true,"href":"https:\/\/www.tamaulipas.gob.mx\/trabajo\/wp-json\/wp\/v2\/categories?post=1511"},{"taxonomy":"post_tag","embeddable":true,"href":"https:\/\/www.tamaulipas.gob.mx\/trabajo\/wp-json\/wp\/v2\/tags?post=1511"}],"curies":[{"name":"wp","href":"https:\/\/api.w.org\/{rel}","templated":true}]}}