{"id":1503,"date":"2020-06-18T22:00:51","date_gmt":"2020-06-19T03:00:51","guid":{"rendered":"https:\/\/www.tamaulipas.gob.mx\/trabajo\/?p=1503"},"modified":"2020-06-19T14:07:40","modified_gmt":"2020-06-19T19:07:40","slug":"gobierno-de-tamaulipas-se-mantiene-atento-a-salud-de-trabajadores-ubicados-en-granjas-de-canada","status":"publish","type":"post","link":"https:\/\/www.tamaulipas.gob.mx\/trabajo\/2020\/06\/gobierno-de-tamaulipas-se-mantiene-atento-a-salud-de-trabajadores-ubicados-en-granjas-de-canada\/","title":{"rendered":"Gobierno de Tamaulipas se mantiene atento a salud de trabajadores ubicados en granjas de Canad\u00e1"},"content":{"rendered":"<p style=\"text-align: justify;\"><em><strong>El Gobernador solicit\u00f3 especial atenci\u00f3n a tamaulipecos que laboran en otros pa\u00edses, a fin de que se les garantice no solo un trabajo formal, sino la salud y su bienestar.<\/strong><\/em><\/p>\n<p style=\"text-align: justify;\">ST-039-2020<\/p>\n<p style=\"text-align: justify;\">Junio 18 del 2020<\/p>\n<p style=\"text-align: justify;\">Ciudad Victoria Tamaulipas.- El Gobierno de Tamaulipas vigila se apliquen las medidas sanitarias pertinentes para prevenir el contagio de COVID-19, en trabajadores de esta entidad que migran legalmente a granjas de Canad\u00e1 para el cultivo de frutos, granos y hortalizas.<\/p>\n<p style=\"text-align: justify;\">Lo anterior lo dieron a conocer autoridades laborales, a cargo del Programa de Trabajadores Agr\u00edcolas Temporales M\u00e9xico-Canad\u00e1 que opera el SNETam, al conocerse el deceso de dos personas quienes \u00a0se descart\u00f3 fueran originarias de Tamaulipas.<\/p>\n<p style=\"text-align: justify;\">El Secretario del Trabajo, Miguel \u00c1ngel Villarreal Ongay, coment\u00f3 que se trat\u00f3 de un trabajador residente en Puebla que fue enviado a trav\u00e9s del SNE, y de una persona que se intern\u00f3 por su cuenta a Canad\u00e1 buscando nuevas oportunidades de vida.<\/p>\n<p style=\"text-align: justify;\">Dicha situaci\u00f3n gener\u00f3 versiones sobre la suspensi\u00f3n temporal del programa PTAT, sin embargo el funcionario aclar\u00f3 que en la entidad, dicho esquema se mantiene con normalidad y operando.<\/p>\n<p style=\"text-align: justify;\">\u201cEl Gobernador, Francisco Garc\u00eda Cabeza de Vaca, nos solicit\u00f3 poner especial atenci\u00f3n en aquellos tamaulipecos que laboran en otros pa\u00edses, a fin de que se les garantice no solo un trabajo formal, sino la salud y su bienestar\u201d, dijo.<\/p>\n<p style=\"text-align: justify;\">Actualmente se han enviado a por lo menos 300 trabajadores de 411 que se tienen programados para el 2020 a granjas ubicadas en diversas provincias, y se cumplen protocolos sanitarios impuestos tanto por el gobierno de M\u00e9xico y Canad\u00e1, as\u00ed como una cuarentena obligatoria.<\/p>\n<p style=\"text-align: justify;\">El funcionario se\u00f1al\u00f3 que ante la contingencia sanitaria, se requiri\u00f3 al gobierno extranjero as\u00ed como a los empleadores, respetar los contratos del a\u00f1o 2021, as\u00ed como sus derechos y decisiones, de aquellos trabajadores que buscan abstenerse de viajar y salir de M\u00e9xico.<\/p>\n<p style=\"text-align: justify;\">Refiri\u00f3 que a la fecha ninguno de los inscritos en el programa ha reportado problemas de salud ni se ha quedado fuera de su ciclo agr\u00edcola, y todos han respondido y respetado las medidas sanitarias.<\/p>\n<p style=\"text-align: center;\">###<\/p>\n<div class='owl-gallery'><div class='item'><a href='https:\/\/www.tamaulipas.gob.mx\/trabajo\/wp-content\/uploads\/sites\/11\/2020\/06\/ptat2020_01.jpeg' rel='galeria'><img src='https:\/\/www.tamaulipas.gob.mx\/trabajo\/wp-content\/uploads\/sites\/11\/2020\/06\/ptat2020_01-850x500.jpeg' srcset='' sizes='auto' alt=''><\/a><figcaption><\/figcaption><\/div><div class='item'><a href='https:\/\/www.tamaulipas.gob.mx\/trabajo\/wp-content\/uploads\/sites\/11\/2020\/06\/ptat2020_02.jpeg' rel='galeria'><img src='https:\/\/www.tamaulipas.gob.mx\/trabajo\/wp-content\/uploads\/sites\/11\/2020\/06\/ptat2020_02-850x500.jpeg' srcset='' sizes='auto' alt=''><\/a><figcaption><\/figcaption><\/div><div class='item'><a href='https:\/\/www.tamaulipas.gob.mx\/trabajo\/wp-content\/uploads\/sites\/11\/2020\/06\/ptat2020_03.jpeg' rel='galeria'><img src='https:\/\/www.tamaulipas.gob.mx\/trabajo\/wp-content\/uploads\/sites\/11\/2020\/06\/ptat2020_03-850x500.jpeg' srcset='' sizes='auto' alt=''><\/a><figcaption><\/figcaption><\/div><div class='item'><a href='https:\/\/www.tamaulipas.gob.mx\/trabajo\/wp-content\/uploads\/sites\/11\/2020\/06\/ptat2020_04.jpeg' rel='galeria'><img src='https:\/\/www.tamaulipas.gob.mx\/trabajo\/wp-content\/uploads\/sites\/11\/2020\/06\/ptat2020_04-850x500.jpeg' srcset='' sizes='auto' alt=''><\/a><figcaption><\/figcaption><\/div><\/div>\n","protected":false},"excerpt":{"rendered":"<p>El Gobernador solicit\u00f3 especial atenci\u00f3n a tamaulipecos que laboran en otros pa\u00edses, a fin de que se les garantice no solo un trabajo formal, sino\u2026<\/p>\n","protected":false},"author":63,"featured_media":1505,"comment_status":"closed","ping_status":"closed","sticky":false,"template":"","format":"standard","meta":{"footnotes":""},"categories":[1],"tags":[],"class_list":["post-1503","post","type-post","status-publish","format-standard","has-post-thumbnail","hentry","category-prensa"],"publishpress_future_action":{"enabled":false,"date":"2026-05-08 12:48:21","action":"change-status","newStatus":"draft","terms":[],"taxonomy":"category"},"_links":{"self":[{"href":"https:\/\/www.tamaulipas.gob.mx\/trabajo\/wp-json\/wp\/v2\/posts\/1503"}],"collection":[{"href":"https:\/\/www.tamaulipas.gob.mx\/trabajo\/wp-json\/wp\/v2\/posts"}],"about":[{"href":"https:\/\/www.tamaulipas.gob.mx\/trabajo\/wp-json\/wp\/v2\/types\/post"}],"author":[{"embeddable":true,"href":"https:\/\/www.tamaulipas.gob.mx\/trabajo\/wp-json\/wp\/v2\/users\/63"}],"replies":[{"embeddable":true,"href":"https:\/\/www.tamaulipas.gob.mx\/trabajo\/wp-json\/wp\/v2\/comments?post=1503"}],"version-history":[{"count":2,"href":"https:\/\/www.tamaulipas.gob.mx\/trabajo\/wp-json\/wp\/v2\/posts\/1503\/revisions"}],"predecessor-version":[{"id":1509,"href":"https:\/\/www.tamaulipas.gob.mx\/trabajo\/wp-json\/wp\/v2\/posts\/1503\/revisions\/1509"}],"wp:featuredmedia":[{"embeddable":true,"href":"https:\/\/www.tamaulipas.gob.mx\/trabajo\/wp-json\/wp\/v2\/media\/1505"}],"wp:attachment":[{"href":"https:\/\/www.tamaulipas.gob.mx\/trabajo\/wp-json\/wp\/v2\/media?parent=1503"}],"wp:term":[{"taxonomy":"category","embeddable":true,"href":"https:\/\/www.tamaulipas.gob.mx\/trabajo\/wp-json\/wp\/v2\/categories?post=1503"},{"taxonomy":"post_tag","embeddable":true,"href":"https:\/\/www.tamaulipas.gob.mx\/trabajo\/wp-json\/wp\/v2\/tags?post=1503"}],"curies":[{"name":"wp","href":"https:\/\/api.w.org\/{rel}","templated":true}]}}