{"id":1494,"date":"2020-06-15T22:00:43","date_gmt":"2020-06-16T03:00:43","guid":{"rendered":"https:\/\/www.tamaulipas.gob.mx\/trabajo\/?p=1494"},"modified":"2020-06-17T14:05:56","modified_gmt":"2020-06-17T19:05:56","slug":"aplazan-atencion-hasta-el-30-de-junio-en-juntas-de-conciliacion-y-arbitraje-de-tamaulipas","status":"publish","type":"post","link":"https:\/\/www.tamaulipas.gob.mx\/trabajo\/2020\/06\/aplazan-atencion-hasta-el-30-de-junio-en-juntas-de-conciliacion-y-arbitraje-de-tamaulipas\/","title":{"rendered":"Aplazan atenci\u00f3n hasta el 30 de junio en Juntas de Conciliaci\u00f3n y Arbitraje de Tamaulipas"},"content":{"rendered":"<p><em><strong>Como medida se busca evitar la concentraci\u00f3n de personas y la propagaci\u00f3n del virus.<\/strong><\/em><\/p>\n<p style=\"text-align: right;\">ST-038-2020<\/p>\n<p>Junio 15 del 2020<\/p>\n<p style=\"text-align: justify;\">Ciudad Victoria Tamaulipas.- Para proteger la salud de las personas y dar cumplimiento a las medidas de seguridad sanitaria contempladas ante la propagaci\u00f3n del virus SARS CoV2, (COVID-19), el Pleno de la Junta Local de Conciliaci\u00f3n y Arbitraje decidi\u00f3 extender nuevamente la atenci\u00f3n a usuarios, abogados y p\u00fablico en general.<\/p>\n<p style=\"text-align: justify;\">Atendiendo el acuerdo gubernamental publicado en el Peri\u00f3dico Oficial del Estado, del 16 al 30 de junio del presente a\u00f1o, no correr\u00e1n los plazos previstos en los ordenamientos jur\u00eddicos aplicables a los procedimientos a cargo de dicha dependencia y entidades.<\/p>\n<p style=\"text-align: justify;\">El Secretario del Trabajo, Miguel \u00c1ngel Villarreal Ongay, dijo que como medida se busca evitar la concentraci\u00f3n de personas y la propagaci\u00f3n del virus, por lo tanto seguir\u00e1 vigente la \u201cVentanilla \u00danica\u201d, y la restricci\u00f3n de quienes busquen realizar alg\u00fan proceso jur\u00eddico.<\/p>\n<p style=\"text-align: justify;\">\u201cEl Gobernador Francisco Garc\u00eda Cabeza de Vaca, dio instrucciones para que los servidores p\u00fablicos contin\u00faen realizando sus labores encomendadas desde casa, nosotros acatamos las recomendaciones descritas ante la emergencia sanitaria por causa de fuerza mayor\u201d, dijo.<\/p>\n<p style=\"text-align: justify;\">Record\u00f3 que dicha pr\u00f3rroga, no modifica ni suspende los anteriores acuerdos y a trav\u00e9s de las estrategias dise\u00f1adas, como lo es la \u201cVentanilla \u00danica\u201d, se siguen recepcionando las demandas individuales por despido, promociones o documentos de personas f\u00edsicas como sindicatos, tanto de la Junta Local como de las Juntas Especiales.<\/p>\n<p style=\"text-align: justify;\">Tambi\u00e9n aclar\u00f3 que toda recepci\u00f3n de documentos o diligencias, ser\u00e1n acordados y tramitados en su orden, hasta el d\u00eda h\u00e1bil siguiente que se reinicien las labores, al igual reiter\u00f3 la suspensi\u00f3n de las audiencias y diligencias programadas por el periodo de duraci\u00f3n de la emergencia sanitaria.<\/p>\n<p style=\"text-align: justify;\">El funcionario enfatiz\u00f3 que no correr\u00e1n los t\u00e9rminos legales en los procedimientos laborales de car\u00e1cter individual o colectivo, y se estableci\u00f3 determinar las medidas sanitarias de higiene y seguridad escalonadamente, las cuales habr\u00e1n de dictarse mediante acuerdo del pleno.<\/p>\n<p style=\"text-align: center;\">###<\/p>\n<div class='owl-gallery'><div class='item'><a href='https:\/\/www.tamaulipas.gob.mx\/trabajo\/wp-content\/uploads\/sites\/11\/2020\/06\/boletin_plazo_01.jpeg' rel='galeria'><img src='https:\/\/www.tamaulipas.gob.mx\/trabajo\/wp-content\/uploads\/sites\/11\/2020\/06\/boletin_plazo_01-850x500.jpeg' srcset='' sizes='auto' alt=''><\/a><figcaption><\/figcaption><\/div><div class='item'><a href='https:\/\/www.tamaulipas.gob.mx\/trabajo\/wp-content\/uploads\/sites\/11\/2020\/06\/boletin_plazo_02.jpeg' rel='galeria'><img src='https:\/\/www.tamaulipas.gob.mx\/trabajo\/wp-content\/uploads\/sites\/11\/2020\/06\/boletin_plazo_02-850x500.jpeg' srcset='' sizes='auto' alt=''><\/a><figcaption><\/figcaption><\/div><div class='item'><a href='https:\/\/www.tamaulipas.gob.mx\/trabajo\/wp-content\/uploads\/sites\/11\/2020\/06\/boletin_plazo_03.jpeg' rel='galeria'><img src='https:\/\/www.tamaulipas.gob.mx\/trabajo\/wp-content\/uploads\/sites\/11\/2020\/06\/boletin_plazo_03-850x500.jpeg' srcset='' sizes='auto' alt=''><\/a><figcaption><\/figcaption><\/div><div class='item'><a href='https:\/\/www.tamaulipas.gob.mx\/trabajo\/wp-content\/uploads\/sites\/11\/2020\/06\/boletin_plazo_04.jpeg' rel='galeria'><img src='https:\/\/www.tamaulipas.gob.mx\/trabajo\/wp-content\/uploads\/sites\/11\/2020\/06\/boletin_plazo_04-850x500.jpeg' srcset='' sizes='auto' alt=''><\/a><figcaption><\/figcaption><\/div><div class='item'><a href='https:\/\/www.tamaulipas.gob.mx\/trabajo\/wp-content\/uploads\/sites\/11\/2020\/06\/boletin_plazo_05.jpeg' rel='galeria'><img src='https:\/\/www.tamaulipas.gob.mx\/trabajo\/wp-content\/uploads\/sites\/11\/2020\/06\/boletin_plazo_05-850x500.jpeg' srcset='' sizes='auto' alt=''><\/a><figcaption><\/figcaption><\/div><\/div>\n","protected":false},"excerpt":{"rendered":"<p>Como medida se busca evitar la concentraci\u00f3n de personas y la propagaci\u00f3n del virus. ST-038-2020 Junio 15 del 2020 Ciudad Victoria Tamaulipas.- Para proteger la\u2026<\/p>\n","protected":false},"author":63,"featured_media":1495,"comment_status":"closed","ping_status":"closed","sticky":false,"template":"","format":"standard","meta":{"footnotes":""},"categories":[1],"tags":[],"class_list":["post-1494","post","type-post","status-publish","format-standard","has-post-thumbnail","hentry","category-prensa"],"publishpress_future_action":{"enabled":false,"date":"2026-05-08 12:40:50","action":"change-status","newStatus":"draft","terms":[],"taxonomy":"category"},"_links":{"self":[{"href":"https:\/\/www.tamaulipas.gob.mx\/trabajo\/wp-json\/wp\/v2\/posts\/1494"}],"collection":[{"href":"https:\/\/www.tamaulipas.gob.mx\/trabajo\/wp-json\/wp\/v2\/posts"}],"about":[{"href":"https:\/\/www.tamaulipas.gob.mx\/trabajo\/wp-json\/wp\/v2\/types\/post"}],"author":[{"embeddable":true,"href":"https:\/\/www.tamaulipas.gob.mx\/trabajo\/wp-json\/wp\/v2\/users\/63"}],"replies":[{"embeddable":true,"href":"https:\/\/www.tamaulipas.gob.mx\/trabajo\/wp-json\/wp\/v2\/comments?post=1494"}],"version-history":[{"count":2,"href":"https:\/\/www.tamaulipas.gob.mx\/trabajo\/wp-json\/wp\/v2\/posts\/1494\/revisions"}],"predecessor-version":[{"id":1501,"href":"https:\/\/www.tamaulipas.gob.mx\/trabajo\/wp-json\/wp\/v2\/posts\/1494\/revisions\/1501"}],"wp:featuredmedia":[{"embeddable":true,"href":"https:\/\/www.tamaulipas.gob.mx\/trabajo\/wp-json\/wp\/v2\/media\/1495"}],"wp:attachment":[{"href":"https:\/\/www.tamaulipas.gob.mx\/trabajo\/wp-json\/wp\/v2\/media?parent=1494"}],"wp:term":[{"taxonomy":"category","embeddable":true,"href":"https:\/\/www.tamaulipas.gob.mx\/trabajo\/wp-json\/wp\/v2\/categories?post=1494"},{"taxonomy":"post_tag","embeddable":true,"href":"https:\/\/www.tamaulipas.gob.mx\/trabajo\/wp-json\/wp\/v2\/tags?post=1494"}],"curies":[{"name":"wp","href":"https:\/\/api.w.org\/{rel}","templated":true}]}}