{"id":1487,"date":"2020-06-11T22:00:32","date_gmt":"2020-06-12T03:00:32","guid":{"rendered":"https:\/\/www.tamaulipas.gob.mx\/trabajo\/?p=1487"},"modified":"2020-06-12T11:15:55","modified_gmt":"2020-06-12T16:15:55","slug":"fortalecen-en-tamaulipas-acciones-para-erradicar-el-trabajo-infantil","status":"publish","type":"post","link":"https:\/\/www.tamaulipas.gob.mx\/trabajo\/2020\/06\/fortalecen-en-tamaulipas-acciones-para-erradicar-el-trabajo-infantil\/","title":{"rendered":"Fortalecen en Tamaulipas acciones para erradicar el trabajo infantil"},"content":{"rendered":"<p><em><strong>El Gobernador Francisco Garc\u00eda Cabeza de Vaca, instruy\u00f3 dise\u00f1ar y aplicar estrategias que contribuyan a evitar poner en riesgo la integridad f\u00edsica, mental, social y educativa de los menores.<\/strong><\/em><\/p>\n<p style=\"text-align: right;\">ST-037-2020<\/p>\n<p>Junio 11 del 2020<\/p>\n<p>Ciudad Victoria Tamaulipas.- En el marco del D\u00eda Internacional contra el Trabajo Infantil, \u00a0el Gobierno del Estado a trav\u00e9s de la Secretar\u00eda del Trabajo, impulsa y mantiene acciones para erradicar el problema social y dar protecci\u00f3n a quienes son v\u00edctimas del trabajo infantil y adolescentes trabajadores.<\/p>\n<p>Mediante la Direcci\u00f3n de Inspecci\u00f3n y Previsi\u00f3n Social, se mantiene vigilancia en centros de trabajo a fin de que se d\u00e9 cumplimiento a la Ley Federal del Trabajo, y se respeten los derechos de las personas en edad permitida para trabajar.<\/p>\n<p>El encargado de la pol\u00edtica laboral en la entidad, Miguel \u00c1ngel Villarreal Ongay, coment\u00f3 que ante el panorama que se vive por el COVID-19, los ni\u00f1os resultan susceptibles al trabajo infantil, por lo que el Gobernador Francisco Garc\u00eda Cabeza de Vaca, instruy\u00f3 dise\u00f1ar y aplicar estrategias que contribuyan a evitar poner en riesgo la integridad f\u00edsica, mental, social y educativa de los menores.<\/p>\n<p>\u201cLa Ley Federal del Trabajo es clara y no permite el trabajo de menores de 15 a\u00f1os, y s\u00f3lo con excepciones el trabajo de menores a los 18 a\u00f1os, en Tamaulipas buscamos poner fin al trabajo infantil en todas sus formas\u201d, dijo.<\/p>\n<p>Indic\u00f3 que en lo que va del a\u00f1o, inspectores del trabajo han realizado 389 visitas en diversos establecimientos, para verificar las Condiciones Generales de Trabajo y de Seguridad y Salud, sin que se haya encontrado a menores laborando fuera de lo que estipula la ley.<\/p>\n<p>El funcionario apunt\u00f3 que la crisis sanitaria representa un riesgo para enfrentar la erradicaci\u00f3n del trabajo infantil, derivado al impacto registrado en el sector econ\u00f3mico y laboral.<\/p>\n<p>Villarreal Ongay puso a disposici\u00f3n de las personas el telef\u00f3nico 01 800 821 2110, para denunciar de manera an\u00f3nima alguna irregularidad laboral, cometida en perjuicio de las ni\u00f1as, ni\u00f1os y adolescentes.<\/p>\n<p style=\"text-align: center;\">###<\/p>\n<div class='owl-gallery'><div class='item'><a href='https:\/\/www.tamaulipas.gob.mx\/trabajo\/wp-content\/uploads\/sites\/11\/2020\/06\/boletin_tbjoinfantil_01.jpeg' rel='galeria'><img src='https:\/\/www.tamaulipas.gob.mx\/trabajo\/wp-content\/uploads\/sites\/11\/2020\/06\/boletin_tbjoinfantil_01-850x500.jpeg' srcset='' sizes='auto' alt=''><\/a><figcaption><\/figcaption><\/div><div class='item'><a href='https:\/\/www.tamaulipas.gob.mx\/trabajo\/wp-content\/uploads\/sites\/11\/2020\/06\/boletin_tbjoinfantil_02.jpeg' rel='galeria'><img src='https:\/\/www.tamaulipas.gob.mx\/trabajo\/wp-content\/uploads\/sites\/11\/2020\/06\/boletin_tbjoinfantil_02-850x500.jpeg' srcset='' sizes='auto' alt=''><\/a><figcaption><\/figcaption><\/div><div class='item'><a href='https:\/\/www.tamaulipas.gob.mx\/trabajo\/wp-content\/uploads\/sites\/11\/2020\/06\/boletin_tbjoinfantil_03.jpeg' rel='galeria'><img src='https:\/\/www.tamaulipas.gob.mx\/trabajo\/wp-content\/uploads\/sites\/11\/2020\/06\/boletin_tbjoinfantil_03-850x500.jpeg' srcset='' sizes='auto' alt=''><\/a><figcaption><\/figcaption><\/div><div class='item'><a href='https:\/\/www.tamaulipas.gob.mx\/trabajo\/wp-content\/uploads\/sites\/11\/2020\/06\/boletin_tbjoinfantil_04.jpeg' rel='galeria'><img src='https:\/\/www.tamaulipas.gob.mx\/trabajo\/wp-content\/uploads\/sites\/11\/2020\/06\/boletin_tbjoinfantil_04-850x500.jpeg' srcset='' sizes='auto' alt=''><\/a><figcaption><\/figcaption><\/div><\/div>\n","protected":false},"excerpt":{"rendered":"<p>El Gobernador Francisco Garc\u00eda Cabeza de Vaca, instruy\u00f3 dise\u00f1ar y aplicar estrategias que contribuyan a evitar poner en riesgo la integridad f\u00edsica, mental, social y\u2026<\/p>\n","protected":false},"author":63,"featured_media":1488,"comment_status":"closed","ping_status":"closed","sticky":false,"template":"","format":"standard","meta":{"footnotes":""},"categories":[1],"tags":[],"class_list":["post-1487","post","type-post","status-publish","format-standard","has-post-thumbnail","hentry","category-prensa"],"publishpress_future_action":{"enabled":false,"date":"2026-05-08 12:48:20","action":"change-status","newStatus":"draft","terms":[],"taxonomy":"category"},"_links":{"self":[{"href":"https:\/\/www.tamaulipas.gob.mx\/trabajo\/wp-json\/wp\/v2\/posts\/1487"}],"collection":[{"href":"https:\/\/www.tamaulipas.gob.mx\/trabajo\/wp-json\/wp\/v2\/posts"}],"about":[{"href":"https:\/\/www.tamaulipas.gob.mx\/trabajo\/wp-json\/wp\/v2\/types\/post"}],"author":[{"embeddable":true,"href":"https:\/\/www.tamaulipas.gob.mx\/trabajo\/wp-json\/wp\/v2\/users\/63"}],"replies":[{"embeddable":true,"href":"https:\/\/www.tamaulipas.gob.mx\/trabajo\/wp-json\/wp\/v2\/comments?post=1487"}],"version-history":[{"count":1,"href":"https:\/\/www.tamaulipas.gob.mx\/trabajo\/wp-json\/wp\/v2\/posts\/1487\/revisions"}],"predecessor-version":[{"id":1492,"href":"https:\/\/www.tamaulipas.gob.mx\/trabajo\/wp-json\/wp\/v2\/posts\/1487\/revisions\/1492"}],"wp:featuredmedia":[{"embeddable":true,"href":"https:\/\/www.tamaulipas.gob.mx\/trabajo\/wp-json\/wp\/v2\/media\/1488"}],"wp:attachment":[{"href":"https:\/\/www.tamaulipas.gob.mx\/trabajo\/wp-json\/wp\/v2\/media?parent=1487"}],"wp:term":[{"taxonomy":"category","embeddable":true,"href":"https:\/\/www.tamaulipas.gob.mx\/trabajo\/wp-json\/wp\/v2\/categories?post=1487"},{"taxonomy":"post_tag","embeddable":true,"href":"https:\/\/www.tamaulipas.gob.mx\/trabajo\/wp-json\/wp\/v2\/tags?post=1487"}],"curies":[{"name":"wp","href":"https:\/\/api.w.org\/{rel}","templated":true}]}}