{"id":1470,"date":"2020-06-01T22:00:47","date_gmt":"2020-06-02T03:00:47","guid":{"rendered":"https:\/\/www.tamaulipas.gob.mx\/trabajo\/?p=1470"},"modified":"2020-06-06T15:32:50","modified_gmt":"2020-06-06T20:32:50","slug":"extiende-gobierno-de-tamaulipas-plazo-de-atencion-en-juntas-de-conciliacion-y-arbitraje","status":"publish","type":"post","link":"https:\/\/www.tamaulipas.gob.mx\/trabajo\/2020\/06\/extiende-gobierno-de-tamaulipas-plazo-de-atencion-en-juntas-de-conciliacion-y-arbitraje\/","title":{"rendered":"Extiende Gobierno de Tamaulipas plazo de atenci\u00f3n en Juntas de Conciliaci\u00f3n y Arbitraje"},"content":{"rendered":"<p><em><strong>El Gobierno de Tamaulipas contribuye a la impartici\u00f3n de justicia, paz social y a la armon\u00eda en las relaciones laborales.<\/strong><\/em><\/p>\n<p style=\"text-align: right;\">ST-035-2020<\/p>\n<p>Junio 01 del 2020<\/p>\n<p>Ciudad Victoria Tamaulipas.- La Junta Local de Conciliaci\u00f3n y Arbitraje y las Juntas Especiales permanecer\u00e1n cerradas hasta el 15 de junio, en virtud de las medidas de seguridad, para evitar el riesgo de contagio y propagaci\u00f3n del virus SARS-CoV2. (COVID-19)<\/p>\n<p>El acuerdo, en el que se establecen acciones extraordinarias, fue establecido por los integrantes del consejo mediante una sesi\u00f3n plenaria para atender la emergencia sanitaria por fuerza mayor y lo dispuesto por el Gobierno del Estado y el Comit\u00e9 Estatal de Seguridad en Salud de Tamaulipas.<\/p>\n<p>Las determinaciones para extender la suspensi\u00f3n del servicio no modifican los anteriores acuerdos ni medidas expuestas, por lo que se mantienen interrumpidas las labores a usuarios, abogados y p\u00fablico en general, dijo el Secretario del Trabajo, Miguel \u00c1ngel Villarreal Ongay.<\/p>\n<p>\u201cEl Gobernador Francisco Garc\u00eda Cabeza de Vaca, nos solicit\u00f3 ser prudentes y asegurar ante la situaci\u00f3n de salud que se vive, una adecuada implementaci\u00f3n de la justicia mediante la conciliaci\u00f3n y el arbitraje\u201d, expuso.<\/p>\n<p>Reiter\u00f3 que se mantiene la \u201cVentanilla \u00danica\u201d para recepcionar las demandas individuales por despido, promociones o documentos que se presenten durante la emergencia, los cuales ser\u00e1n acordados y tramitados hasta el d\u00eda h\u00e1bil siguiente que se reinicien las labores.<\/p>\n<p>Villarreal Ongay dijo que durante el presente periodo, no correr\u00e1n los t\u00e9rminos legales en los procedimientos laborales de car\u00e1cter individual o colectivo, y se estableci\u00f3 que para que la actividad de la dependencia sea normalizada, se determinar\u00e1n medidas sanitarias de higiene y seguridad escalonadamente, donde se dictar\u00e1 y se establecer\u00e1 mediante acuerdo, el regreso total de la actividad jur\u00eddica.<\/p>\n<p>El funcionario record\u00f3 que personal de la Direcci\u00f3n de Conciliaci\u00f3n y la Procuradur\u00eda General de la Defensa del Trabajo, contin\u00faa brindando asesor\u00eda y servicios gratuitos v\u00eda telef\u00f3nica, y contribuye de esta manera a la impartici\u00f3n de justicia, a la promoci\u00f3n de la paz social y a la armon\u00eda en las relaciones laborales.<\/p>\n<p style=\"text-align: center;\">###<\/p>\n<div class='owl-gallery'><div class='item'><a href='https:\/\/www.tamaulipas.gob.mx\/trabajo\/wp-content\/uploads\/sites\/11\/2020\/06\/boletin_junio_01.jpeg' rel='galeria'><img src='https:\/\/www.tamaulipas.gob.mx\/trabajo\/wp-content\/uploads\/sites\/11\/2020\/06\/boletin_junio_01-850x500.jpeg' srcset='' sizes='auto' alt=''><\/a><figcaption><\/figcaption><\/div><div class='item'><a href='https:\/\/www.tamaulipas.gob.mx\/trabajo\/wp-content\/uploads\/sites\/11\/2020\/06\/boletin_junio_02.jpeg' rel='galeria'><img src='https:\/\/www.tamaulipas.gob.mx\/trabajo\/wp-content\/uploads\/sites\/11\/2020\/06\/boletin_junio_02-850x500.jpeg' srcset='' sizes='auto' alt=''><\/a><figcaption><\/figcaption><\/div><div class='item'><a href='https:\/\/www.tamaulipas.gob.mx\/trabajo\/wp-content\/uploads\/sites\/11\/2020\/06\/boletin_junio_03.jpeg' rel='galeria'><img src='https:\/\/www.tamaulipas.gob.mx\/trabajo\/wp-content\/uploads\/sites\/11\/2020\/06\/boletin_junio_03-850x500.jpeg' srcset='' sizes='auto' alt=''><\/a><figcaption><\/figcaption><\/div><div class='item'><a href='https:\/\/www.tamaulipas.gob.mx\/trabajo\/wp-content\/uploads\/sites\/11\/2020\/06\/boletin_junio_04.jpeg' rel='galeria'><img src='https:\/\/www.tamaulipas.gob.mx\/trabajo\/wp-content\/uploads\/sites\/11\/2020\/06\/boletin_junio_04-850x500.jpeg' srcset='' sizes='auto' alt=''><\/a><figcaption><\/figcaption><\/div><div class='item'><a href='https:\/\/www.tamaulipas.gob.mx\/trabajo\/wp-content\/uploads\/sites\/11\/2020\/06\/boletin_junio_05.jpeg' rel='galeria'><img src='https:\/\/www.tamaulipas.gob.mx\/trabajo\/wp-content\/uploads\/sites\/11\/2020\/06\/boletin_junio_05-850x500.jpeg' srcset='' sizes='auto' alt=''><\/a><figcaption><\/figcaption><\/div><\/div>\n","protected":false},"excerpt":{"rendered":"<p>El Gobierno de Tamaulipas contribuye a la impartici\u00f3n de justicia, paz social y a la armon\u00eda en las relaciones laborales. ST-035-2020 Junio 01 del 2020\u2026<\/p>\n","protected":false},"author":63,"featured_media":1474,"comment_status":"closed","ping_status":"closed","sticky":false,"template":"","format":"standard","meta":{"footnotes":""},"categories":[1],"tags":[],"class_list":["post-1470","post","type-post","status-publish","format-standard","has-post-thumbnail","hentry","category-prensa"],"publishpress_future_action":{"enabled":false,"date":"2026-05-08 12:48:20","action":"change-status","newStatus":"draft","terms":[],"taxonomy":"category"},"_links":{"self":[{"href":"https:\/\/www.tamaulipas.gob.mx\/trabajo\/wp-json\/wp\/v2\/posts\/1470"}],"collection":[{"href":"https:\/\/www.tamaulipas.gob.mx\/trabajo\/wp-json\/wp\/v2\/posts"}],"about":[{"href":"https:\/\/www.tamaulipas.gob.mx\/trabajo\/wp-json\/wp\/v2\/types\/post"}],"author":[{"embeddable":true,"href":"https:\/\/www.tamaulipas.gob.mx\/trabajo\/wp-json\/wp\/v2\/users\/63"}],"replies":[{"embeddable":true,"href":"https:\/\/www.tamaulipas.gob.mx\/trabajo\/wp-json\/wp\/v2\/comments?post=1470"}],"version-history":[{"count":1,"href":"https:\/\/www.tamaulipas.gob.mx\/trabajo\/wp-json\/wp\/v2\/posts\/1470\/revisions"}],"predecessor-version":[{"id":1476,"href":"https:\/\/www.tamaulipas.gob.mx\/trabajo\/wp-json\/wp\/v2\/posts\/1470\/revisions\/1476"}],"wp:featuredmedia":[{"embeddable":true,"href":"https:\/\/www.tamaulipas.gob.mx\/trabajo\/wp-json\/wp\/v2\/media\/1474"}],"wp:attachment":[{"href":"https:\/\/www.tamaulipas.gob.mx\/trabajo\/wp-json\/wp\/v2\/media?parent=1470"}],"wp:term":[{"taxonomy":"category","embeddable":true,"href":"https:\/\/www.tamaulipas.gob.mx\/trabajo\/wp-json\/wp\/v2\/categories?post=1470"},{"taxonomy":"post_tag","embeddable":true,"href":"https:\/\/www.tamaulipas.gob.mx\/trabajo\/wp-json\/wp\/v2\/tags?post=1470"}],"curies":[{"name":"wp","href":"https:\/\/api.w.org\/{rel}","templated":true}]}}