{"id":1460,"date":"2020-05-23T14:19:22","date_gmt":"2020-05-23T19:19:22","guid":{"rendered":"https:\/\/www.tamaulipas.gob.mx\/trabajo\/?p=1460"},"modified":"2020-05-23T14:19:22","modified_gmt":"2020-05-23T19:19:22","slug":"suman-doscientos-cincuenta-y-uno-tamaulipecos-laborando-en-granjas-de-canada","status":"publish","type":"post","link":"https:\/\/www.tamaulipas.gob.mx\/trabajo\/2020\/05\/suman-doscientos-cincuenta-y-uno-tamaulipecos-laborando-en-granjas-de-canada\/","title":{"rendered":"Suman doscientos cincuenta y uno tamaulipecos laborando en granjas de Canad\u00e1"},"content":{"rendered":"<p><em><strong>El Gobierno de Tamaulipas atiende a quienes se dedican a las actividades agr\u00edcolas, y emplea pol\u00edticas indispensables que garanticen el bienestar pero sobre todo la salud de quienes buscan mejores condiciones de vida.<\/strong><\/em><\/p>\n<p style=\"text-align: right;\">ST-032-2020<\/p>\n<p style=\"text-align: left;\">Mayo 19 del 2020<\/p>\n<p>Ciudad Victoria Tamaulipas.- Doscientos cincuenta y uno tamaulipecos inscritos en el Programa de Trabajadores Agr\u00edcolas Temporales M\u00e9xico-Canad\u00e1, ya se encuentran laborando en cultivos de diversas provincias canadienses, luego de que la embajada de ese pa\u00eds reanudar\u00e1 el ingreso a extranjeros, que fue suspendido por motivos del COVID-19.<\/p>\n<p>El Gobierno de Tamaulipas a trav\u00e9s de la Secretar\u00eda del Trabajo, atendi\u00f3 las pol\u00edticas de salud y prevenci\u00f3n solicitadas por el Gobierno de Canad\u00e1, y mantuvo contacto con los trabajadores facilit\u00e1ndoles sus tr\u00e1mites, para lograr con \u00e9xito su regreso a ese pa\u00eds.<\/p>\n<p>Miguel \u00c1ngel Villarreal Ongay, titular de la dependencia laboral, dijo que al iniciar la temporada 2020, previo a las consideraciones tomadas ante el virus, el Servicio Nacional de Empleo Tamaulipas envi\u00f3 a 96 trabajadores a laborar, quedando el resto con vuelos programados y otros m\u00e1s pendientes para su aprobaci\u00f3n.<\/p>\n<p>\u201cEn lo que va de la contingencia sanitaria reprogramamos el vuelo de 155 personas a provincias como: Ontario, Quebec, Columbia Brit\u00e1nica, Alberta, Manitoba, Isla Pr\u00edncipe Eduardo y Nueva Escocia, el Gobernador Francisco Garc\u00eda Cabeza de Vaca, nos instruy\u00f3 brindar atenci\u00f3n a todos y garantizarles su permanencia en el programa\u201d, expres\u00f3.<\/p>\n<p>El funcionario se\u00f1al\u00f3 que los trabajadores conocen las medidas contempladas por Canad\u00e1 para evitar los riesgos de contagio, adem\u00e1s est\u00e1n siendo trasladados en vuelos particulares y son recibidos con un programa de protecci\u00f3n sanitaria, siendo confinados 14 d\u00edas y examinados m\u00e9dicamente antes de incorporarse a su empleo.<\/p>\n<p>Jos\u00e9 Miguel V\u00e1zquez L\u00f3pez, originario de Villagr\u00e1n Tamaulipas, durante cuatro temporadas ha laborado tanto en el empaque de papa, cultivo de pino, corte de manzana, tomate y otras cosechas, y al igual que 141 trabajadores est\u00e1 concluyendo sus tr\u00e1mites en las unidades del SNETam y permisos migratorios para internarse en Canad\u00e1.<\/p>\n<p>Villarreal Ongay, coment\u00f3 que el mandatario es responsable y cuida de quienes se dedican a las actividades agr\u00edcolas, as\u00ed mismo emplea pol\u00edticas indispensables que garanticen el bienestar pero sobre todo la salud de quienes buscan mejores condiciones de vida.<\/p>\n<p style=\"text-align: center;\">###<\/p>\n<div class='owl-gallery'><div class='item'><a href='https:\/\/www.tamaulipas.gob.mx\/trabajo\/wp-content\/uploads\/sites\/11\/2020\/05\/ptat_01.jpeg' rel='galeria'><img src='https:\/\/www.tamaulipas.gob.mx\/trabajo\/wp-content\/uploads\/sites\/11\/2020\/05\/ptat_01-850x500.jpeg' srcset='' sizes='auto' alt=''><\/a><figcaption><\/figcaption><\/div><div class='item'><a href='https:\/\/www.tamaulipas.gob.mx\/trabajo\/wp-content\/uploads\/sites\/11\/2020\/05\/ptat_02.jpeg' rel='galeria'><img src='https:\/\/www.tamaulipas.gob.mx\/trabajo\/wp-content\/uploads\/sites\/11\/2020\/05\/ptat_02-850x500.jpeg' srcset='' sizes='auto' alt=''><\/a><figcaption><\/figcaption><\/div><div class='item'><a href='https:\/\/www.tamaulipas.gob.mx\/trabajo\/wp-content\/uploads\/sites\/11\/2020\/05\/ptat_03.jpeg' rel='galeria'><img src='https:\/\/www.tamaulipas.gob.mx\/trabajo\/wp-content\/uploads\/sites\/11\/2020\/05\/ptat_03-850x500.jpeg' srcset='' sizes='auto' alt=''><\/a><figcaption><\/figcaption><\/div><div class='item'><a href='https:\/\/www.tamaulipas.gob.mx\/trabajo\/wp-content\/uploads\/sites\/11\/2020\/05\/ptat_04.jpeg' rel='galeria'><img src='https:\/\/www.tamaulipas.gob.mx\/trabajo\/wp-content\/uploads\/sites\/11\/2020\/05\/ptat_04-850x500.jpeg' srcset='' sizes='auto' alt=''><\/a><figcaption><\/figcaption><\/div><div class='item'><a href='https:\/\/www.tamaulipas.gob.mx\/trabajo\/wp-content\/uploads\/sites\/11\/2020\/05\/ptat_05.jpeg' rel='galeria'><img src='https:\/\/www.tamaulipas.gob.mx\/trabajo\/wp-content\/uploads\/sites\/11\/2020\/05\/ptat_05-850x500.jpeg' srcset='' sizes='auto' alt=''><\/a><figcaption><\/figcaption><\/div><div class='item'><a href='https:\/\/www.tamaulipas.gob.mx\/trabajo\/wp-content\/uploads\/sites\/11\/2020\/05\/ptat_06.jpeg' rel='galeria'><img src='https:\/\/www.tamaulipas.gob.mx\/trabajo\/wp-content\/uploads\/sites\/11\/2020\/05\/ptat_06-850x500.jpeg' srcset='' sizes='auto' alt=''><\/a><figcaption><\/figcaption><\/div><\/div>\n","protected":false},"excerpt":{"rendered":"<p>El Gobierno de Tamaulipas atiende a quienes se dedican a las actividades agr\u00edcolas, y emplea pol\u00edticas indispensables que garanticen el bienestar pero sobre todo la\u2026<\/p>\n","protected":false},"author":63,"featured_media":1461,"comment_status":"closed","ping_status":"closed","sticky":false,"template":"","format":"standard","meta":{"footnotes":""},"categories":[1],"tags":[],"class_list":["post-1460","post","type-post","status-publish","format-standard","has-post-thumbnail","hentry","category-prensa"],"publishpress_future_action":{"enabled":false,"date":"2026-05-08 11:37:10","action":"change-status","newStatus":"draft","terms":[],"taxonomy":"category"},"_links":{"self":[{"href":"https:\/\/www.tamaulipas.gob.mx\/trabajo\/wp-json\/wp\/v2\/posts\/1460"}],"collection":[{"href":"https:\/\/www.tamaulipas.gob.mx\/trabajo\/wp-json\/wp\/v2\/posts"}],"about":[{"href":"https:\/\/www.tamaulipas.gob.mx\/trabajo\/wp-json\/wp\/v2\/types\/post"}],"author":[{"embeddable":true,"href":"https:\/\/www.tamaulipas.gob.mx\/trabajo\/wp-json\/wp\/v2\/users\/63"}],"replies":[{"embeddable":true,"href":"https:\/\/www.tamaulipas.gob.mx\/trabajo\/wp-json\/wp\/v2\/comments?post=1460"}],"version-history":[{"count":1,"href":"https:\/\/www.tamaulipas.gob.mx\/trabajo\/wp-json\/wp\/v2\/posts\/1460\/revisions"}],"predecessor-version":[{"id":1467,"href":"https:\/\/www.tamaulipas.gob.mx\/trabajo\/wp-json\/wp\/v2\/posts\/1460\/revisions\/1467"}],"wp:featuredmedia":[{"embeddable":true,"href":"https:\/\/www.tamaulipas.gob.mx\/trabajo\/wp-json\/wp\/v2\/media\/1461"}],"wp:attachment":[{"href":"https:\/\/www.tamaulipas.gob.mx\/trabajo\/wp-json\/wp\/v2\/media?parent=1460"}],"wp:term":[{"taxonomy":"category","embeddable":true,"href":"https:\/\/www.tamaulipas.gob.mx\/trabajo\/wp-json\/wp\/v2\/categories?post=1460"},{"taxonomy":"post_tag","embeddable":true,"href":"https:\/\/www.tamaulipas.gob.mx\/trabajo\/wp-json\/wp\/v2\/tags?post=1460"}],"curies":[{"name":"wp","href":"https:\/\/api.w.org\/{rel}","templated":true}]}}