{"id":1452,"date":"2020-05-23T14:10:19","date_gmt":"2020-05-23T19:10:19","guid":{"rendered":"https:\/\/www.tamaulipas.gob.mx\/trabajo\/?p=1452"},"modified":"2020-05-23T14:10:19","modified_gmt":"2020-05-23T19:10:19","slug":"ventanillas-unicas-en-tamaulipas-mantienen-recepcion-de-documentos-ante-conflictos-laborales","status":"publish","type":"post","link":"https:\/\/www.tamaulipas.gob.mx\/trabajo\/2020\/05\/ventanillas-unicas-en-tamaulipas-mantienen-recepcion-de-documentos-ante-conflictos-laborales\/","title":{"rendered":"\u201cVentanillas \u00danicas\u201d en Tamaulipas mantienen recepci\u00f3n de documentos ante conflictos laborales"},"content":{"rendered":"<p><em><strong>Se mantiene suspensi\u00f3n de audiencias y diligencias en las Juntas de Conciliaci\u00f3n y Arbitraje de Tamaulipas, sin embargo personal labora en el rezago de demandas y su desahogo, y atiende los nuevos procedimientos generados por la emergencia sanitaria.<\/strong><\/em><\/p>\n<p style=\"text-align: right;\">ST-033-2020<\/p>\n<p style=\"text-align: left;\">Mayo 21 del 2020<\/p>\n<p>Ciudad Victoria Tamaulipas.- M\u00e1s de trescientos ochenta y nueve procesos jur\u00eddicos se han recepcionado en las Juntas de Conciliaci\u00f3n y Arbitraje y Juntas Especiales, luego de que fuera dispuesta una \u201cVentanilla \u00danica\u201d para recibir convenios, documentos o promociones, durante la emergencia sanitaria por el virus SARS-CoV2. (COVID-19)<\/p>\n<p>Desde el pasado mes de marzo, la dependencia suspendi\u00f3 su atenci\u00f3n al p\u00fablico, por lo que la Secretar\u00eda del Trabajo, a trav\u00e9s de la Subsecretaria del Trabajo y Conciliaci\u00f3n, puso en marcha estrategias para seguir brindando atenci\u00f3n a usuarios, abogados y p\u00fablico en general, a trav\u00e9s de las redes sociales, pagina web y v\u00eda telef\u00f3nica.<\/p>\n<p>A la fecha las Juntas de Conciliaci\u00f3n mantienen la suspensi\u00f3n de audiencias y diligencias entre otros tr\u00e1mites, sin embargo personal labora en el rezago de demandas y su desahogo, y atiende los nuevos procedimientos generados por la emergencia sanitaria, dijo el Secretario del Trabajo, Miguel \u00c1ngel Villarreal Ongay.<\/p>\n<p>\u201cEs la instrucci\u00f3n del Gobernador Francisco Garc\u00eda Cabeza de Vaca, trabajar a puerta cerrada, ser responsables ante el panorama que se vive para evitar contagios del virus, y los casos que llegan a las ventanillas seguir\u00e1n en espera de un proceso hasta que no se abran las juntas\u201d, dijo.<\/p>\n<p>Coment\u00f3 que por el momento Ciudad Victoria, ha sumado 177 demandas, Reynosa 78, Matamoros 58, Nuevo Laredo 39 y Tampico y Mante 76 demandas, todas por despidos injustificados o suspensi\u00f3n de labores en los centros de trabajo entre otras diligencias.<\/p>\n<p>El funcionario se\u00f1al\u00f3 que se espera reanudar la atenci\u00f3n al p\u00fablico tentativamente este 1 de junio, en tanto el Gobierno del Estado y el Comit\u00e9 Estatal de Seguridad en Salud de Tamaulipas, no emitan alguna otra indicaci\u00f3n, pero aclar\u00f3 que habr\u00e1n de considerarse medidas sanitarias extraordinarias, como por ejemplo la aplicaci\u00f3n de gel antibacterial, el uso obligatorio de cubre bocas, la restricci\u00f3n y control de usuarios, audiencias de car\u00e1cter colectivo con un m\u00ednimo de dos a cuatro personas, medici\u00f3n de tiempos para evitar aglomeraci\u00f3n de personas, entre otras medidas.<\/p>\n<p style=\"text-align: center;\">###<\/p>\n<p>&nbsp;<\/p>\n<div class='owl-gallery'><div class='item'><a href='https:\/\/www.tamaulipas.gob.mx\/trabajo\/wp-content\/uploads\/sites\/11\/2020\/05\/ventanillaunica_01.jpeg' rel='galeria'><img src='https:\/\/www.tamaulipas.gob.mx\/trabajo\/wp-content\/uploads\/sites\/11\/2020\/05\/ventanillaunica_01-850x500.jpeg' srcset='' sizes='auto' alt=''><\/a><figcaption><\/figcaption><\/div><div class='item'><a href='https:\/\/www.tamaulipas.gob.mx\/trabajo\/wp-content\/uploads\/sites\/11\/2020\/05\/ventanillaunica_02.jpeg' rel='galeria'><img src='https:\/\/www.tamaulipas.gob.mx\/trabajo\/wp-content\/uploads\/sites\/11\/2020\/05\/ventanillaunica_02-850x500.jpeg' srcset='' sizes='auto' alt=''><\/a><figcaption><\/figcaption><\/div><div class='item'><a href='https:\/\/www.tamaulipas.gob.mx\/trabajo\/wp-content\/uploads\/sites\/11\/2020\/05\/ventanillaunica_03.jpeg' rel='galeria'><img src='https:\/\/www.tamaulipas.gob.mx\/trabajo\/wp-content\/uploads\/sites\/11\/2020\/05\/ventanillaunica_03-850x500.jpeg' srcset='' sizes='auto' alt=''><\/a><figcaption><\/figcaption><\/div><div class='item'><a href='https:\/\/www.tamaulipas.gob.mx\/trabajo\/wp-content\/uploads\/sites\/11\/2020\/05\/ventanillaunica_04.jpeg' rel='galeria'><img src='https:\/\/www.tamaulipas.gob.mx\/trabajo\/wp-content\/uploads\/sites\/11\/2020\/05\/ventanillaunica_04-850x500.jpeg' srcset='' sizes='auto' alt=''><\/a><figcaption><\/figcaption><\/div><div class='item'><a href='https:\/\/www.tamaulipas.gob.mx\/trabajo\/wp-content\/uploads\/sites\/11\/2020\/05\/ventanillaunica_05.jpeg' rel='galeria'><img src='https:\/\/www.tamaulipas.gob.mx\/trabajo\/wp-content\/uploads\/sites\/11\/2020\/05\/ventanillaunica_05-850x500.jpeg' srcset='' sizes='auto' alt=''><\/a><figcaption><\/figcaption><\/div><div class='item'><a href='https:\/\/www.tamaulipas.gob.mx\/trabajo\/wp-content\/uploads\/sites\/11\/2020\/05\/ventanillaunica_06.jpeg' rel='galeria'><img src='https:\/\/www.tamaulipas.gob.mx\/trabajo\/wp-content\/uploads\/sites\/11\/2020\/05\/ventanillaunica_06-850x500.jpeg' srcset='' sizes='auto' alt=''><\/a><figcaption><\/figcaption><\/div><\/div>\n","protected":false},"excerpt":{"rendered":"<p>Se mantiene suspensi\u00f3n de audiencias y diligencias en las Juntas de Conciliaci\u00f3n y Arbitraje de Tamaulipas, sin embargo personal labora en el rezago de demandas\u2026<\/p>\n","protected":false},"author":63,"featured_media":1458,"comment_status":"closed","ping_status":"closed","sticky":false,"template":"","format":"standard","meta":{"footnotes":""},"categories":[1],"tags":[],"class_list":["post-1452","post","type-post","status-publish","format-standard","has-post-thumbnail","hentry","category-prensa"],"publishpress_future_action":{"enabled":false,"date":"2026-05-08 11:36:05","action":"change-status","newStatus":"draft","terms":[],"taxonomy":"category"},"_links":{"self":[{"href":"https:\/\/www.tamaulipas.gob.mx\/trabajo\/wp-json\/wp\/v2\/posts\/1452"}],"collection":[{"href":"https:\/\/www.tamaulipas.gob.mx\/trabajo\/wp-json\/wp\/v2\/posts"}],"about":[{"href":"https:\/\/www.tamaulipas.gob.mx\/trabajo\/wp-json\/wp\/v2\/types\/post"}],"author":[{"embeddable":true,"href":"https:\/\/www.tamaulipas.gob.mx\/trabajo\/wp-json\/wp\/v2\/users\/63"}],"replies":[{"embeddable":true,"href":"https:\/\/www.tamaulipas.gob.mx\/trabajo\/wp-json\/wp\/v2\/comments?post=1452"}],"version-history":[{"count":1,"href":"https:\/\/www.tamaulipas.gob.mx\/trabajo\/wp-json\/wp\/v2\/posts\/1452\/revisions"}],"predecessor-version":[{"id":1459,"href":"https:\/\/www.tamaulipas.gob.mx\/trabajo\/wp-json\/wp\/v2\/posts\/1452\/revisions\/1459"}],"wp:featuredmedia":[{"embeddable":true,"href":"https:\/\/www.tamaulipas.gob.mx\/trabajo\/wp-json\/wp\/v2\/media\/1458"}],"wp:attachment":[{"href":"https:\/\/www.tamaulipas.gob.mx\/trabajo\/wp-json\/wp\/v2\/media?parent=1452"}],"wp:term":[{"taxonomy":"category","embeddable":true,"href":"https:\/\/www.tamaulipas.gob.mx\/trabajo\/wp-json\/wp\/v2\/categories?post=1452"},{"taxonomy":"post_tag","embeddable":true,"href":"https:\/\/www.tamaulipas.gob.mx\/trabajo\/wp-json\/wp\/v2\/tags?post=1452"}],"curies":[{"name":"wp","href":"https:\/\/api.w.org\/{rel}","templated":true}]}}