{"id":1441,"date":"2020-05-08T22:00:12","date_gmt":"2020-05-09T03:00:12","guid":{"rendered":"https:\/\/www.tamaulipas.gob.mx\/trabajo\/?p=1441"},"modified":"2020-05-19T14:01:51","modified_gmt":"2020-05-19T19:01:51","slug":"promueve-gobierno-de-tamaulipas-la-participacion-de-los-trabajadores-en-el-reparto-de-utilidades","status":"publish","type":"post","link":"https:\/\/www.tamaulipas.gob.mx\/trabajo\/2020\/05\/promueve-gobierno-de-tamaulipas-la-participacion-de-los-trabajadores-en-el-reparto-de-utilidades\/","title":{"rendered":"Promueve Gobierno de Tamaulipas la Participaci\u00f3n de los Trabajadores en el reparto de Utilidades"},"content":{"rendered":"<p><em><strong>En Tamaulipas se cuidan las fuentes de trabajo y proponer alternativas para que trabajadores y patrones se vean beneficiados ante el pago de PTU.<\/strong><\/em><\/p>\n<p style=\"text-align: right;\">ST-031-2020<\/p>\n<p>Mayo 8 del 2020<\/p>\n<p>Ciudad Victoria Tamaulipas.- La Participaci\u00f3n de los Trabajadores en las Utilidades (PTU), es un derecho constitucional que deber\u00e1n gozar las y los trabajadores, pese a la contingencia sanitaria por el virus del COVID-19, dijo el Secretario del Trabajo, Miguel \u00c1ngel Villarreal Ongay.<\/p>\n<p>De acuerdo a la Ley Federal del Trabajo, se trata de las ganancias obtenidas por la empresa, correspondientes al ejercicio fiscal 2019, de las que los trabajadores que laboraron por m\u00e1s de 60 d\u00edas, obtendr\u00e1n una contribuci\u00f3n del 10 %.<\/p>\n<p>Villarreal Ongay, expres\u00f3 que el Gobernador Francisco Garc\u00eda Cabeza de Vaca, es respetuoso de la Ley Federal del Trabajo, por lo que promueve entre el sector laboral el cumplimiento de las obligaciones.<\/p>\n<p>Se\u00f1al\u00f3 que quienes laboran para una persona moral, es decir para una empresa, tendr\u00e1n que recibir su prestaci\u00f3n a m\u00e1s tardar el 30 de mayo, y quienes laboran para una persona f\u00edsica, es decir un patr\u00f3n, a m\u00e1s tardar el 29 de junio.<\/p>\n<p>El funcionario apunt\u00f3 que a trav\u00e9s de la Direcci\u00f3n de Inspecci\u00f3n y Previsi\u00f3n Social, se tiene programado entre los meses de mayo, junio y julio, la visita a m\u00e1s de 400 centros de trabajo para exhortar al pago de las utilidades.<\/p>\n<p>El funcionario puso a disposici\u00f3n de las y los tamaulipecos, los tel\u00e9fono (834) 318 1037, de la Procuradur\u00eda General de la Defensa del Trabajo, y los n\u00fameros (834) 318 1033 y 01 800 821 2110 de Direcci\u00f3n de Inspecci\u00f3n y Previsi\u00f3n Social, para orientaci\u00f3n o alguna denuncia an\u00f3nima.<\/p>\n<p style=\"text-align: center;\">###<\/p>\n<p>&nbsp;<\/p>\n<div class='owl-gallery'><div class='item'><a href='https:\/\/www.tamaulipas.gob.mx\/trabajo\/wp-content\/uploads\/sites\/11\/2020\/05\/ptu2020_01.jpeg' rel='galeria'><img src='https:\/\/www.tamaulipas.gob.mx\/trabajo\/wp-content\/uploads\/sites\/11\/2020\/05\/ptu2020_01-850x500.jpeg' srcset='' sizes='auto' alt=''><\/a><figcaption><\/figcaption><\/div><div class='item'><a href='https:\/\/www.tamaulipas.gob.mx\/trabajo\/wp-content\/uploads\/sites\/11\/2020\/05\/ptu2020_02.jpeg' rel='galeria'><img src='https:\/\/www.tamaulipas.gob.mx\/trabajo\/wp-content\/uploads\/sites\/11\/2020\/05\/ptu2020_02-850x500.jpeg' srcset='' sizes='auto' alt=''><\/a><figcaption><\/figcaption><\/div><div class='item'><a href='https:\/\/www.tamaulipas.gob.mx\/trabajo\/wp-content\/uploads\/sites\/11\/2020\/05\/ptu2020_03.jpeg' rel='galeria'><img src='https:\/\/www.tamaulipas.gob.mx\/trabajo\/wp-content\/uploads\/sites\/11\/2020\/05\/ptu2020_03-850x500.jpeg' srcset='' sizes='auto' alt=''><\/a><figcaption><\/figcaption><\/div><div class='item'><a href='https:\/\/www.tamaulipas.gob.mx\/trabajo\/wp-content\/uploads\/sites\/11\/2020\/05\/ptu2020_04.jpeg' rel='galeria'><img src='https:\/\/www.tamaulipas.gob.mx\/trabajo\/wp-content\/uploads\/sites\/11\/2020\/05\/ptu2020_04-850x500.jpeg' srcset='' sizes='auto' alt=''><\/a><figcaption><\/figcaption><\/div><div class='item'><a href='https:\/\/www.tamaulipas.gob.mx\/trabajo\/wp-content\/uploads\/sites\/11\/2020\/05\/ptu2020_05.jpeg' rel='galeria'><img src='https:\/\/www.tamaulipas.gob.mx\/trabajo\/wp-content\/uploads\/sites\/11\/2020\/05\/ptu2020_05-850x500.jpeg' srcset='' sizes='auto' alt=''><\/a><figcaption><\/figcaption><\/div><\/div>\n","protected":false},"excerpt":{"rendered":"<p>En Tamaulipas se cuidan las fuentes de trabajo y proponer alternativas para que trabajadores y patrones se vean beneficiados ante el pago de PTU. ST-031-2020\u2026<\/p>\n","protected":false},"author":63,"featured_media":1445,"comment_status":"closed","ping_status":"closed","sticky":false,"template":"","format":"standard","meta":{"footnotes":""},"categories":[1],"tags":[],"class_list":["post-1441","post","type-post","status-publish","format-standard","has-post-thumbnail","hentry","category-prensa"],"publishpress_future_action":{"enabled":false,"date":"2026-05-10 03:18:27","action":"change-status","newStatus":"draft","terms":[],"taxonomy":"category"},"_links":{"self":[{"href":"https:\/\/www.tamaulipas.gob.mx\/trabajo\/wp-json\/wp\/v2\/posts\/1441"}],"collection":[{"href":"https:\/\/www.tamaulipas.gob.mx\/trabajo\/wp-json\/wp\/v2\/posts"}],"about":[{"href":"https:\/\/www.tamaulipas.gob.mx\/trabajo\/wp-json\/wp\/v2\/types\/post"}],"author":[{"embeddable":true,"href":"https:\/\/www.tamaulipas.gob.mx\/trabajo\/wp-json\/wp\/v2\/users\/63"}],"replies":[{"embeddable":true,"href":"https:\/\/www.tamaulipas.gob.mx\/trabajo\/wp-json\/wp\/v2\/comments?post=1441"}],"version-history":[{"count":2,"href":"https:\/\/www.tamaulipas.gob.mx\/trabajo\/wp-json\/wp\/v2\/posts\/1441\/revisions"}],"predecessor-version":[{"id":1448,"href":"https:\/\/www.tamaulipas.gob.mx\/trabajo\/wp-json\/wp\/v2\/posts\/1441\/revisions\/1448"}],"wp:featuredmedia":[{"embeddable":true,"href":"https:\/\/www.tamaulipas.gob.mx\/trabajo\/wp-json\/wp\/v2\/media\/1445"}],"wp:attachment":[{"href":"https:\/\/www.tamaulipas.gob.mx\/trabajo\/wp-json\/wp\/v2\/media?parent=1441"}],"wp:term":[{"taxonomy":"category","embeddable":true,"href":"https:\/\/www.tamaulipas.gob.mx\/trabajo\/wp-json\/wp\/v2\/categories?post=1441"},{"taxonomy":"post_tag","embeddable":true,"href":"https:\/\/www.tamaulipas.gob.mx\/trabajo\/wp-json\/wp\/v2\/tags?post=1441"}],"curies":[{"name":"wp","href":"https:\/\/api.w.org\/{rel}","templated":true}]}}