{"id":1424,"date":"2020-04-21T22:00:14","date_gmt":"2020-04-22T03:00:14","guid":{"rendered":"https:\/\/www.tamaulipas.gob.mx\/trabajo\/?p=1424"},"modified":"2020-04-22T12:00:09","modified_gmt":"2020-04-22T17:00:09","slug":"en-tamaulipas-se-realizan-esfuerzos-conjuntos-para-conservar-fuentes-de-empleo-y-sostenibilidad-de-empresas-ante-covid-19","status":"publish","type":"post","link":"https:\/\/www.tamaulipas.gob.mx\/trabajo\/2020\/04\/en-tamaulipas-se-realizan-esfuerzos-conjuntos-para-conservar-fuentes-de-empleo-y-sostenibilidad-de-empresas-ante-covid-19\/","title":{"rendered":"En Tamaulipas se realizan esfuerzos conjuntos para conservar fuentes de empleo y sostenibilidad de empresas ante COVID-19"},"content":{"rendered":"<p><em><strong>El Gobierno de Tamaulipas ha emprendido una serie de acciones que brinden protecci\u00f3n y salud a los tamaulipecos.<\/strong><\/em><\/p>\n<p style=\"text-align: right;\">ST-028-2020<\/p>\n<p>Abril 21 del 2020<\/p>\n<p>Ciudad Victoria Tamaulipas.- La Secretar\u00eda del Trabajo del Gobierno de Tamaulipas, vigila se respeten los derechos laborales de trabajadores y se atiendan las disposiciones estipuladas en los centros de trabajo, ante la emergencia sanitaria para mitigar la dispersi\u00f3n y transmisi\u00f3n del virus SARS-CoV2 (COVID-19).<\/p>\n<p>A trav\u00e9s de la Direcci\u00f3n de Inspecci\u00f3n y Previsi\u00f3n Social, se han visitado m\u00e1s de 245 centros de trabajo, a fin de exhortar a patrones clausurar temporalmente actividades denominadas no esenciales, y a que se cumpla con las medidas de seguridad e higiene con el personal y se brinden las prestaciones correspondientes.<\/p>\n<p>De la misma manera, la Procuradur\u00eda General de la Defensa del Trabajo ha brindado 198 asesor\u00edas telef\u00f3nicas despejando dudas y representando a trabajadores afectados ante un despido laboral, por su parte la Direcci\u00f3n de Conciliaci\u00f3n y Relaciones Laborales ha ofrecido 158 atenciones y realizado acuerdos entre patr\u00f3n y trabajador.<\/p>\n<p>Miguel \u00c1ngel Villarreal Ongay, titular de la dependencia, dio a conocer que el Gobernador Francisco Garc\u00eda Cabeza de Vaca, ha emprendido una serie de acciones para brindar protecci\u00f3n y salud a los tamaulipecos, en particular a quienes est\u00e1n inmersos en el desarrollo econ\u00f3mico y laboral de la entidad.<\/p>\n<p>\u201cSe tiene responsabilidad en cuidar las fuentes laborales, y se respeten las medidas y acuerdos establecidos para los centros de trabajo, estamos actuando para tener menores consecuencias ante la pandemia\u201d, dijo el funcionario.<\/p>\n<p>Expres\u00f3 que tan s\u00f3lo en el norte del estado, ciudades como Matamoros, Reynosa y Nuevo Laredo, que concentran un gran n\u00famero de empresas maquiladoras y trabajadores, m\u00e1s del 70 % han parado labores y personal de la Secretar\u00eda del Trabajo han despejado dudas o resuelto inconvenientes entre los obreros, respecto a su integridad o salud y lo que marcan la Ley Federal del Trabajo ante una emergencia.<\/p>\n<p>El Secretario sostuvo que en gran medida, empresarios han tomado conciencia y han sabido ser responsables al llamado de la autoridad, que en un esfuerzo conjunto buscan conservar las fuentes de empleo y la sostenibilidad de las empresas.<\/p>\n<p>&nbsp;<\/p>\n<p style=\"text-align: center;\">###<\/p>\n<div class='owl-gallery'><div class='item'><a href='https:\/\/www.tamaulipas.gob.mx\/trabajo\/wp-content\/uploads\/sites\/11\/2020\/04\/boletin_atncovid_01.jpeg' rel='galeria'><img src='https:\/\/www.tamaulipas.gob.mx\/trabajo\/wp-content\/uploads\/sites\/11\/2020\/04\/boletin_atncovid_01-850x500.jpeg' srcset='' sizes='auto' alt=''><\/a><figcaption><\/figcaption><\/div><div class='item'><a href='https:\/\/www.tamaulipas.gob.mx\/trabajo\/wp-content\/uploads\/sites\/11\/2020\/04\/boletin_atncovid_02.jpeg' rel='galeria'><img src='https:\/\/www.tamaulipas.gob.mx\/trabajo\/wp-content\/uploads\/sites\/11\/2020\/04\/boletin_atncovid_02-850x500.jpeg' srcset='' sizes='auto' alt=''><\/a><figcaption><\/figcaption><\/div><div class='item'><a href='https:\/\/www.tamaulipas.gob.mx\/trabajo\/wp-content\/uploads\/sites\/11\/2020\/04\/boletin_atncovid_03.jpeg' rel='galeria'><img src='https:\/\/www.tamaulipas.gob.mx\/trabajo\/wp-content\/uploads\/sites\/11\/2020\/04\/boletin_atncovid_03-850x500.jpeg' srcset='' sizes='auto' alt=''><\/a><figcaption><\/figcaption><\/div><div class='item'><a href='https:\/\/www.tamaulipas.gob.mx\/trabajo\/wp-content\/uploads\/sites\/11\/2020\/04\/boletin_atncovid_04.jpeg' rel='galeria'><img src='https:\/\/www.tamaulipas.gob.mx\/trabajo\/wp-content\/uploads\/sites\/11\/2020\/04\/boletin_atncovid_04-850x500.jpeg' srcset='' sizes='auto' alt=''><\/a><figcaption><\/figcaption><\/div><div class='item'><a href='https:\/\/www.tamaulipas.gob.mx\/trabajo\/wp-content\/uploads\/sites\/11\/2020\/04\/boletin_atncovid_05.jpeg' rel='galeria'><img src='https:\/\/www.tamaulipas.gob.mx\/trabajo\/wp-content\/uploads\/sites\/11\/2020\/04\/boletin_atncovid_05-850x500.jpeg' srcset='' sizes='auto' alt=''><\/a><figcaption><\/figcaption><\/div><div class='item'><a href='https:\/\/www.tamaulipas.gob.mx\/trabajo\/wp-content\/uploads\/sites\/11\/2020\/04\/boletin_atncovid_06.jpeg' rel='galeria'><img src='https:\/\/www.tamaulipas.gob.mx\/trabajo\/wp-content\/uploads\/sites\/11\/2020\/04\/boletin_atncovid_06-850x500.jpeg' srcset='' sizes='auto' alt=''><\/a><figcaption><\/figcaption><\/div><\/div>\n","protected":false},"excerpt":{"rendered":"<p>El Gobierno de Tamaulipas ha emprendido una serie de acciones que brinden protecci\u00f3n y salud a los tamaulipecos. ST-028-2020 Abril 21 del 2020 Ciudad Victoria\u2026<\/p>\n","protected":false},"author":63,"featured_media":1427,"comment_status":"closed","ping_status":"closed","sticky":false,"template":"","format":"standard","meta":{"footnotes":""},"categories":[1],"tags":[],"class_list":["post-1424","post","type-post","status-publish","format-standard","has-post-thumbnail","hentry","category-prensa"],"publishpress_future_action":{"enabled":false,"date":"2026-05-10 02:28:35","action":"change-status","newStatus":"draft","terms":[],"taxonomy":"category"},"_links":{"self":[{"href":"https:\/\/www.tamaulipas.gob.mx\/trabajo\/wp-json\/wp\/v2\/posts\/1424"}],"collection":[{"href":"https:\/\/www.tamaulipas.gob.mx\/trabajo\/wp-json\/wp\/v2\/posts"}],"about":[{"href":"https:\/\/www.tamaulipas.gob.mx\/trabajo\/wp-json\/wp\/v2\/types\/post"}],"author":[{"embeddable":true,"href":"https:\/\/www.tamaulipas.gob.mx\/trabajo\/wp-json\/wp\/v2\/users\/63"}],"replies":[{"embeddable":true,"href":"https:\/\/www.tamaulipas.gob.mx\/trabajo\/wp-json\/wp\/v2\/comments?post=1424"}],"version-history":[{"count":1,"href":"https:\/\/www.tamaulipas.gob.mx\/trabajo\/wp-json\/wp\/v2\/posts\/1424\/revisions"}],"predecessor-version":[{"id":1431,"href":"https:\/\/www.tamaulipas.gob.mx\/trabajo\/wp-json\/wp\/v2\/posts\/1424\/revisions\/1431"}],"wp:featuredmedia":[{"embeddable":true,"href":"https:\/\/www.tamaulipas.gob.mx\/trabajo\/wp-json\/wp\/v2\/media\/1427"}],"wp:attachment":[{"href":"https:\/\/www.tamaulipas.gob.mx\/trabajo\/wp-json\/wp\/v2\/media?parent=1424"}],"wp:term":[{"taxonomy":"category","embeddable":true,"href":"https:\/\/www.tamaulipas.gob.mx\/trabajo\/wp-json\/wp\/v2\/categories?post=1424"},{"taxonomy":"post_tag","embeddable":true,"href":"https:\/\/www.tamaulipas.gob.mx\/trabajo\/wp-json\/wp\/v2\/tags?post=1424"}],"curies":[{"name":"wp","href":"https:\/\/api.w.org\/{rel}","templated":true}]}}