{"id":1409,"date":"2020-04-01T22:00:08","date_gmt":"2020-04-02T04:00:08","guid":{"rendered":"https:\/\/www.tamaulipas.gob.mx\/trabajo\/?p=1409"},"modified":"2020-04-02T10:32:23","modified_gmt":"2020-04-02T16:32:23","slug":"garantizan-permanencia-de-empleo-a-tamaulipecos-que-laboran-en-el-extranjero-y-territorio-nacional","status":"publish","type":"post","link":"https:\/\/www.tamaulipas.gob.mx\/trabajo\/2020\/04\/garantizan-permanencia-de-empleo-a-tamaulipecos-que-laboran-en-el-extranjero-y-territorio-nacional\/","title":{"rendered":"Garantizan permanencia de empleo a tamaulipecos que laboran en el extranjero y territorio nacional"},"content":{"rendered":"<p><em><strong>El Gobierno de Tamaulipas atiende medidas de prevenci\u00f3n para no exponer a trabajadores que laboran en el extranjero y territorio nacional, a contraer COVID-19.<\/strong><\/em><\/p>\n<p style=\"text-align: right;\">ST-027-2020<\/p>\n<p>Abril 1 de 2020<\/p>\n<p>Ciudad Victoria Tamaulipas.- Ante la contingencia sanitaria por el COVID-19, el Gobierno de Tamaulipas garantiza la permanencia en el trabajo, y cuida la salud de quienes est\u00e1n inscritos en los programas de movilidad laboral, en espec\u00edfico de trabajadores temporales que laboran en territorio nacional y en el extranjero.<\/p>\n<p>La Secretar\u00eda del Trabajo, a trav\u00e9s del Servicio Nacional de Empleo Tamaulipas, atiende a m\u00e1s de 600 personas que participan en el Programa Trabajadores Agr\u00edcolas Temporales M\u00e9xico-Canad\u00e1, y del Mecanismo de Movilidad Laboral, desarrollado en los Estados Unidos y diversas entidades federativas de M\u00e9xico.<\/p>\n<p>Para prevenir el contagio del coronavirus, desde el pasado 18 de marzo, algunos pa\u00edses restringieron los accesos a ciudadanos extranjeros, incluyendo a trabajadores vinculados por el SNETam.<\/p>\n<p>Miguel \u00c1ngel Villarreal Ongay, Secretario del Trabajo, dijo que atendiendo las medidas de prevenci\u00f3n impuestas por el Gobierno de M\u00e9xico, Estados Unidos y Canad\u00e1, el Gobernador Francisco Garc\u00eda Cabeza de Vaca, determin\u00f3 acatar dichas disposiciones para no exponer a los trabajadores a contraer la enfermedad.<\/p>\n<p>\u201cLos empleadores son conscientes y han decidido reprogramar la llegada de los trabajadores, por lo que mantendr\u00e1n la disposici\u00f3n de emplearlos posterior a la contingencia sanitaria\u201d, dijo el funcionario.<\/p>\n<p>A la fecha, 96 trabajadores agr\u00edcolas ya se encuentran en Canad\u00e1, mismos que viajaron con el inicio de la temporada\u00a0 2020 y laboran en diversos cultivos en provincias como: Ontario, Quebec, Columbia Brit\u00e1nica, Alberta, Manitoba, Isla Pr\u00edncipe Eduardo y Nueva Escocia, quedando 98 personas con su permiso de trabajo autorizado y pendientes de reprogramar su vuelo, as\u00ed como alrededor de 200 m\u00e1s, que est\u00e1n en proceso de su aprobaci\u00f3n.<\/p>\n<p>En cuanto a los trabajadores de Mecanismo de Movilidad Laboral, M\u00e9xico-Estados Unidos, 39 personas todas agr\u00edcolas en la cosecha del tomate, que laboran para la empresa Lipman Produce en Florida, su actividad fue reprogramada hasta nuevo aviso e indicaciones del gobierno estadounidense.<\/p>\n<p>Villarreal Ongay, confirm\u00f3 que dentro de subprograma, quienes se dedican al crust\u00e1ceo y moluscos o cuentan con alguna profesi\u00f3n como ingenieros, cocineros, fabricantes de puertas y ventanas, carniceros o empacadores, en total 11 de ellos,\u00a0 est\u00e1n en la espera de salir de M\u00e9xico para realizar sus actividades, lo mismo para los cerca de 160 trabajadores que laboran en M\u00e9xico y acuden al municipio de El Naranjo en San Luis Potos\u00ed, para el corte de ca\u00f1a.<\/p>\n<p>Apunt\u00f3 que por \u00f3rdenes del mandatario, personal del SNETam mantiene comunicaci\u00f3n con los trabajadores, para atender y despejar sus dudas e inquietudes, y de esta manera cumplir con la normatividad y el respaldo de su permanencia en los programas.<\/p>\n<p style=\"text-align: center;\">###<\/p>\n<div class='owl-gallery'><div class='item'><a href='https:\/\/www.tamaulipas.gob.mx\/trabajo\/wp-content\/uploads\/sites\/11\/2020\/04\/boletin_ptat2020_01.jpeg' rel='galeria'><img src='https:\/\/www.tamaulipas.gob.mx\/trabajo\/wp-content\/uploads\/sites\/11\/2020\/04\/boletin_ptat2020_01-850x500.jpeg' srcset='' sizes='auto' alt=''><\/a><figcaption><\/figcaption><\/div><div class='item'><a href='https:\/\/www.tamaulipas.gob.mx\/trabajo\/wp-content\/uploads\/sites\/11\/2020\/04\/boletin_ptat2020_02.jpeg' rel='galeria'><img src='https:\/\/www.tamaulipas.gob.mx\/trabajo\/wp-content\/uploads\/sites\/11\/2020\/04\/boletin_ptat2020_02-850x500.jpeg' srcset='' sizes='auto' alt=''><\/a><figcaption><\/figcaption><\/div><div class='item'><a href='https:\/\/www.tamaulipas.gob.mx\/trabajo\/wp-content\/uploads\/sites\/11\/2020\/04\/boletin_ptat2020_03.jpeg' rel='galeria'><img src='https:\/\/www.tamaulipas.gob.mx\/trabajo\/wp-content\/uploads\/sites\/11\/2020\/04\/boletin_ptat2020_03-850x500.jpeg' srcset='' sizes='auto' alt=''><\/a><figcaption><\/figcaption><\/div><div class='item'><a href='https:\/\/www.tamaulipas.gob.mx\/trabajo\/wp-content\/uploads\/sites\/11\/2020\/04\/boletin_ptat2020_04.jpeg' rel='galeria'><img src='https:\/\/www.tamaulipas.gob.mx\/trabajo\/wp-content\/uploads\/sites\/11\/2020\/04\/boletin_ptat2020_04-850x500.jpeg' srcset='' sizes='auto' alt=''><\/a><figcaption><\/figcaption><\/div><div class='item'><a href='https:\/\/www.tamaulipas.gob.mx\/trabajo\/wp-content\/uploads\/sites\/11\/2020\/04\/boletin_ptat2020_05.jpeg' rel='galeria'><img src='https:\/\/www.tamaulipas.gob.mx\/trabajo\/wp-content\/uploads\/sites\/11\/2020\/04\/boletin_ptat2020_05-850x500.jpeg' srcset='' sizes='auto' alt=''><\/a><figcaption><\/figcaption><\/div><\/div>\n","protected":false},"excerpt":{"rendered":"<p>El Gobierno de Tamaulipas atiende medidas de prevenci\u00f3n para no exponer a trabajadores que laboran en el extranjero y territorio nacional, a contraer COVID-19. ST-027-2020\u2026<\/p>\n","protected":false},"author":63,"featured_media":1410,"comment_status":"closed","ping_status":"closed","sticky":false,"template":"","format":"standard","meta":{"footnotes":""},"categories":[1],"tags":[],"class_list":["post-1409","post","type-post","status-publish","format-standard","has-post-thumbnail","hentry","category-prensa"],"publishpress_future_action":{"enabled":false,"date":"2026-05-08 11:36:07","action":"change-status","newStatus":"draft","terms":[],"taxonomy":"category"},"_links":{"self":[{"href":"https:\/\/www.tamaulipas.gob.mx\/trabajo\/wp-json\/wp\/v2\/posts\/1409"}],"collection":[{"href":"https:\/\/www.tamaulipas.gob.mx\/trabajo\/wp-json\/wp\/v2\/posts"}],"about":[{"href":"https:\/\/www.tamaulipas.gob.mx\/trabajo\/wp-json\/wp\/v2\/types\/post"}],"author":[{"embeddable":true,"href":"https:\/\/www.tamaulipas.gob.mx\/trabajo\/wp-json\/wp\/v2\/users\/63"}],"replies":[{"embeddable":true,"href":"https:\/\/www.tamaulipas.gob.mx\/trabajo\/wp-json\/wp\/v2\/comments?post=1409"}],"version-history":[{"count":2,"href":"https:\/\/www.tamaulipas.gob.mx\/trabajo\/wp-json\/wp\/v2\/posts\/1409\/revisions"}],"predecessor-version":[{"id":1416,"href":"https:\/\/www.tamaulipas.gob.mx\/trabajo\/wp-json\/wp\/v2\/posts\/1409\/revisions\/1416"}],"wp:featuredmedia":[{"embeddable":true,"href":"https:\/\/www.tamaulipas.gob.mx\/trabajo\/wp-json\/wp\/v2\/media\/1410"}],"wp:attachment":[{"href":"https:\/\/www.tamaulipas.gob.mx\/trabajo\/wp-json\/wp\/v2\/media?parent=1409"}],"wp:term":[{"taxonomy":"category","embeddable":true,"href":"https:\/\/www.tamaulipas.gob.mx\/trabajo\/wp-json\/wp\/v2\/categories?post=1409"},{"taxonomy":"post_tag","embeddable":true,"href":"https:\/\/www.tamaulipas.gob.mx\/trabajo\/wp-json\/wp\/v2\/tags?post=1409"}],"curies":[{"name":"wp","href":"https:\/\/api.w.org\/{rel}","templated":true}]}}