{"id":1399,"date":"2020-03-29T22:00:35","date_gmt":"2020-03-30T04:00:35","guid":{"rendered":"https:\/\/www.tamaulipas.gob.mx\/trabajo\/?p=1399"},"modified":"2020-03-30T10:29:59","modified_gmt":"2020-03-30T16:29:59","slug":"reconocen-dignidad-y-labor-de-trabajadoras-y-trabajadores-domesticos-de-tamaulipas","status":"publish","type":"post","link":"https:\/\/www.tamaulipas.gob.mx\/trabajo\/2020\/03\/reconocen-dignidad-y-labor-de-trabajadoras-y-trabajadores-domesticos-de-tamaulipas\/","title":{"rendered":"Reconocen dignidad y labor de trabajadoras y trabajadores dom\u00e9sticos de Tamaulipas"},"content":{"rendered":"<p><em><strong>El Gobernador Francisco Garc\u00eda Cabeza de Vaca, garantiza los derechos humanos y laborales, as\u00ed como la igualdad de oportunidades para todos los tamaulipecos.<\/strong><\/em><\/p>\n<p style=\"text-align: right;\">ST-026-2020<\/p>\n<p>Marzo 29 del 2020<\/p>\n<p>Ciudad Victoria Tamaulipas.- En el marco del D\u00eda Internacional del Trabajo en el Hogar, el Gobierno de Tamaulipas, reconoce la dignidad y la importancia de la labor, que desempe\u00f1an hombres y mujeres dedicados a este oficio.<\/p>\n<p>De acuerdo a datos de la Encuesta Nacional de Ocupaci\u00f3n y Empleo, relacionados al cuarto trimestre de 2019, Tamaulipas registra un total de 64 mil 228 trabajadores del hogar, de los cuales 8 mil 475 son hombres y 55 mil 753 son mujeres.<\/p>\n<p>Miguel \u00c1ngel Villarreal Ongay, Secretario del Trabajo, dijo que luego de la reforma, adici\u00f3n y derogaci\u00f3n de diversas disposiciones a la Ley Federal del Trabajo y de la Ley del Seguro Social en materia de las personas trabajadoras del hogar, publicada en el 2019, el Gobernador Francisco Garc\u00eda Cabeza de Vaca, garantiza los derechos humanos y laborales, as\u00ed como la igualdad de oportunidades para todos los tamaulipecos.<\/p>\n<p>\u201cEl mandatario ha reiterado su postura de velar y proteger los derechos que les corresponde a las y los trabajadores del hogar, a fin de que todos tengan acceso a las prestaciones y servicios contenidos en la Ley Federal del Trabajo\u201d, expuso.<\/p>\n<p>Coment\u00f3 que la dependencia a su cargo, a trav\u00e9s de la Procuradur\u00eda General de la Defensa del Trabajo y la Direcci\u00f3n de Conciliaci\u00f3n, da protecci\u00f3n a este sector de la poblaci\u00f3n, a fin de mejorar sus condiciones de vida.<\/p>\n<p>El encargado de la pol\u00edtica laboral, argument\u00f3 que las personas que se dedican al trabajo dom\u00e9stico y est\u00e1n enfocadas al cuidado de ni\u00f1os, adultos mayores, a la cocina, al cuidado de jardines o son mozos o choferes, tienen derechos laborales y estos deber de ser respetados.<\/p>\n<p>Apunt\u00f3 que el trabajo del hogar es fundamental para la vida de muchas personas, por lo que en Tamaulipas se sigue trabajando en un cambio legal y cultural, para evitar las violaciones a los derechos laborales de las y los trabajadores.<\/p>\n<p>&nbsp;<\/p>\n<p style=\"text-align: center;\">###<\/p>\n<p>&nbsp;<\/p>\n<div class='owl-gallery'><div class='item'><a href='https:\/\/www.tamaulipas.gob.mx\/trabajo\/wp-content\/uploads\/sites\/11\/2020\/03\/boletin_trabajadorashogar_01.jpeg' rel='galeria'><img src='https:\/\/www.tamaulipas.gob.mx\/trabajo\/wp-content\/uploads\/sites\/11\/2020\/03\/boletin_trabajadorashogar_01-850x500.jpeg' srcset='' sizes='auto' alt=''><\/a><figcaption><\/figcaption><\/div><div class='item'><a href='https:\/\/www.tamaulipas.gob.mx\/trabajo\/wp-content\/uploads\/sites\/11\/2020\/03\/boletin_trabajadorashogar_02.jpeg' rel='galeria'><img src='https:\/\/www.tamaulipas.gob.mx\/trabajo\/wp-content\/uploads\/sites\/11\/2020\/03\/boletin_trabajadorashogar_02-850x500.jpeg' srcset='' sizes='auto' alt=''><\/a><figcaption><\/figcaption><\/div><div class='item'><a href='https:\/\/www.tamaulipas.gob.mx\/trabajo\/wp-content\/uploads\/sites\/11\/2020\/03\/boletin_trabajadorashogar_03.jpeg' rel='galeria'><img src='https:\/\/www.tamaulipas.gob.mx\/trabajo\/wp-content\/uploads\/sites\/11\/2020\/03\/boletin_trabajadorashogar_03-850x500.jpeg' srcset='' sizes='auto' alt=''><\/a><figcaption><\/figcaption><\/div><div class='item'><a href='https:\/\/www.tamaulipas.gob.mx\/trabajo\/wp-content\/uploads\/sites\/11\/2020\/03\/boletin_trabajadorashogar_04.jpeg' rel='galeria'><img src='https:\/\/www.tamaulipas.gob.mx\/trabajo\/wp-content\/uploads\/sites\/11\/2020\/03\/boletin_trabajadorashogar_04-850x500.jpeg' srcset='' sizes='auto' alt=''><\/a><figcaption><\/figcaption><\/div><div class='item'><a href='https:\/\/www.tamaulipas.gob.mx\/trabajo\/wp-content\/uploads\/sites\/11\/2020\/03\/boletin_trabajadorashogar_05.jpeg' rel='galeria'><img src='https:\/\/www.tamaulipas.gob.mx\/trabajo\/wp-content\/uploads\/sites\/11\/2020\/03\/boletin_trabajadorashogar_05-850x500.jpeg' srcset='' sizes='auto' alt=''><\/a><figcaption><\/figcaption><\/div><div class='item'><a href='https:\/\/www.tamaulipas.gob.mx\/trabajo\/wp-content\/uploads\/sites\/11\/2020\/03\/boletin_trabajadorashogar_06.jpeg' rel='galeria'><img src='https:\/\/www.tamaulipas.gob.mx\/trabajo\/wp-content\/uploads\/sites\/11\/2020\/03\/boletin_trabajadorashogar_06-850x500.jpeg' srcset='' sizes='auto' alt=''><\/a><figcaption><\/figcaption><\/div><div class='item'><a href='https:\/\/www.tamaulipas.gob.mx\/trabajo\/wp-content\/uploads\/sites\/11\/2020\/03\/boletin_trabajadorashogar_07.jpeg' rel='galeria'><img src='https:\/\/www.tamaulipas.gob.mx\/trabajo\/wp-content\/uploads\/sites\/11\/2020\/03\/boletin_trabajadorashogar_07-850x500.jpeg' srcset='' sizes='auto' alt=''><\/a><figcaption><\/figcaption><\/div><\/div>\n","protected":false},"excerpt":{"rendered":"<p>El Gobernador Francisco Garc\u00eda Cabeza de Vaca, garantiza los derechos humanos y laborales, as\u00ed como la igualdad de oportunidades para todos los tamaulipecos. ST-026-2020 Marzo\u2026<\/p>\n","protected":false},"author":63,"featured_media":1403,"comment_status":"closed","ping_status":"closed","sticky":false,"template":"","format":"standard","meta":{"footnotes":""},"categories":[1],"tags":[],"class_list":["post-1399","post","type-post","status-publish","format-standard","has-post-thumbnail","hentry","category-prensa"],"publishpress_future_action":{"enabled":false,"date":"2026-05-08 11:36:07","action":"change-status","newStatus":"draft","terms":[],"taxonomy":"category"},"_links":{"self":[{"href":"https:\/\/www.tamaulipas.gob.mx\/trabajo\/wp-json\/wp\/v2\/posts\/1399"}],"collection":[{"href":"https:\/\/www.tamaulipas.gob.mx\/trabajo\/wp-json\/wp\/v2\/posts"}],"about":[{"href":"https:\/\/www.tamaulipas.gob.mx\/trabajo\/wp-json\/wp\/v2\/types\/post"}],"author":[{"embeddable":true,"href":"https:\/\/www.tamaulipas.gob.mx\/trabajo\/wp-json\/wp\/v2\/users\/63"}],"replies":[{"embeddable":true,"href":"https:\/\/www.tamaulipas.gob.mx\/trabajo\/wp-json\/wp\/v2\/comments?post=1399"}],"version-history":[{"count":2,"href":"https:\/\/www.tamaulipas.gob.mx\/trabajo\/wp-json\/wp\/v2\/posts\/1399\/revisions"}],"predecessor-version":[{"id":1408,"href":"https:\/\/www.tamaulipas.gob.mx\/trabajo\/wp-json\/wp\/v2\/posts\/1399\/revisions\/1408"}],"wp:featuredmedia":[{"embeddable":true,"href":"https:\/\/www.tamaulipas.gob.mx\/trabajo\/wp-json\/wp\/v2\/media\/1403"}],"wp:attachment":[{"href":"https:\/\/www.tamaulipas.gob.mx\/trabajo\/wp-json\/wp\/v2\/media?parent=1399"}],"wp:term":[{"taxonomy":"category","embeddable":true,"href":"https:\/\/www.tamaulipas.gob.mx\/trabajo\/wp-json\/wp\/v2\/categories?post=1399"},{"taxonomy":"post_tag","embeddable":true,"href":"https:\/\/www.tamaulipas.gob.mx\/trabajo\/wp-json\/wp\/v2\/tags?post=1399"}],"curies":[{"name":"wp","href":"https:\/\/api.w.org\/{rel}","templated":true}]}}