{"id":1381,"date":"2020-03-26T22:00:36","date_gmt":"2020-03-27T04:00:36","guid":{"rendered":"https:\/\/www.tamaulipas.gob.mx\/trabajo\/?p=1381"},"modified":"2020-03-30T10:22:38","modified_gmt":"2020-03-30T16:22:38","slug":"empresarios-y-comerciantes-de-tamaulipas-hacen-frente-comun-para-prevenir-covid-19","status":"publish","type":"post","link":"https:\/\/www.tamaulipas.gob.mx\/trabajo\/2020\/03\/empresarios-y-comerciantes-de-tamaulipas-hacen-frente-comun-para-prevenir-covid-19\/","title":{"rendered":"Empresarios y comerciantes de Tamaulipas hacen frente com\u00fan para prevenir COVID-19"},"content":{"rendered":"<p><em><strong>El Gobierno de Tamaulipas trabaja en coordinaci\u00f3n con las c\u00e1maras, organismos empresariales, sector maquilador y poblaci\u00f3n en general, para hacer frente com\u00fan a contingencia.<\/strong><\/em><\/p>\n<p style=\"text-align: right;\">\u00a0ST-024-2020<\/p>\n<p>Marzo 26 del 2020<\/p>\n<p>Ciudad Victoria, Tamaulipas.- La Secretar\u00eda del Trabajo reforz\u00f3 las medidas sanitarias que el Gobierno de Tamaulipas difunde a trav\u00e9s del sector salud, a fin de que los espacios ocupados por patrones y trabajadores se mantengan libres de contagio del COVID-19.<\/p>\n<p>Personal de la Direcci\u00f3n de Inspecci\u00f3n de Inspecci\u00f3n y Previsi\u00f3n Social, visita establecimientos, tiendas departamentales, industria maquiladora y recorre calles de los principales municipios, acercando informaci\u00f3n y orientaci\u00f3n a la poblaci\u00f3n sobre el cuidado de la salud.<\/p>\n<p>El encargado de la pol\u00edtica laboral en la entidad, Miguel \u00c1ngel Villarreal Ongay, asegur\u00f3 que es necesario que la poblaci\u00f3n, tomen en consideraci\u00f3n y atienda las recomendaciones de la Secretar\u00eda de Salud, para contener el virus y sus consecuencias.<\/p>\n<p>\u201cLa instrucci\u00f3n del Gobernador, Francisco Garc\u00eda Cabeza de Vaca, es que trabajemos en coordinaci\u00f3n con las c\u00e1maras, organismos empresariales, sector maquilador y poblaci\u00f3n en general, para que todos hagamos un frente com\u00fan a esta contingencia\u201d, dijo.<\/p>\n<p>Como parte de las acciones, personal de la dependencia estatal, verifica que empleadores ofrezcan a su personal, los insumos b\u00e1sicos de higiene: gel antibacterial, jabon o art\u00edculos de limpieza para sus \u00e1reas, y que patrones mantengan vigentes los servicios m\u00e9dicos.<\/p>\n<p>Ante la complicada situaci\u00f3n que se vislumbra para todos sectores del pa\u00eds, el funcionario celebr\u00f3 las determinaciones del ejecutivo, de brindar est\u00edmulos fiscales y econ\u00f3micos a empresarios y comerciantes, a fin de mantener el capital de las familias y la generaci\u00f3n de empleo en la entidad.<\/p>\n<p style=\"text-align: center;\">###<\/p>\n<div class='owl-gallery'><div class='item'><a href='https:\/\/www.tamaulipas.gob.mx\/trabajo\/wp-content\/uploads\/sites\/11\/2020\/03\/boletin_medidas-covid_01.jpeg' rel='galeria'><img src='https:\/\/www.tamaulipas.gob.mx\/trabajo\/wp-content\/uploads\/sites\/11\/2020\/03\/boletin_medidas-covid_01-850x500.jpeg' srcset='' sizes='auto' alt=''><\/a><figcaption><\/figcaption><\/div><div class='item'><a href='https:\/\/www.tamaulipas.gob.mx\/trabajo\/wp-content\/uploads\/sites\/11\/2020\/03\/boletin_medidas-covid_02.jpeg' rel='galeria'><img src='https:\/\/www.tamaulipas.gob.mx\/trabajo\/wp-content\/uploads\/sites\/11\/2020\/03\/boletin_medidas-covid_02-850x500.jpeg' srcset='' sizes='auto' alt=''><\/a><figcaption><\/figcaption><\/div><div class='item'><a href='https:\/\/www.tamaulipas.gob.mx\/trabajo\/wp-content\/uploads\/sites\/11\/2020\/03\/boletin_medidas-covid_03.jpeg' rel='galeria'><img src='https:\/\/www.tamaulipas.gob.mx\/trabajo\/wp-content\/uploads\/sites\/11\/2020\/03\/boletin_medidas-covid_03-850x500.jpeg' srcset='' sizes='auto' alt=''><\/a><figcaption><\/figcaption><\/div><div class='item'><a href='https:\/\/www.tamaulipas.gob.mx\/trabajo\/wp-content\/uploads\/sites\/11\/2020\/03\/boletin_medidas-covid_04.jpeg' rel='galeria'><img src='https:\/\/www.tamaulipas.gob.mx\/trabajo\/wp-content\/uploads\/sites\/11\/2020\/03\/boletin_medidas-covid_04-850x500.jpeg' srcset='' sizes='auto' alt=''><\/a><figcaption><\/figcaption><\/div><div class='item'><a href='https:\/\/www.tamaulipas.gob.mx\/trabajo\/wp-content\/uploads\/sites\/11\/2020\/03\/boletin_medidas-covid_05.jpeg' rel='galeria'><img src='https:\/\/www.tamaulipas.gob.mx\/trabajo\/wp-content\/uploads\/sites\/11\/2020\/03\/boletin_medidas-covid_05-850x500.jpeg' srcset='' sizes='auto' alt=''><\/a><figcaption><\/figcaption><\/div><div class='item'><a href='https:\/\/www.tamaulipas.gob.mx\/trabajo\/wp-content\/uploads\/sites\/11\/2020\/03\/boletin_medidas-covid_06.jpeg' rel='galeria'><img src='https:\/\/www.tamaulipas.gob.mx\/trabajo\/wp-content\/uploads\/sites\/11\/2020\/03\/boletin_medidas-covid_06-850x500.jpeg' srcset='' sizes='auto' alt=''><\/a><figcaption><\/figcaption><\/div><div class='item'><a href='https:\/\/www.tamaulipas.gob.mx\/trabajo\/wp-content\/uploads\/sites\/11\/2020\/03\/boletin_medidas-covid_07.jpeg' rel='galeria'><img src='https:\/\/www.tamaulipas.gob.mx\/trabajo\/wp-content\/uploads\/sites\/11\/2020\/03\/boletin_medidas-covid_07-850x500.jpeg' srcset='' sizes='auto' alt=''><\/a><figcaption><\/figcaption><\/div><div class='item'><a href='https:\/\/www.tamaulipas.gob.mx\/trabajo\/wp-content\/uploads\/sites\/11\/2020\/03\/boletin_medidas-covid_08.jpeg' rel='galeria'><img src='https:\/\/www.tamaulipas.gob.mx\/trabajo\/wp-content\/uploads\/sites\/11\/2020\/03\/boletin_medidas-covid_08-850x500.jpeg' srcset='' sizes='auto' alt=''><\/a><figcaption><\/figcaption><\/div><\/div>\n","protected":false},"excerpt":{"rendered":"<p>El Gobierno de Tamaulipas trabaja en coordinaci\u00f3n con las c\u00e1maras, organismos empresariales, sector maquilador y poblaci\u00f3n en general, para hacer frente com\u00fan a contingencia. \u00a0ST-024-2020\u2026<\/p>\n","protected":false},"author":63,"featured_media":1387,"comment_status":"closed","ping_status":"closed","sticky":false,"template":"","format":"standard","meta":{"footnotes":""},"categories":[1],"tags":[],"class_list":["post-1381","post","type-post","status-publish","format-standard","has-post-thumbnail","hentry","category-prensa"],"publishpress_future_action":{"enabled":false,"date":"2026-05-08 11:50:47","action":"change-status","newStatus":"draft","terms":[],"taxonomy":"category"},"_links":{"self":[{"href":"https:\/\/www.tamaulipas.gob.mx\/trabajo\/wp-json\/wp\/v2\/posts\/1381"}],"collection":[{"href":"https:\/\/www.tamaulipas.gob.mx\/trabajo\/wp-json\/wp\/v2\/posts"}],"about":[{"href":"https:\/\/www.tamaulipas.gob.mx\/trabajo\/wp-json\/wp\/v2\/types\/post"}],"author":[{"embeddable":true,"href":"https:\/\/www.tamaulipas.gob.mx\/trabajo\/wp-json\/wp\/v2\/users\/63"}],"replies":[{"embeddable":true,"href":"https:\/\/www.tamaulipas.gob.mx\/trabajo\/wp-json\/wp\/v2\/comments?post=1381"}],"version-history":[{"count":1,"href":"https:\/\/www.tamaulipas.gob.mx\/trabajo\/wp-json\/wp\/v2\/posts\/1381\/revisions"}],"predecessor-version":[{"id":1390,"href":"https:\/\/www.tamaulipas.gob.mx\/trabajo\/wp-json\/wp\/v2\/posts\/1381\/revisions\/1390"}],"wp:featuredmedia":[{"embeddable":true,"href":"https:\/\/www.tamaulipas.gob.mx\/trabajo\/wp-json\/wp\/v2\/media\/1387"}],"wp:attachment":[{"href":"https:\/\/www.tamaulipas.gob.mx\/trabajo\/wp-json\/wp\/v2\/media?parent=1381"}],"wp:term":[{"taxonomy":"category","embeddable":true,"href":"https:\/\/www.tamaulipas.gob.mx\/trabajo\/wp-json\/wp\/v2\/categories?post=1381"},{"taxonomy":"post_tag","embeddable":true,"href":"https:\/\/www.tamaulipas.gob.mx\/trabajo\/wp-json\/wp\/v2\/tags?post=1381"}],"curies":[{"name":"wp","href":"https:\/\/api.w.org\/{rel}","templated":true}]}}