{"id":1371,"date":"2020-03-23T22:00:27","date_gmt":"2020-03-24T04:00:27","guid":{"rendered":"https:\/\/www.tamaulipas.gob.mx\/trabajo\/?p=1371"},"modified":"2020-03-24T11:37:42","modified_gmt":"2020-03-24T17:37:42","slug":"gobierno-de-tamaulipas-orienta-a-empleadores-y-trabajadores-sobre-covid-19","status":"publish","type":"post","link":"https:\/\/www.tamaulipas.gob.mx\/trabajo\/2020\/03\/gobierno-de-tamaulipas-orienta-a-empleadores-y-trabajadores-sobre-covid-19\/","title":{"rendered":"Gobierno de Tamaulipas orienta a empleadores y trabajadores, sobre COVID-19"},"content":{"rendered":"<p><em><strong>El Gobierno de Tamaulipas ha dispuesto diversas medidas para evitar el contagio del virus, y una de ellas es ofrecer y acercar informaci\u00f3n sobre el cuidado de la salud.<\/strong><\/em><\/p>\n<p style=\"text-align: right;\">\u00a0ST-023-2020<\/p>\n<p>Marzo 23 del 2020<\/p>\n<p>Ciudad Victoria, Tamaulipas.- Para prevenir y proteger la salud de los obreros y patrones, la Secretar\u00eda del Trabajo en colaboraci\u00f3n con la Secretar\u00eda de Salud, entrega folletos con el tema \u201cOrientaci\u00f3n para Empleadores y Trabajadores sobre el COVID-19\u201d, en la industria maquiladora y manufacturera de exportaci\u00f3n.<\/p>\n<p>El objetivo es brindar informaci\u00f3n sobre el coronavirus, c\u00f3mo se transmite y cu\u00e1les son sus s\u00edntomas, as\u00ed mismo crear conciencia sobre lo que se debe de hacer en el torno laboral para cuidar la salud de todos.<\/p>\n<p>Miguel \u00c1ngel Villarreal Ongay, titular de la dependencia, dijo que el Gobernador, Francisco Garc\u00eda Cabeza de Vaca, preocupado por la salud de los tamaulipecos, ha dispuesto diversas medidas para evitar el contagio del virus, y una de ellas es ofrecer y acercar informaci\u00f3n sobre el cuidado de la salud.<\/p>\n<p>\u201cNosotros somos emisores de lo que nos manda Gobierno del Estado a trav\u00e9s de la Secretar\u00eda de Salud, lo hacemos llegar a las empresas y las empresas est\u00e1n haciendo lo propio, siendo responsables y tomando en consideraci\u00f3n las medidas sanitarias\u201d, dijo.<\/p>\n<p>Coment\u00f3 que el sector industrial, implementa protocolos b\u00e1sicos de cuidado extraordinario, tal es el caso de pl\u00e1ticas para atender el plan de prevenci\u00f3n, la aplicaci\u00f3n de cuestionarios a trabajadores, para que en caso de presentar alg\u00fan s\u00edntoma sean remitidos a consulta m\u00e9dica, tambi\u00e9n han dispuesto de gel antibacterial en las entradas y salidas, el lavado constante de manos, limpieza en las \u00e1reas de trabajo y el evitar el contacto entre compa\u00f1eros.<\/p>\n<p>El funcionario apunt\u00f3 que se est\u00e1 al pendiente de las acciones que realizan las Comisiones Mixtas de Seguridad e Higiene de cada una de las empresas, as\u00ed como de las determinaciones que son consideradas convenientes para el cumplimiento de la jornada laboral.<\/p>\n<p>Villarreal Ongay detall\u00f3 que para garantizar las fuentes de empleo en la entidad, han alentado al sector empresarial, cuidar y proteger la salud de su plantilla, as\u00ed como acatar todas las disposiciones en materia laboral que marca la Ley Federal del Trabajo.<\/p>\n<p>&nbsp;<\/p>\n<p style=\"text-align: center;\">###<\/p>\n<div class='owl-gallery'><div class='item'><a href='https:\/\/www.tamaulipas.gob.mx\/trabajo\/wp-content\/uploads\/sites\/11\/2020\/03\/boletn_folletos_covid_01.jpeg' rel='galeria'><img src='https:\/\/www.tamaulipas.gob.mx\/trabajo\/wp-content\/uploads\/sites\/11\/2020\/03\/boletn_folletos_covid_01-850x500.jpeg' srcset='' sizes='auto' alt=''><\/a><figcaption><\/figcaption><\/div><div class='item'><a href='https:\/\/www.tamaulipas.gob.mx\/trabajo\/wp-content\/uploads\/sites\/11\/2020\/03\/boletn_folletos_covid_02.jpeg' rel='galeria'><img src='https:\/\/www.tamaulipas.gob.mx\/trabajo\/wp-content\/uploads\/sites\/11\/2020\/03\/boletn_folletos_covid_02-850x500.jpeg' srcset='' sizes='auto' alt=''><\/a><figcaption><\/figcaption><\/div><div class='item'><a href='https:\/\/www.tamaulipas.gob.mx\/trabajo\/wp-content\/uploads\/sites\/11\/2020\/03\/boletn_folletos_covid_03.jpeg' rel='galeria'><img src='https:\/\/www.tamaulipas.gob.mx\/trabajo\/wp-content\/uploads\/sites\/11\/2020\/03\/boletn_folletos_covid_03-850x500.jpeg' srcset='' sizes='auto' alt=''><\/a><figcaption><\/figcaption><\/div><div class='item'><a href='https:\/\/www.tamaulipas.gob.mx\/trabajo\/wp-content\/uploads\/sites\/11\/2020\/03\/boletn_folletos_covid_04.jpeg' rel='galeria'><img src='https:\/\/www.tamaulipas.gob.mx\/trabajo\/wp-content\/uploads\/sites\/11\/2020\/03\/boletn_folletos_covid_04-850x500.jpeg' srcset='' sizes='auto' alt=''><\/a><figcaption><\/figcaption><\/div><div class='item'><a href='https:\/\/www.tamaulipas.gob.mx\/trabajo\/wp-content\/uploads\/sites\/11\/2020\/03\/boletn_folletos_covid_05.jpeg' rel='galeria'><img src='https:\/\/www.tamaulipas.gob.mx\/trabajo\/wp-content\/uploads\/sites\/11\/2020\/03\/boletn_folletos_covid_05-850x500.jpeg' srcset='' sizes='auto' alt=''><\/a><figcaption><\/figcaption><\/div><div class='item'><a href='https:\/\/www.tamaulipas.gob.mx\/trabajo\/wp-content\/uploads\/sites\/11\/2020\/03\/boletn_folletos_covid_06.jpeg' rel='galeria'><img src='https:\/\/www.tamaulipas.gob.mx\/trabajo\/wp-content\/uploads\/sites\/11\/2020\/03\/boletn_folletos_covid_06-850x500.jpeg' srcset='' sizes='auto' alt=''><\/a><figcaption><\/figcaption><\/div><\/div>\n","protected":false},"excerpt":{"rendered":"<p>El Gobierno de Tamaulipas ha dispuesto diversas medidas para evitar el contagio del virus, y una de ellas es ofrecer y acercar informaci\u00f3n sobre el\u2026<\/p>\n","protected":false},"author":63,"featured_media":1372,"comment_status":"closed","ping_status":"closed","sticky":false,"template":"","format":"standard","meta":{"footnotes":""},"categories":[1],"tags":[],"class_list":["post-1371","post","type-post","status-publish","format-standard","has-post-thumbnail","hentry","category-prensa"],"publishpress_future_action":{"enabled":false,"date":"2026-05-08 11:36:08","action":"change-status","newStatus":"draft","terms":[],"taxonomy":"category"},"_links":{"self":[{"href":"https:\/\/www.tamaulipas.gob.mx\/trabajo\/wp-json\/wp\/v2\/posts\/1371"}],"collection":[{"href":"https:\/\/www.tamaulipas.gob.mx\/trabajo\/wp-json\/wp\/v2\/posts"}],"about":[{"href":"https:\/\/www.tamaulipas.gob.mx\/trabajo\/wp-json\/wp\/v2\/types\/post"}],"author":[{"embeddable":true,"href":"https:\/\/www.tamaulipas.gob.mx\/trabajo\/wp-json\/wp\/v2\/users\/63"}],"replies":[{"embeddable":true,"href":"https:\/\/www.tamaulipas.gob.mx\/trabajo\/wp-json\/wp\/v2\/comments?post=1371"}],"version-history":[{"count":2,"href":"https:\/\/www.tamaulipas.gob.mx\/trabajo\/wp-json\/wp\/v2\/posts\/1371\/revisions"}],"predecessor-version":[{"id":1379,"href":"https:\/\/www.tamaulipas.gob.mx\/trabajo\/wp-json\/wp\/v2\/posts\/1371\/revisions\/1379"}],"wp:featuredmedia":[{"embeddable":true,"href":"https:\/\/www.tamaulipas.gob.mx\/trabajo\/wp-json\/wp\/v2\/media\/1372"}],"wp:attachment":[{"href":"https:\/\/www.tamaulipas.gob.mx\/trabajo\/wp-json\/wp\/v2\/media?parent=1371"}],"wp:term":[{"taxonomy":"category","embeddable":true,"href":"https:\/\/www.tamaulipas.gob.mx\/trabajo\/wp-json\/wp\/v2\/categories?post=1371"},{"taxonomy":"post_tag","embeddable":true,"href":"https:\/\/www.tamaulipas.gob.mx\/trabajo\/wp-json\/wp\/v2\/tags?post=1371"}],"curies":[{"name":"wp","href":"https:\/\/api.w.org\/{rel}","templated":true}]}}