{"id":1343,"date":"2020-03-12T22:00:20","date_gmt":"2020-03-13T04:00:20","guid":{"rendered":"https:\/\/www.tamaulipas.gob.mx\/trabajo\/?p=1343"},"modified":"2020-03-17T15:28:00","modified_gmt":"2020-03-17T21:28:00","slug":"ofertan-mas-de-mil-oportunidades-de-trabajo-a-jovenes-tamaulipecos","status":"publish","type":"post","link":"https:\/\/www.tamaulipas.gob.mx\/trabajo\/2020\/03\/ofertan-mas-de-mil-oportunidades-de-trabajo-a-jovenes-tamaulipecos\/","title":{"rendered":"Ofertan m\u00e1s de mil oportunidades de trabajo a j\u00f3venes tamaulipecos"},"content":{"rendered":"<p><em><strong>Con las Ferias de Empleo, se promueve la participaci\u00f3n activa del sector juvenil en el mercado laboral y se incentiva a que estos potencialicen sus habilidades para lograr sus metas de vida personal.<\/strong><\/em><\/p>\n<p style=\"text-align: right;\">\u00a0ST-020-2020<\/p>\n<p>Marzo 12 del 2020<\/p>\n<p>Ciudad Victoria, Tamaulipas.- Con la oferta de m\u00e1s de mil vacantes y la participaci\u00f3n de m\u00e1s de 52 empresas, el Gobierno de Tamaulipas, inaugur\u00f3 la Primera Feria de Empleo para J\u00f3venes, Victoria 2020.<\/p>\n<p>El encuentro entre los buscadores de empleo y el sector empresarial, as\u00ed como dependencias de gobierno, se dio en las instalaciones del Polyforum Victoria, donde se realiz\u00f3 el proceso de acercamiento y vinculaci\u00f3n laboral.<\/p>\n<p>Miguel \u00c1ngel Villarreal Ongay, Secretario del Trabajo, dio a conocer que el Gobernador, Francisco Garc\u00eda Cabeza de Vaca, est\u00e1 al pendiente de las necesidades de la poblaci\u00f3n, en particular del sector considerado como uno de los m\u00e1s din\u00e1micos, es decir los j\u00f3venes, para brindarles oportunidades de empleo.<\/p>\n<p>\u201cEn Tamaulipas hay mucha oferta de trabajo, el gobierno brinda las condiciones favorables para la generaci\u00f3n de empleo, vamos a seguir con las giras, tenemos 13 eventos programados en la entidad\u201d, dijo.<\/p>\n<p>Expres\u00f3 que en lo que va del 2020, tan solo en el centro de estado, el SNETam ha atendido a 2 mil 742 personas, de los cuales mil 214 son mujeres y mil 528 son hombres, el 59% corresponde a j\u00f3venes de entre 16 y 29 a\u00f1os.<\/p>\n<p>Abigail Torres Lara, fue favorecida al participar en una de las Ferias de Empleo, pues logr\u00f3 ser contratada para el puesto de asistente en la direcci\u00f3n de una compa\u00f1\u00eda dedicada a la venta de productos el\u00e9ctricos, dijo estar agradecida por las facilidades para encontrar empleo, las cuales favorecen al desarrollo econ\u00f3mico y social.<\/p>\n<p>La Feria de Empleo reuni\u00f3 a funcionarios de los tres niveles de gobierno, quienes coincidieron que con este tipo de eventos, se promueve la participaci\u00f3n activa del sector juvenil en el mercado laboral y se incentiva a que estos potencialicen sus habilidades para lograr sus metas de vida personal.<\/p>\n<p>&nbsp;<\/p>\n<p style=\"text-align: center;\">###<\/p>\n<p>&nbsp;<\/p>\n<div class='owl-gallery'><div class='item'><a href='https:\/\/www.tamaulipas.gob.mx\/trabajo\/wp-content\/uploads\/sites\/11\/2020\/03\/boletinferiavictoria01.jpeg' rel='galeria'><img src='https:\/\/www.tamaulipas.gob.mx\/trabajo\/wp-content\/uploads\/sites\/11\/2020\/03\/boletinferiavictoria01-850x500.jpeg' srcset='' sizes='auto' alt=''><\/a><figcaption><\/figcaption><\/div><div class='item'><a href='https:\/\/www.tamaulipas.gob.mx\/trabajo\/wp-content\/uploads\/sites\/11\/2020\/03\/boletinferiavictoria02.jpeg' rel='galeria'><img src='https:\/\/www.tamaulipas.gob.mx\/trabajo\/wp-content\/uploads\/sites\/11\/2020\/03\/boletinferiavictoria02-850x500.jpeg' srcset='' sizes='auto' alt=''><\/a><figcaption><\/figcaption><\/div><div class='item'><a href='https:\/\/www.tamaulipas.gob.mx\/trabajo\/wp-content\/uploads\/sites\/11\/2020\/03\/boletinferiavictoria03.jpeg' rel='galeria'><img src='https:\/\/www.tamaulipas.gob.mx\/trabajo\/wp-content\/uploads\/sites\/11\/2020\/03\/boletinferiavictoria03-850x500.jpeg' srcset='' sizes='auto' alt=''><\/a><figcaption><\/figcaption><\/div><div class='item'><a href='https:\/\/www.tamaulipas.gob.mx\/trabajo\/wp-content\/uploads\/sites\/11\/2020\/03\/boletinferiavictoria04.jpeg' rel='galeria'><img src='https:\/\/www.tamaulipas.gob.mx\/trabajo\/wp-content\/uploads\/sites\/11\/2020\/03\/boletinferiavictoria04-850x500.jpeg' srcset='' sizes='auto' alt=''><\/a><figcaption><\/figcaption><\/div><div class='item'><a href='https:\/\/www.tamaulipas.gob.mx\/trabajo\/wp-content\/uploads\/sites\/11\/2020\/03\/boletinferiavictoria05.jpeg' rel='galeria'><img src='https:\/\/www.tamaulipas.gob.mx\/trabajo\/wp-content\/uploads\/sites\/11\/2020\/03\/boletinferiavictoria05-850x500.jpeg' srcset='' sizes='auto' alt=''><\/a><figcaption><\/figcaption><\/div><div class='item'><a href='https:\/\/www.tamaulipas.gob.mx\/trabajo\/wp-content\/uploads\/sites\/11\/2020\/03\/boletinferiavictoria06.jpeg' rel='galeria'><img src='https:\/\/www.tamaulipas.gob.mx\/trabajo\/wp-content\/uploads\/sites\/11\/2020\/03\/boletinferiavictoria06-850x500.jpeg' srcset='' sizes='auto' alt=''><\/a><figcaption><\/figcaption><\/div><div class='item'><a href='https:\/\/www.tamaulipas.gob.mx\/trabajo\/wp-content\/uploads\/sites\/11\/2020\/03\/boletinferiavictoria07.jpeg' rel='galeria'><img src='https:\/\/www.tamaulipas.gob.mx\/trabajo\/wp-content\/uploads\/sites\/11\/2020\/03\/boletinferiavictoria07-850x500.jpeg' srcset='' sizes='auto' alt=''><\/a><figcaption><\/figcaption><\/div><div class='item'><a href='https:\/\/www.tamaulipas.gob.mx\/trabajo\/wp-content\/uploads\/sites\/11\/2020\/03\/boletinferiavictoria08.jpeg' rel='galeria'><img src='https:\/\/www.tamaulipas.gob.mx\/trabajo\/wp-content\/uploads\/sites\/11\/2020\/03\/boletinferiavictoria08-850x500.jpeg' srcset='' sizes='auto' alt=''><\/a><figcaption><\/figcaption><\/div><div class='item'><a href='https:\/\/www.tamaulipas.gob.mx\/trabajo\/wp-content\/uploads\/sites\/11\/2020\/03\/boletinferiavictoria09.jpeg' rel='galeria'><img src='https:\/\/www.tamaulipas.gob.mx\/trabajo\/wp-content\/uploads\/sites\/11\/2020\/03\/boletinferiavictoria09-850x500.jpeg' srcset='' sizes='auto' alt=''><\/a><figcaption><\/figcaption><\/div><\/div>\n","protected":false},"excerpt":{"rendered":"<p>Con las Ferias de Empleo, se promueve la participaci\u00f3n activa del sector juvenil en el mercado laboral y se incentiva a que estos potencialicen sus\u2026<\/p>\n","protected":false},"author":63,"featured_media":1351,"comment_status":"closed","ping_status":"closed","sticky":false,"template":"","format":"standard","meta":{"footnotes":""},"categories":[1],"tags":[],"class_list":["post-1343","post","type-post","status-publish","format-standard","has-post-thumbnail","hentry","category-prensa"],"publishpress_future_action":{"enabled":false,"date":"2026-05-08 11:36:26","action":"change-status","newStatus":"draft","terms":[],"taxonomy":"category"},"_links":{"self":[{"href":"https:\/\/www.tamaulipas.gob.mx\/trabajo\/wp-json\/wp\/v2\/posts\/1343"}],"collection":[{"href":"https:\/\/www.tamaulipas.gob.mx\/trabajo\/wp-json\/wp\/v2\/posts"}],"about":[{"href":"https:\/\/www.tamaulipas.gob.mx\/trabajo\/wp-json\/wp\/v2\/types\/post"}],"author":[{"embeddable":true,"href":"https:\/\/www.tamaulipas.gob.mx\/trabajo\/wp-json\/wp\/v2\/users\/63"}],"replies":[{"embeddable":true,"href":"https:\/\/www.tamaulipas.gob.mx\/trabajo\/wp-json\/wp\/v2\/comments?post=1343"}],"version-history":[{"count":2,"href":"https:\/\/www.tamaulipas.gob.mx\/trabajo\/wp-json\/wp\/v2\/posts\/1343\/revisions"}],"predecessor-version":[{"id":1354,"href":"https:\/\/www.tamaulipas.gob.mx\/trabajo\/wp-json\/wp\/v2\/posts\/1343\/revisions\/1354"}],"wp:featuredmedia":[{"embeddable":true,"href":"https:\/\/www.tamaulipas.gob.mx\/trabajo\/wp-json\/wp\/v2\/media\/1351"}],"wp:attachment":[{"href":"https:\/\/www.tamaulipas.gob.mx\/trabajo\/wp-json\/wp\/v2\/media?parent=1343"}],"wp:term":[{"taxonomy":"category","embeddable":true,"href":"https:\/\/www.tamaulipas.gob.mx\/trabajo\/wp-json\/wp\/v2\/categories?post=1343"},{"taxonomy":"post_tag","embeddable":true,"href":"https:\/\/www.tamaulipas.gob.mx\/trabajo\/wp-json\/wp\/v2\/tags?post=1343"}],"curies":[{"name":"wp","href":"https:\/\/api.w.org\/{rel}","templated":true}]}}