{"id":1334,"date":"2020-03-09T22:00:08","date_gmt":"2020-03-10T04:00:08","guid":{"rendered":"https:\/\/www.tamaulipas.gob.mx\/trabajo\/?p=1334"},"modified":"2020-03-10T11:07:30","modified_gmt":"2020-03-10T17:07:30","slug":"ofrecen-trabajo-a-tamaulipecas-en-la-feria-de-empleo-para-mujeres-tampico-2020","status":"publish","type":"post","link":"https:\/\/www.tamaulipas.gob.mx\/trabajo\/2020\/03\/ofrecen-trabajo-a-tamaulipecas-en-la-feria-de-empleo-para-mujeres-tampico-2020\/","title":{"rendered":"Ofrecen trabajo a tamaulipecas en la Feria de Empleo para Mujeres Tampico 2020"},"content":{"rendered":"<p><em><strong>El Gobernador, Francisco Garc\u00eda Cabeza de Vaca, impulsa encuentros entre empresarios y buscadores de empleo, para atender una de las demandas m\u00e1s indispensables para el desarrollo social y el acceso a un trabajo digno y remunerado.<\/strong><\/em><\/p>\n<p style=\"text-align: right;\">\u00a0ST-017-2020<\/p>\n<p>Marzo 09 del 2020<\/p>\n<p>Ciudad Victoria, Tamaulipas.- A trav\u00e9s del proceso de vinculaci\u00f3n laboral, el Gobierno de Tamaulipas, ofrece condiciones favorables para la generaci\u00f3n de empleo formal en el estado, as\u00ed lo declar\u00f3 el Secretario del Trabajo, al inaugurar la Primera Feria de Empleo para Mujeres, Tampico 2020.<\/p>\n<p>El Centro de Convenciones y Exposiciones Tampico, reuni\u00f3 a 55 empresas para ofertar m\u00e1s de mil 260 vacantes, para la industria, comercio y servicios, en particular para mujeres, madres, jefas de familia, j\u00f3venes y p\u00fablico en general.<\/p>\n<p>Miguel \u00c1ngel Villarreal Ongay, titular de la dependencia, argument\u00f3 que con esta actividad, el Gobierno del estado impulsa encuentros entre empresarios y buscadores de empleo, para atender una de las demandas m\u00e1s indispensables para el desarrollo social y el acceso a un trabajo digno y remunerado.<\/p>\n<p>\u201cSe induce a la empleabilidad formal, que a su vez es punta de lanza para mantener a nuestra entidad entre los mejores estados a nivel nacional en cuanto a generaci\u00f3n de empleos\u201d, dijo.<\/p>\n<p>Actualmente el municipio de Tampico concentra al 21% de los trabajadores registrados ante el IMSS, despu\u00e9s de Reynosa qui\u00e9n agrupa el 33%, dichas ciudades consideradas con Matamoros, representan m\u00e1s del 70% del total de los trabajadores en el estado.<\/p>\n<p>El funcionario apunt\u00f3 que en Tampico, el 25.6% de la poblaci\u00f3n est\u00e1 inmersa en el comercio y el 22.4% se dedica a brindar sus servicios en empresas, hogares y personas, y expres\u00f3 que en enero del 2020, la industria de la construcci\u00f3n present\u00f3 un mayor dinamismo.<\/p>\n<p>Villarreal Ongay, agradeci\u00f3 a las empresas participantes en la Feria de Empleo, la confianza puesta en las pol\u00edticas laborales contempladas por el mandatario, as\u00ed como a la mano de obra de las y los tamaulipecos, explicando que ambos son parte fundamental para el crecimiento y progreso del estado.<\/p>\n<p style=\"text-align: center;\">###<\/p>\n<div class='owl-gallery'><div class='item'><a href='https:\/\/www.tamaulipas.gob.mx\/trabajo\/wp-content\/uploads\/sites\/11\/2020\/03\/feria_tampico01.jpeg' rel='galeria'><img src='https:\/\/www.tamaulipas.gob.mx\/trabajo\/wp-content\/uploads\/sites\/11\/2020\/03\/feria_tampico01-850x500.jpeg' srcset='' sizes='auto' alt=''><\/a><figcaption><\/figcaption><\/div><div class='item'><a href='https:\/\/www.tamaulipas.gob.mx\/trabajo\/wp-content\/uploads\/sites\/11\/2020\/03\/feria_tampico02.jpeg' rel='galeria'><img src='https:\/\/www.tamaulipas.gob.mx\/trabajo\/wp-content\/uploads\/sites\/11\/2020\/03\/feria_tampico02-850x500.jpeg' srcset='' sizes='auto' alt=''><\/a><figcaption><\/figcaption><\/div><div class='item'><a href='https:\/\/www.tamaulipas.gob.mx\/trabajo\/wp-content\/uploads\/sites\/11\/2020\/03\/feria_tampico03.jpeg' rel='galeria'><img src='https:\/\/www.tamaulipas.gob.mx\/trabajo\/wp-content\/uploads\/sites\/11\/2020\/03\/feria_tampico03-850x500.jpeg' srcset='' sizes='auto' alt=''><\/a><figcaption><\/figcaption><\/div><div class='item'><a href='https:\/\/www.tamaulipas.gob.mx\/trabajo\/wp-content\/uploads\/sites\/11\/2020\/03\/feria_tampico04.jpeg' rel='galeria'><img src='https:\/\/www.tamaulipas.gob.mx\/trabajo\/wp-content\/uploads\/sites\/11\/2020\/03\/feria_tampico04-850x500.jpeg' srcset='' sizes='auto' alt=''><\/a><figcaption><\/figcaption><\/div><div class='item'><a href='https:\/\/www.tamaulipas.gob.mx\/trabajo\/wp-content\/uploads\/sites\/11\/2020\/03\/feria_tampico05.jpeg' rel='galeria'><img src='https:\/\/www.tamaulipas.gob.mx\/trabajo\/wp-content\/uploads\/sites\/11\/2020\/03\/feria_tampico05-850x500.jpeg' srcset='' sizes='auto' alt=''><\/a><figcaption><\/figcaption><\/div><div class='item'><a href='https:\/\/www.tamaulipas.gob.mx\/trabajo\/wp-content\/uploads\/sites\/11\/2020\/03\/feria_tampico06.jpeg' rel='galeria'><img src='https:\/\/www.tamaulipas.gob.mx\/trabajo\/wp-content\/uploads\/sites\/11\/2020\/03\/feria_tampico06-850x500.jpeg' srcset='' sizes='auto' alt=''><\/a><figcaption><\/figcaption><\/div><\/div>\n","protected":false},"excerpt":{"rendered":"<p>El Gobernador, Francisco Garc\u00eda Cabeza de Vaca, impulsa encuentros entre empresarios y buscadores de empleo, para atender una de las demandas m\u00e1s indispensables para el\u2026<\/p>\n","protected":false},"author":63,"featured_media":1339,"comment_status":"closed","ping_status":"closed","sticky":false,"template":"","format":"standard","meta":{"footnotes":""},"categories":[1],"tags":[],"class_list":["post-1334","post","type-post","status-publish","format-standard","has-post-thumbnail","hentry","category-prensa"],"publishpress_future_action":{"enabled":false,"date":"2026-05-08 11:36:06","action":"change-status","newStatus":"draft","terms":[],"taxonomy":"category"},"_links":{"self":[{"href":"https:\/\/www.tamaulipas.gob.mx\/trabajo\/wp-json\/wp\/v2\/posts\/1334"}],"collection":[{"href":"https:\/\/www.tamaulipas.gob.mx\/trabajo\/wp-json\/wp\/v2\/posts"}],"about":[{"href":"https:\/\/www.tamaulipas.gob.mx\/trabajo\/wp-json\/wp\/v2\/types\/post"}],"author":[{"embeddable":true,"href":"https:\/\/www.tamaulipas.gob.mx\/trabajo\/wp-json\/wp\/v2\/users\/63"}],"replies":[{"embeddable":true,"href":"https:\/\/www.tamaulipas.gob.mx\/trabajo\/wp-json\/wp\/v2\/comments?post=1334"}],"version-history":[{"count":1,"href":"https:\/\/www.tamaulipas.gob.mx\/trabajo\/wp-json\/wp\/v2\/posts\/1334\/revisions"}],"predecessor-version":[{"id":1341,"href":"https:\/\/www.tamaulipas.gob.mx\/trabajo\/wp-json\/wp\/v2\/posts\/1334\/revisions\/1341"}],"wp:featuredmedia":[{"embeddable":true,"href":"https:\/\/www.tamaulipas.gob.mx\/trabajo\/wp-json\/wp\/v2\/media\/1339"}],"wp:attachment":[{"href":"https:\/\/www.tamaulipas.gob.mx\/trabajo\/wp-json\/wp\/v2\/media?parent=1334"}],"wp:term":[{"taxonomy":"category","embeddable":true,"href":"https:\/\/www.tamaulipas.gob.mx\/trabajo\/wp-json\/wp\/v2\/categories?post=1334"},{"taxonomy":"post_tag","embeddable":true,"href":"https:\/\/www.tamaulipas.gob.mx\/trabajo\/wp-json\/wp\/v2\/tags?post=1334"}],"curies":[{"name":"wp","href":"https:\/\/api.w.org\/{rel}","templated":true}]}}