{"id":1316,"date":"2020-02-25T22:00:38","date_gmt":"2020-02-26T04:00:38","guid":{"rendered":"https:\/\/www.tamaulipas.gob.mx\/trabajo\/?p=1316"},"modified":"2020-02-26T14:38:20","modified_gmt":"2020-02-26T20:38:20","slug":"comunicado-de-la-secretaria-del-trabajo","status":"publish","type":"post","link":"https:\/\/www.tamaulipas.gob.mx\/trabajo\/2020\/02\/comunicado-de-la-secretaria-del-trabajo\/","title":{"rendered":"Comunicado de la Secretar\u00eda del Trabajo"},"content":{"rendered":"<p><em><strong>Comunicado de la Secretar\u00eda del Trabajo<\/strong><\/em><\/p>\n<p style=\"text-align: right;\"><strong>\u00a0<\/strong>\u00a0ST-014-2020<\/p>\n<p>Febrero 25 del 2020<\/p>\n<p>La Secretar\u00eda del Trabajo, comunica que a ra\u00edz del emplazamiento a huelga solicitado por el Sindicato Industrial de Trabajadores en Plantas Maquiladoras, Similares y Conexos de Ciudad Victoria, Tamaulipas, en contra de la empresa APTIV Contract Services Noreste S. DE R.L. de C.V. por la revisi\u00f3n de Contrato Colectivo de Trabajo, la Junta Local de Conciliaci\u00f3n y Arbitraje desestim\u00f3 dicho procedimiento, toda vez que rompe con la estabilidad econ\u00f3mica entre las partes.<\/p>\n<p>Ante los inconvenientes e inconformidades presentadas por algunos trabajadores, la Secretar\u00eda del Trabajo invit\u00f3 a los mismos a\u00a0 mantenerse correctamente informados de sus derechos y obligaciones, as\u00ed como en confiar en las negociaciones que el sindicato- empresa realizan, pero sobre todo no caer en acciones inapropiadas que podr\u00edan, si as\u00ed lo decide la empresa patronal, ser susceptibles a sanciones.<\/p>\n<p>La Secretar\u00eda del Trabajo reitera a los involucrados: empresa-sindicato, a privilegiar el di\u00e1logo, la paz laboral y el respeto a los derechos de los trabajadores y patrones.<\/p>\n<p>&nbsp;<\/p>\n<p style=\"text-align: center;\">###<\/p>\n","protected":false},"excerpt":{"rendered":"<p>Comunicado de la Secretar\u00eda del Trabajo \u00a0\u00a0ST-014-2020 Febrero 25 del 2020 La Secretar\u00eda del Trabajo, comunica que a ra\u00edz del emplazamiento a huelga solicitado por\u2026<\/p>\n","protected":false},"author":63,"featured_media":1318,"comment_status":"closed","ping_status":"closed","sticky":false,"template":"","format":"standard","meta":{"footnotes":""},"categories":[1],"tags":[],"class_list":["post-1316","post","type-post","status-publish","format-standard","has-post-thumbnail","hentry","category-prensa"],"publishpress_future_action":{"enabled":false,"date":"2026-05-08 11:13:33","action":"change-status","newStatus":"draft","terms":[],"taxonomy":"category"},"_links":{"self":[{"href":"https:\/\/www.tamaulipas.gob.mx\/trabajo\/wp-json\/wp\/v2\/posts\/1316"}],"collection":[{"href":"https:\/\/www.tamaulipas.gob.mx\/trabajo\/wp-json\/wp\/v2\/posts"}],"about":[{"href":"https:\/\/www.tamaulipas.gob.mx\/trabajo\/wp-json\/wp\/v2\/types\/post"}],"author":[{"embeddable":true,"href":"https:\/\/www.tamaulipas.gob.mx\/trabajo\/wp-json\/wp\/v2\/users\/63"}],"replies":[{"embeddable":true,"href":"https:\/\/www.tamaulipas.gob.mx\/trabajo\/wp-json\/wp\/v2\/comments?post=1316"}],"version-history":[{"count":1,"href":"https:\/\/www.tamaulipas.gob.mx\/trabajo\/wp-json\/wp\/v2\/posts\/1316\/revisions"}],"predecessor-version":[{"id":1317,"href":"https:\/\/www.tamaulipas.gob.mx\/trabajo\/wp-json\/wp\/v2\/posts\/1316\/revisions\/1317"}],"wp:featuredmedia":[{"embeddable":true,"href":"https:\/\/www.tamaulipas.gob.mx\/trabajo\/wp-json\/wp\/v2\/media\/1318"}],"wp:attachment":[{"href":"https:\/\/www.tamaulipas.gob.mx\/trabajo\/wp-json\/wp\/v2\/media?parent=1316"}],"wp:term":[{"taxonomy":"category","embeddable":true,"href":"https:\/\/www.tamaulipas.gob.mx\/trabajo\/wp-json\/wp\/v2\/categories?post=1316"},{"taxonomy":"post_tag","embeddable":true,"href":"https:\/\/www.tamaulipas.gob.mx\/trabajo\/wp-json\/wp\/v2\/tags?post=1316"}],"curies":[{"name":"wp","href":"https:\/\/api.w.org\/{rel}","templated":true}]}}