{"id":1308,"date":"2020-02-21T20:00:00","date_gmt":"2020-02-22T02:00:00","guid":{"rendered":"https:\/\/www.tamaulipas.gob.mx\/trabajo\/?p=1308"},"modified":"2020-02-25T12:15:07","modified_gmt":"2020-02-25T18:15:07","slug":"facilitaran-trabajo-a-tamaulipecos-con-100-cursos-de-capacitacion","status":"publish","type":"post","link":"https:\/\/www.tamaulipas.gob.mx\/trabajo\/2020\/02\/facilitaran-trabajo-a-tamaulipecos-con-100-cursos-de-capacitacion\/","title":{"rendered":"Facilitar\u00e1n trabajo a tamaulipecos con 100 Cursos de Capacitaci\u00f3n"},"content":{"rendered":"<p>El Gobernador Francisco Garc\u00eda Cabeza de Vaca, contribuye al crecimiento laboral de Tamaulipas, y aporta a los buscadores de trabajo, las herramientas para generar condiciones de bienestar.<\/p>\n<p style=\"text-align: right;\">\u00a0ST-013-2020<\/p>\n<p>Febrero 21 del 2020<\/p>\n<p>Ciudad Victoria, Tamaulipas.- El Gobierno de Tamaulipas contempla durante el 2020, la realizaci\u00f3n de por lo menos cien Cursos de Capacitaci\u00f3n para la Empleabilidad, correspondientes al Programa de Apoyo al Empleo.<\/p>\n<p>A trav\u00e9s de la Secretar\u00eda del Trabajo, se ofrecer\u00e1n cursos de Capacitaci\u00f3n en Empresas, Capacitaci\u00f3n en Aulas y Capacitaci\u00f3n en Empresa-Aula, dirigidos a operadores en general, t\u00e9cnicos profesionistas, para el ramo de la administraci\u00f3n, manufactura o ensamblaje de piezas entre otros.<\/p>\n<p>Miguel \u00c1ngel Villarreal Ongay, titular de la dependencia estatal, dijo que los apoyos que se ofrecen en coordinaci\u00f3n con el Servicio Nacional de Empleo Tamaulipas, van orientados a la adquisici\u00f3n, fortalecimiento o reconversi\u00f3n de conocimientos y habilidades que les permita a las personas su inserci\u00f3n a un trabajo.<\/p>\n<p>\u201cEl Gobernador Francisco Garc\u00eda Cabeza de Vaca, contribuye al crecimiento laboral de Tamaulipas, y aporta de una manera gratuita a los buscadores de trabajo, las herramientas para generar condiciones de bienestar\u201d, expuso.<\/p>\n<p>Dentro del ejercicio, se contempla la aplicaci\u00f3n de m\u00e1s de $7, 026,164 pesos, con los cuales se prev\u00e9 beneficiar a mil 971 personas, quienes adem\u00e1s de la capacitaci\u00f3n, recibir\u00e1n una apoyo econ\u00f3mico, atenci\u00f3n m\u00e9dica por la empresa y seguro contra accidentes por el SNE Tamaulipas.<\/p>\n<p>\u201cEl 19 de febrero iniciamos con el curso de Formaci\u00f3n de Operadores (5ta Rueda) en Nuevo Laredo, dentro de la empresa Transportes de Carga FEMA S.A de C.V; durante el primer trimestre vamos a brindar atenci\u00f3n a 290 personas mediante 15 cursos\u201d.<\/p>\n<p>El encargado de la pol\u00edtica laboral en la entidad, apunt\u00f3 que el mandatario propicia y fomenta las oportunidades de trabajo, y pone inter\u00e9s en los requerimientos del mercado laboral, para favorecer a quienes enfrentan dificultades para encontrar un trabajo.<\/p>\n<p>Invit\u00f3 a los interesados en participar de las diversas capacitaciones, a acercarse a las unidades regionales del SNE Tamaulipas, ubicadas en los principales municipios, a fin de solicitar mayores informes.<\/p>\n<p>&nbsp;<\/p>\n<p style=\"text-align: center;\">###<\/p>\n<p>&nbsp;<\/p>\n<div class='owl-gallery'><div class='item'><a href='https:\/\/www.tamaulipas.gob.mx\/trabajo\/wp-content\/uploads\/sites\/11\/2020\/02\/boletin_capacitacion_01.jpeg' rel='galeria'><img src='https:\/\/www.tamaulipas.gob.mx\/trabajo\/wp-content\/uploads\/sites\/11\/2020\/02\/boletin_capacitacion_01-850x500.jpeg' srcset='' sizes='auto' alt=''><\/a><figcaption><\/figcaption><\/div><div class='item'><a href='https:\/\/www.tamaulipas.gob.mx\/trabajo\/wp-content\/uploads\/sites\/11\/2020\/02\/boletin_capacitacion_02.jpeg' rel='galeria'><img src='https:\/\/www.tamaulipas.gob.mx\/trabajo\/wp-content\/uploads\/sites\/11\/2020\/02\/boletin_capacitacion_02-850x500.jpeg' srcset='' sizes='auto' alt=''><\/a><figcaption><\/figcaption><\/div><div class='item'><a href='https:\/\/www.tamaulipas.gob.mx\/trabajo\/wp-content\/uploads\/sites\/11\/2020\/02\/boletin_capacitacion_03.jpeg' rel='galeria'><img src='https:\/\/www.tamaulipas.gob.mx\/trabajo\/wp-content\/uploads\/sites\/11\/2020\/02\/boletin_capacitacion_03-850x500.jpeg' srcset='' sizes='auto' alt=''><\/a><figcaption><\/figcaption><\/div><div class='item'><a href='https:\/\/www.tamaulipas.gob.mx\/trabajo\/wp-content\/uploads\/sites\/11\/2020\/02\/boletin_capacitacion_04.jpeg' rel='galeria'><img src='https:\/\/www.tamaulipas.gob.mx\/trabajo\/wp-content\/uploads\/sites\/11\/2020\/02\/boletin_capacitacion_04-850x500.jpeg' srcset='' sizes='auto' alt=''><\/a><figcaption><\/figcaption><\/div><div class='item'><a href='https:\/\/www.tamaulipas.gob.mx\/trabajo\/wp-content\/uploads\/sites\/11\/2020\/02\/boletin_capacitacion_05.jpeg' rel='galeria'><img src='https:\/\/www.tamaulipas.gob.mx\/trabajo\/wp-content\/uploads\/sites\/11\/2020\/02\/boletin_capacitacion_05-850x500.jpeg' srcset='' sizes='auto' alt=''><\/a><figcaption><\/figcaption><\/div><div class='item'><a href='https:\/\/www.tamaulipas.gob.mx\/trabajo\/wp-content\/uploads\/sites\/11\/2020\/02\/boletin_capacitacion_06.jpeg' rel='galeria'><img src='https:\/\/www.tamaulipas.gob.mx\/trabajo\/wp-content\/uploads\/sites\/11\/2020\/02\/boletin_capacitacion_06-850x500.jpeg' srcset='' sizes='auto' alt=''><\/a><figcaption><\/figcaption><\/div><\/div>\n","protected":false},"excerpt":{"rendered":"<p>El Gobernador Francisco Garc\u00eda Cabeza de Vaca, contribuye al crecimiento laboral de Tamaulipas, y aporta a los buscadores de trabajo, las herramientas para generar condiciones\u2026<\/p>\n","protected":false},"author":63,"featured_media":1314,"comment_status":"closed","ping_status":"closed","sticky":false,"template":"","format":"standard","meta":{"footnotes":""},"categories":[1],"tags":[],"class_list":["post-1308","post","type-post","status-publish","format-standard","has-post-thumbnail","hentry","category-prensa"],"publishpress_future_action":{"enabled":false,"date":"2026-05-08 11:37:08","action":"change-status","newStatus":"draft","terms":[],"taxonomy":"category"},"_links":{"self":[{"href":"https:\/\/www.tamaulipas.gob.mx\/trabajo\/wp-json\/wp\/v2\/posts\/1308"}],"collection":[{"href":"https:\/\/www.tamaulipas.gob.mx\/trabajo\/wp-json\/wp\/v2\/posts"}],"about":[{"href":"https:\/\/www.tamaulipas.gob.mx\/trabajo\/wp-json\/wp\/v2\/types\/post"}],"author":[{"embeddable":true,"href":"https:\/\/www.tamaulipas.gob.mx\/trabajo\/wp-json\/wp\/v2\/users\/63"}],"replies":[{"embeddable":true,"href":"https:\/\/www.tamaulipas.gob.mx\/trabajo\/wp-json\/wp\/v2\/comments?post=1308"}],"version-history":[{"count":1,"href":"https:\/\/www.tamaulipas.gob.mx\/trabajo\/wp-json\/wp\/v2\/posts\/1308\/revisions"}],"predecessor-version":[{"id":1315,"href":"https:\/\/www.tamaulipas.gob.mx\/trabajo\/wp-json\/wp\/v2\/posts\/1308\/revisions\/1315"}],"wp:featuredmedia":[{"embeddable":true,"href":"https:\/\/www.tamaulipas.gob.mx\/trabajo\/wp-json\/wp\/v2\/media\/1314"}],"wp:attachment":[{"href":"https:\/\/www.tamaulipas.gob.mx\/trabajo\/wp-json\/wp\/v2\/media?parent=1308"}],"wp:term":[{"taxonomy":"category","embeddable":true,"href":"https:\/\/www.tamaulipas.gob.mx\/trabajo\/wp-json\/wp\/v2\/categories?post=1308"},{"taxonomy":"post_tag","embeddable":true,"href":"https:\/\/www.tamaulipas.gob.mx\/trabajo\/wp-json\/wp\/v2\/tags?post=1308"}],"curies":[{"name":"wp","href":"https:\/\/api.w.org\/{rel}","templated":true}]}}