{"id":1300,"date":"2020-02-14T21:00:34","date_gmt":"2020-02-15T03:00:34","guid":{"rendered":"https:\/\/www.tamaulipas.gob.mx\/trabajo\/?p=1300"},"modified":"2020-02-17T10:04:12","modified_gmt":"2020-02-17T16:04:12","slug":"alista-tamaulipas-ferias-de-empleo-2020","status":"publish","type":"post","link":"https:\/\/www.tamaulipas.gob.mx\/trabajo\/2020\/02\/alista-tamaulipas-ferias-de-empleo-2020\/","title":{"rendered":"Alista Tamaulipas Ferias de Empleo 2020"},"content":{"rendered":"<p><em><strong>El Gobernador Francisco Garc\u00eda Cabeza de Vaca, adem\u00e1s de generar inversi\u00f3n y crecimiento econ\u00f3mico en la entidad, concede a los tamaulipecos los instrumentos necesarios para lograr estabilidad social y laboral.<\/strong><\/em><\/p>\n<p style=\"text-align: right;\">\u00a0ST-011-2020<\/p>\n<p>Febrero 14 del 2020<\/p>\n<p>Ciudad Victoria, Tamaulipas.- Para favorecer la empleabilidad, el bienestar y la econom\u00eda familiar, el Gobierno de Tamaulipas dar\u00e1 arranque a la Primera Etapa de Ferias de Empleo 2020.<\/p>\n<p>La Secretar\u00eda del Trabajo en coordinaci\u00f3n con el Servicio Nacional de Empleo Tamaulipas, contempla la realizaci\u00f3n de seis eventos masivos, en los que se prev\u00e9 la oferta de m\u00e1s 4 mil 150 vacantes y la participaci\u00f3n de m\u00e1s de 380 empresas.<\/p>\n<p>Miguel \u00c1ngel Villarreal Ongay, Secretario del Trabajo, dijo que las Ferias de Empleo facilitan la vinculaci\u00f3n entre los buscadores de empleo y los empleadores, y brindan la oportunidad de conocer de forma directa y en un solo lugar, las vacantes disponibles en el mercado.<\/p>\n<p>\u201cEl Gobernador, Francisco Garc\u00eda Cabeza de Vaca, adem\u00e1s de generar inversi\u00f3n y crecimiento econ\u00f3mico en la entidad, concede a los tamaulipecos los instrumentos necesarios para lograr estabilidad social y laboral\u201d, dijo el funcionario.<\/p>\n<p>La apertura de las Ferias de Empleo se llevar\u00e1 a cabo el d\u00eda 20 de febrero en el Parque Cultural Reynosa; en Nuevo Laredo, el d\u00eda 27 del mismo mes, se desarrollar\u00e1 la Primera Feria de Empleo de Industria y Comercio; en Tampico, autoridades contemplan para el 5 de marzo, una Feria de Empleo dedicada a las mujeres, en Ciudad Victoria la Feria de Empleo estar\u00e1 enfocada a los j\u00f3venes, programada para el d\u00eda 12 de marzo, en Matamoros est\u00e1 estipulada para el d\u00eda 19, y Altamira tendr\u00e1 una Feria de Empleo el 26 de marzo para quienes busquen laborar en el sector industrial.<\/p>\n<p>\u201cInvitamos a quienes buscan trabajo o est\u00e1n a punto de terminar sus estudios, al p\u00fablico en general, o a qui\u00e9n desea un cambio profesional, que participen de las Ferias de Empleo, los servicios son totalmente gratuitos\u201d.<\/p>\n<p>Villarreal Ongay, destac\u00f3 que Tamaulipas cuenta con una extensa bolsa de trabajo, en \u00e1reas que van desde la industria, comercio y servicios as\u00ed como trabajo para profesionistas y quienes buscan alguna instituci\u00f3n de gobierno.<\/p>\n<p>Los interesados en las ferias, deber\u00e1n acudir con su documentaci\u00f3n: solicitudes de empleo con sus datos correctos, copias del CURP e INE, o podr\u00e1n registrarse en la p\u00e1gina: ferias.empleo.gob.mx.<\/p>\n<p style=\"text-align: center;\">###<\/p>\n<div class='owl-gallery'><div class='item'><a href='https:\/\/www.tamaulipas.gob.mx\/trabajo\/wp-content\/uploads\/sites\/11\/2020\/02\/boletin_ferias_1eraetapa01.jpeg' rel='galeria'><img src='https:\/\/www.tamaulipas.gob.mx\/trabajo\/wp-content\/uploads\/sites\/11\/2020\/02\/boletin_ferias_1eraetapa01-850x500.jpeg' srcset='' sizes='auto' alt=''><\/a><figcaption><\/figcaption><\/div><div class='item'><a href='https:\/\/www.tamaulipas.gob.mx\/trabajo\/wp-content\/uploads\/sites\/11\/2020\/02\/boletin_ferias_1eraetapa02.jpeg' rel='galeria'><img src='https:\/\/www.tamaulipas.gob.mx\/trabajo\/wp-content\/uploads\/sites\/11\/2020\/02\/boletin_ferias_1eraetapa02-850x500.jpeg' srcset='' sizes='auto' alt=''><\/a><figcaption><\/figcaption><\/div><div class='item'><a href='https:\/\/www.tamaulipas.gob.mx\/trabajo\/wp-content\/uploads\/sites\/11\/2020\/02\/boletin_ferias_1eraetapa03.jpeg' rel='galeria'><img src='https:\/\/www.tamaulipas.gob.mx\/trabajo\/wp-content\/uploads\/sites\/11\/2020\/02\/boletin_ferias_1eraetapa03-850x500.jpeg' srcset='' sizes='auto' alt=''><\/a><figcaption><\/figcaption><\/div><div class='item'><a href='https:\/\/www.tamaulipas.gob.mx\/trabajo\/wp-content\/uploads\/sites\/11\/2020\/02\/boletin_ferias_1eraetapa04.jpeg' rel='galeria'><img src='https:\/\/www.tamaulipas.gob.mx\/trabajo\/wp-content\/uploads\/sites\/11\/2020\/02\/boletin_ferias_1eraetapa04-850x500.jpeg' srcset='' sizes='auto' alt=''><\/a><figcaption><\/figcaption><\/div><div class='item'><a href='https:\/\/www.tamaulipas.gob.mx\/trabajo\/wp-content\/uploads\/sites\/11\/2020\/02\/boletin_ferias_1eraetapa05.jpeg' rel='galeria'><img src='https:\/\/www.tamaulipas.gob.mx\/trabajo\/wp-content\/uploads\/sites\/11\/2020\/02\/boletin_ferias_1eraetapa05-850x500.jpeg' srcset='' sizes='auto' alt=''><\/a><figcaption><\/figcaption><\/div><\/div>\n","protected":false},"excerpt":{"rendered":"<p>El Gobernador Francisco Garc\u00eda Cabeza de Vaca, adem\u00e1s de generar inversi\u00f3n y crecimiento econ\u00f3mico en la entidad, concede a los tamaulipecos los instrumentos necesarios para\u2026<\/p>\n","protected":false},"author":63,"featured_media":1302,"comment_status":"closed","ping_status":"closed","sticky":false,"template":"","format":"standard","meta":{"footnotes":""},"categories":[1],"tags":[],"class_list":["post-1300","post","type-post","status-publish","format-standard","has-post-thumbnail","hentry","category-prensa"],"publishpress_future_action":{"enabled":false,"date":"2026-05-08 11:36:29","action":"change-status","newStatus":"draft","terms":[],"taxonomy":"category"},"_links":{"self":[{"href":"https:\/\/www.tamaulipas.gob.mx\/trabajo\/wp-json\/wp\/v2\/posts\/1300"}],"collection":[{"href":"https:\/\/www.tamaulipas.gob.mx\/trabajo\/wp-json\/wp\/v2\/posts"}],"about":[{"href":"https:\/\/www.tamaulipas.gob.mx\/trabajo\/wp-json\/wp\/v2\/types\/post"}],"author":[{"embeddable":true,"href":"https:\/\/www.tamaulipas.gob.mx\/trabajo\/wp-json\/wp\/v2\/users\/63"}],"replies":[{"embeddable":true,"href":"https:\/\/www.tamaulipas.gob.mx\/trabajo\/wp-json\/wp\/v2\/comments?post=1300"}],"version-history":[{"count":1,"href":"https:\/\/www.tamaulipas.gob.mx\/trabajo\/wp-json\/wp\/v2\/posts\/1300\/revisions"}],"predecessor-version":[{"id":1306,"href":"https:\/\/www.tamaulipas.gob.mx\/trabajo\/wp-json\/wp\/v2\/posts\/1300\/revisions\/1306"}],"wp:featuredmedia":[{"embeddable":true,"href":"https:\/\/www.tamaulipas.gob.mx\/trabajo\/wp-json\/wp\/v2\/media\/1302"}],"wp:attachment":[{"href":"https:\/\/www.tamaulipas.gob.mx\/trabajo\/wp-json\/wp\/v2\/media?parent=1300"}],"wp:term":[{"taxonomy":"category","embeddable":true,"href":"https:\/\/www.tamaulipas.gob.mx\/trabajo\/wp-json\/wp\/v2\/categories?post=1300"},{"taxonomy":"post_tag","embeddable":true,"href":"https:\/\/www.tamaulipas.gob.mx\/trabajo\/wp-json\/wp\/v2\/tags?post=1300"}],"curies":[{"name":"wp","href":"https:\/\/api.w.org\/{rel}","templated":true}]}}