{"id":1292,"date":"2020-02-12T20:00:36","date_gmt":"2020-02-13T02:00:36","guid":{"rendered":"https:\/\/www.tamaulipas.gob.mx\/trabajo\/?p=1292"},"modified":"2020-02-13T10:12:40","modified_gmt":"2020-02-13T16:12:40","slug":"tamaulipas-redobla-esfuerzos-para-implementar-en-tiempo-y-forma-nueva-reforma-laboral","status":"publish","type":"post","link":"https:\/\/www.tamaulipas.gob.mx\/trabajo\/2020\/02\/tamaulipas-redobla-esfuerzos-para-implementar-en-tiempo-y-forma-nueva-reforma-laboral\/","title":{"rendered":"Tamaulipas redobla esfuerzos para implementar en tiempo y forma nueva Reforma Laboral"},"content":{"rendered":"<p style=\"text-align: left;\"><em><strong>El Gobernador Francisco Garc\u00eda Cabeza de Vaca, dispuso cumplir con las implementaciones del nuevo modelo de justicia laboral, para arrancar los Centros de Conciliaci\u00f3n.<\/strong><\/em><\/p>\n<p style=\"text-align: right;\">ST-010-2020<\/p>\n<p style=\"text-align: left;\">Febrero 12 del 2020<\/p>\n<p>Ciudad Victoria, Tamaulipas.- El Gobierno del Estado prepara la conformaci\u00f3n de lo que ser\u00e1 el Centro de Conciliaci\u00f3n Estatal, estructura administrativa y capacitaci\u00f3n de conciliadores, como parte de los cambios que demanda la Ley Federal del Trabajo, en su implementaci\u00f3n de la Reforma Laboral.<\/p>\n<p>La reforma, que contempla la desaparici\u00f3n de las Juntas de Conciliaci\u00f3n y Arbitraje, la creaci\u00f3n de un Centro de Conciliaci\u00f3n y Juzgados Laborales, ubica a Tamaulipas en una tercera etapa junto con la Ciudad de M\u00e9xico y los estados de Chihuahua, Coahuila, Jalisco, Nayarit, Nuevo Le\u00f3n, Puebla, Quer\u00e9taro, Sonora y Veracruz, para dar arranque a dicho organismo, a m\u00e1s tardar el 1 de mayo del 2022.<\/p>\n<p>El Secretario del Trabajo, Miguel \u00c1ngel Villarreal Ongay, dio a conocer que se han tomado en cuenta las propuestas legislativas para las preparaciones legales conducentes, entre ellas la Reforma a la Constituci\u00f3n Pol\u00edtica del Estado y la Ley que crea el organismo conciliatorio.<\/p>\n<p>\u201cEl Gobernador, Francisco Garc\u00eda Cabeza de Vaca, dispuso cumplir con la implementaci\u00f3n del nuevo modelo de justicia, para ello se hacen los esfuerzos necesarios para abatir el rezago de por lo menos 15 mil expedientes en tr\u00e1mite y otros 5 mil en ejecuci\u00f3n\u201d, dijo el funcionario.<\/p>\n<p>Como parte de la estrategia y para dar avance a los cambios, la Secretar\u00eda del Trabajo implementar\u00e1 a su vez la campa\u00f1a: \u201cMesas de Conciliaci\u00f3n\u201d, en los principales municipios de la entidad, para dar pronta resoluci\u00f3n a los juicios laborales.<\/p>\n<p>El encargado de la pol\u00edtica laboral, asegur\u00f3 que se han redoblado esfuerzos para atender y resolver los problemas pendientes y actuales, y se cumple con la encomienda de impartir una justicia objetiva, imparcial y con la seguridad jur\u00eddica que merecen.<\/p>\n<p>Se\u00f1al\u00f3 que el nuevo modelo laboral, se implementar\u00e1 este a\u00f1o en los estados de Baja California Sur, Chiapas, Durango, Estado de M\u00e9xico, Guanajuato, Hidalgo, San Luis Potos\u00ed, Tabasco, Tlaxcala y Zacatecas, que ser\u00e1n punto de referencia para que las entidades consideren los criterios necesarios para su correcta ejecuci\u00f3n.<\/p>\n<p style=\"text-align: center;\">###<\/p>\n<p>&nbsp;<\/p>\n<div class='owl-gallery'><div class='item'><a href='https:\/\/www.tamaulipas.gob.mx\/trabajo\/wp-content\/uploads\/sites\/11\/2020\/02\/boletin_reformalab_01.jpeg' rel='galeria'><img src='https:\/\/www.tamaulipas.gob.mx\/trabajo\/wp-content\/uploads\/sites\/11\/2020\/02\/boletin_reformalab_01-850x500.jpeg' srcset='' sizes='auto' alt=''><\/a><figcaption><\/figcaption><\/div><div class='item'><a href='https:\/\/www.tamaulipas.gob.mx\/trabajo\/wp-content\/uploads\/sites\/11\/2020\/02\/boletin_reformalab_02.jpeg' rel='galeria'><img src='https:\/\/www.tamaulipas.gob.mx\/trabajo\/wp-content\/uploads\/sites\/11\/2020\/02\/boletin_reformalab_02-850x500.jpeg' srcset='' sizes='auto' alt=''><\/a><figcaption><\/figcaption><\/div><div class='item'><a href='https:\/\/www.tamaulipas.gob.mx\/trabajo\/wp-content\/uploads\/sites\/11\/2020\/02\/boletin_reformalab_03.jpeg' rel='galeria'><img src='https:\/\/www.tamaulipas.gob.mx\/trabajo\/wp-content\/uploads\/sites\/11\/2020\/02\/boletin_reformalab_03-850x500.jpeg' srcset='' sizes='auto' alt=''><\/a><figcaption><\/figcaption><\/div><div class='item'><a href='https:\/\/www.tamaulipas.gob.mx\/trabajo\/wp-content\/uploads\/sites\/11\/2020\/02\/boletin_reformalab_04.jpeg' rel='galeria'><img src='https:\/\/www.tamaulipas.gob.mx\/trabajo\/wp-content\/uploads\/sites\/11\/2020\/02\/boletin_reformalab_04-850x500.jpeg' srcset='' sizes='auto' alt=''><\/a><figcaption><\/figcaption><\/div><div class='item'><a href='https:\/\/www.tamaulipas.gob.mx\/trabajo\/wp-content\/uploads\/sites\/11\/2020\/02\/boletin_reformalab_05.jpeg' rel='galeria'><img src='https:\/\/www.tamaulipas.gob.mx\/trabajo\/wp-content\/uploads\/sites\/11\/2020\/02\/boletin_reformalab_05-850x500.jpeg' srcset='' sizes='auto' alt=''><\/a><figcaption><\/figcaption><\/div><\/div>\n","protected":false},"excerpt":{"rendered":"<p>El Gobernador Francisco Garc\u00eda Cabeza de Vaca, dispuso cumplir con las implementaciones del nuevo modelo de justicia laboral, para arrancar los Centros de Conciliaci\u00f3n. ST-010-2020\u2026<\/p>\n","protected":false},"author":63,"featured_media":1296,"comment_status":"closed","ping_status":"closed","sticky":false,"template":"","format":"standard","meta":{"footnotes":""},"categories":[1],"tags":[],"class_list":["post-1292","post","type-post","status-publish","format-standard","has-post-thumbnail","hentry","category-prensa"],"publishpress_future_action":{"enabled":false,"date":"2026-05-08 11:36:29","action":"change-status","newStatus":"draft","terms":[],"taxonomy":"category"},"_links":{"self":[{"href":"https:\/\/www.tamaulipas.gob.mx\/trabajo\/wp-json\/wp\/v2\/posts\/1292"}],"collection":[{"href":"https:\/\/www.tamaulipas.gob.mx\/trabajo\/wp-json\/wp\/v2\/posts"}],"about":[{"href":"https:\/\/www.tamaulipas.gob.mx\/trabajo\/wp-json\/wp\/v2\/types\/post"}],"author":[{"embeddable":true,"href":"https:\/\/www.tamaulipas.gob.mx\/trabajo\/wp-json\/wp\/v2\/users\/63"}],"replies":[{"embeddable":true,"href":"https:\/\/www.tamaulipas.gob.mx\/trabajo\/wp-json\/wp\/v2\/comments?post=1292"}],"version-history":[{"count":2,"href":"https:\/\/www.tamaulipas.gob.mx\/trabajo\/wp-json\/wp\/v2\/posts\/1292\/revisions"}],"predecessor-version":[{"id":1299,"href":"https:\/\/www.tamaulipas.gob.mx\/trabajo\/wp-json\/wp\/v2\/posts\/1292\/revisions\/1299"}],"wp:featuredmedia":[{"embeddable":true,"href":"https:\/\/www.tamaulipas.gob.mx\/trabajo\/wp-json\/wp\/v2\/media\/1296"}],"wp:attachment":[{"href":"https:\/\/www.tamaulipas.gob.mx\/trabajo\/wp-json\/wp\/v2\/media?parent=1292"}],"wp:term":[{"taxonomy":"category","embeddable":true,"href":"https:\/\/www.tamaulipas.gob.mx\/trabajo\/wp-json\/wp\/v2\/categories?post=1292"},{"taxonomy":"post_tag","embeddable":true,"href":"https:\/\/www.tamaulipas.gob.mx\/trabajo\/wp-json\/wp\/v2\/tags?post=1292"}],"curies":[{"name":"wp","href":"https:\/\/api.w.org\/{rel}","templated":true}]}}