{"id":1283,"date":"2020-02-07T20:00:01","date_gmt":"2020-02-08T02:00:01","guid":{"rendered":"https:\/\/www.tamaulipas.gob.mx\/trabajo\/?p=1283"},"modified":"2020-02-10T10:30:20","modified_gmt":"2020-02-10T16:30:20","slug":"tamaulipas-facilita-el-empleo-mediante-diversas-plataformas-de-comunicacion","status":"publish","type":"post","link":"https:\/\/www.tamaulipas.gob.mx\/trabajo\/2020\/02\/tamaulipas-facilita-el-empleo-mediante-diversas-plataformas-de-comunicacion\/","title":{"rendered":"Tamaulipas facilita el empleo mediante diversas plataformas de comunicaci\u00f3n"},"content":{"rendered":"<p><em><strong>Se trata de herramientas que est\u00e1n al alcance de todos, para una vinculaci\u00f3n eficaz entre el buscador de empleo y las empresas<\/strong><\/em><\/p>\n<p style=\"text-align: right;\">\u00a0ST-009-2020<\/p>\n<p>Febrero 07 del 2020<\/p>\n<p>Ciudad Victoria, Tamaulipas.- Mediante los diversos servicios que maneja el \u00e1rea de vinculaci\u00f3n laboral, que opera el Gobierno de Tamaulipas a trav\u00e9s de la Secretar\u00eda del Trabajo, se facilita el empleo formal y se garantiza las debidas prestaciones de ley.<\/p>\n<p>En coordinaci\u00f3n con el Servicio Nacional de Empleo Tamaulipas, la dependencia estatal, pone a disposici\u00f3n de los buscadores de empleo, el Peri\u00f3dico de Ofertas de Empleo, las plataformas digitales, el SNETEL y la bolsa de empleo presencial, para localizar de manera \u00e1gil y r\u00e1pida, las oportunidades de trabajo.<\/p>\n<p>El Secretario del Trabajo, Miguel \u00c1ngel Villarreal Ongay, dijo que se trata de herramientas que est\u00e1n al alcance de todos<span style=\"text-decoration: line-through;\">,<\/span> para una vinculaci\u00f3n eficaz entre el buscador de empleo y las empresas.<\/p>\n<p>\u201cEl Gobernador Francisco Garc\u00eda Cabeza de Vaca, requiri\u00f3 utiliz\u00e1ramos todos los instrumentos que propicien un bien com\u00fan a las familias, su estabilidad social y econom\u00eda, y en la Secretar\u00eda del Trabajo propusimos fortalecer estos servicios\u201d, refiri\u00f3.<\/p>\n<p>Explic\u00f3 que el Peri\u00f3dico de Ofertas de Empleo, se edita quincenalmente, se publica de manera digital y tiene la finalidad de ampliar las opciones laborales, lo mismo que las redes sociales, dan a conocer las ofertas de empleo que requieren las empresas locales, nacionales o extranjeras, y en las siete unidades del SNETam, la bolsa de trabajo est\u00e1 disponible.<\/p>\n<p>\u201cTan solo en el 2019, el SNETam atendi\u00f3 126 mil 640 solicitudes de empleo mediante las herramientas inform\u00e1ticas y en las oficinas regionales. Los buscadores de trabajo recibieron informaci\u00f3n oportuna sobre las vacantes, y m\u00e1s de 15 mil 805 consiguieron empleo\u201d.<\/p>\n<p>Record\u00f3 que Tamaulipas, es tierra de oportunidades, pues el mandatario favorece la inversi\u00f3n para seguir creando m\u00e1s y mejores fuentes de empleo.<\/p>\n<p>&nbsp;<\/p>\n<p style=\"text-align: center;\">###<\/p>\n<div class='owl-gallery'><div class='item'><a href='https:\/\/www.tamaulipas.gob.mx\/trabajo\/wp-content\/uploads\/sites\/11\/2020\/02\/periodico_empleo_01.jpeg' rel='galeria'><img src='https:\/\/www.tamaulipas.gob.mx\/trabajo\/wp-content\/uploads\/sites\/11\/2020\/02\/periodico_empleo_01-850x500.jpeg' srcset='' sizes='auto' alt=''><\/a><figcaption><\/figcaption><\/div><div class='item'><a href='https:\/\/www.tamaulipas.gob.mx\/trabajo\/wp-content\/uploads\/sites\/11\/2020\/02\/periodico_empleo_02.jpeg' rel='galeria'><img src='https:\/\/www.tamaulipas.gob.mx\/trabajo\/wp-content\/uploads\/sites\/11\/2020\/02\/periodico_empleo_02-850x500.jpeg' srcset='' sizes='auto' alt=''><\/a><figcaption><\/figcaption><\/div><div class='item'><a href='https:\/\/www.tamaulipas.gob.mx\/trabajo\/wp-content\/uploads\/sites\/11\/2020\/02\/periodico_empleo_03.jpeg' rel='galeria'><img src='https:\/\/www.tamaulipas.gob.mx\/trabajo\/wp-content\/uploads\/sites\/11\/2020\/02\/periodico_empleo_03-850x500.jpeg' srcset='' sizes='auto' alt=''><\/a><figcaption><\/figcaption><\/div><div class='item'><a href='https:\/\/www.tamaulipas.gob.mx\/trabajo\/wp-content\/uploads\/sites\/11\/2020\/02\/periodico_empleo_04.jpeg' rel='galeria'><img src='https:\/\/www.tamaulipas.gob.mx\/trabajo\/wp-content\/uploads\/sites\/11\/2020\/02\/periodico_empleo_04-850x500.jpeg' srcset='' sizes='auto' alt=''><\/a><figcaption><\/figcaption><\/div><div class='item'><a href='https:\/\/www.tamaulipas.gob.mx\/trabajo\/wp-content\/uploads\/sites\/11\/2020\/02\/periodico_empleo_05.jpeg' rel='galeria'><img src='https:\/\/www.tamaulipas.gob.mx\/trabajo\/wp-content\/uploads\/sites\/11\/2020\/02\/periodico_empleo_05-850x500.jpeg' srcset='' sizes='auto' alt=''><\/a><figcaption><\/figcaption><\/div><\/div>\n","protected":false},"excerpt":{"rendered":"<p>Se trata de herramientas que est\u00e1n al alcance de todos, para una vinculaci\u00f3n eficaz entre el buscador de empleo y las empresas \u00a0ST-009-2020 Febrero 07\u2026<\/p>\n","protected":false},"author":63,"featured_media":1286,"comment_status":"closed","ping_status":"closed","sticky":false,"template":"","format":"standard","meta":{"footnotes":""},"categories":[1],"tags":[],"class_list":["post-1283","post","type-post","status-publish","format-standard","has-post-thumbnail","hentry","category-prensa"],"publishpress_future_action":{"enabled":false,"date":"2026-05-08 11:26:16","action":"change-status","newStatus":"draft","terms":[],"taxonomy":"category"},"_links":{"self":[{"href":"https:\/\/www.tamaulipas.gob.mx\/trabajo\/wp-json\/wp\/v2\/posts\/1283"}],"collection":[{"href":"https:\/\/www.tamaulipas.gob.mx\/trabajo\/wp-json\/wp\/v2\/posts"}],"about":[{"href":"https:\/\/www.tamaulipas.gob.mx\/trabajo\/wp-json\/wp\/v2\/types\/post"}],"author":[{"embeddable":true,"href":"https:\/\/www.tamaulipas.gob.mx\/trabajo\/wp-json\/wp\/v2\/users\/63"}],"replies":[{"embeddable":true,"href":"https:\/\/www.tamaulipas.gob.mx\/trabajo\/wp-json\/wp\/v2\/comments?post=1283"}],"version-history":[{"count":1,"href":"https:\/\/www.tamaulipas.gob.mx\/trabajo\/wp-json\/wp\/v2\/posts\/1283\/revisions"}],"predecessor-version":[{"id":1289,"href":"https:\/\/www.tamaulipas.gob.mx\/trabajo\/wp-json\/wp\/v2\/posts\/1283\/revisions\/1289"}],"wp:featuredmedia":[{"embeddable":true,"href":"https:\/\/www.tamaulipas.gob.mx\/trabajo\/wp-json\/wp\/v2\/media\/1286"}],"wp:attachment":[{"href":"https:\/\/www.tamaulipas.gob.mx\/trabajo\/wp-json\/wp\/v2\/media?parent=1283"}],"wp:term":[{"taxonomy":"category","embeddable":true,"href":"https:\/\/www.tamaulipas.gob.mx\/trabajo\/wp-json\/wp\/v2\/categories?post=1283"},{"taxonomy":"post_tag","embeddable":true,"href":"https:\/\/www.tamaulipas.gob.mx\/trabajo\/wp-json\/wp\/v2\/tags?post=1283"}],"curies":[{"name":"wp","href":"https:\/\/api.w.org\/{rel}","templated":true}]}}