{"id":1275,"date":"2020-01-31T20:00:03","date_gmt":"2020-02-01T02:00:03","guid":{"rendered":"https:\/\/www.tamaulipas.gob.mx\/trabajo\/?p=1275"},"modified":"2020-02-05T15:38:19","modified_gmt":"2020-02-05T21:38:19","slug":"tamaulipas-genera-empleo-que-propicia-soporte-y-bienestar-a-las-familias","status":"publish","type":"post","link":"https:\/\/www.tamaulipas.gob.mx\/trabajo\/2020\/01\/tamaulipas-genera-empleo-que-propicia-soporte-y-bienestar-a-las-familias\/","title":{"rendered":"Tamaulipas genera empleo que propicia soporte y bienestar a las familias"},"content":{"rendered":"<p><em><strong>El Gobernador Francisco Garc\u00eda Cabeza de Vaca, est\u00e1 brindando la certeza de generar m\u00e1s empleo remunerado, que contenga las prestaciones de ley.<\/strong><\/em><\/p>\n<p style=\"text-align: right;\">\u00a0ST-008-2020<\/p>\n<p>Enero 31 del 2020<\/p>\n<p>Ciudad Victoria, Tamaulipas.- En lo que va de la administraci\u00f3n, m\u00e1s de 70 mil 542 empleos formales se han generado en la entidad, lo que ha favorecido a que m\u00e1s familias cuenten con un ingreso econ\u00f3mico que les proporcione soporte y bienestar social.<\/p>\n<p>Miguel \u00c1ngel Villarreal Ongay, Secretario del Trabajo, dijo que tan solo durante las primeras semanas de enero, las unidades regionales del Servicio Nacional de Empleo Tamaulipas, ofrecieron una bolsa de trabajo, con m\u00e1s de 20 mil vacantes disponibles por las empresas tan solo en la zona norte.<\/p>\n<p>\u201cLos inversionistas siguen confiando en Tamaulipas, y con ello el Gobernador Francisco Garc\u00eda Cabeza de Vaca, est\u00e1 brindando la certeza de generar m\u00e1s empleo remunerado, que contenga las prestaciones de ley\u201d, dijo el funcionario.<\/p>\n<p>Reiter\u00f3 que los municipios que m\u00e1s han generado empleo, son: Reynosa con un 35%, Matamoros 20% y Tampico 15%, siendo la industria quien represent\u00f3 la mayor demanda de empleo con un 43% y el comercio con el 17%.<\/p>\n<p>\u201cTamaulipas en el 2016, de acuerdo a las estad\u00edsticas del INEGI, registr\u00f3 una tasa de desempleo del 5.6%, al d\u00eda de hoy los n\u00fameros han cambiado, pues los trabajos y esfuerzos que realiza el mandatario para mantener la paz laboral, han arrojado resultados, y la tasa de desempleo ha bajado a un 2.9%\u201d.<\/p>\n<p>Villarreal Ongay, explic\u00f3 que la entidad se mantiene por encima de la media nacional en cuanto a crecimiento en empleo se refiere, el cual es del 3.1 % es decir 650 mil empleos, mientras que Tamaulipas est\u00e1 en el 3.3% lo que representan m\u00e1s de 693 mil 892 empleos.<\/p>\n<p>&nbsp;<\/p>\n<p style=\"text-align: center;\">###<\/p>\n<div class='owl-gallery'><div class='item'><a href='https:\/\/www.tamaulipas.gob.mx\/trabajo\/wp-content\/uploads\/sites\/11\/2020\/02\/generacion_empleo_01.jpeg' rel='galeria'><img src='https:\/\/www.tamaulipas.gob.mx\/trabajo\/wp-content\/uploads\/sites\/11\/2020\/02\/generacion_empleo_01-850x500.jpeg' srcset='' sizes='auto' alt=''><\/a><figcaption><\/figcaption><\/div><div class='item'><a href='https:\/\/www.tamaulipas.gob.mx\/trabajo\/wp-content\/uploads\/sites\/11\/2020\/02\/generacion_empleo_02.jpeg' rel='galeria'><img src='https:\/\/www.tamaulipas.gob.mx\/trabajo\/wp-content\/uploads\/sites\/11\/2020\/02\/generacion_empleo_02-850x500.jpeg' srcset='' sizes='auto' alt=''><\/a><figcaption><\/figcaption><\/div><div class='item'><a href='https:\/\/www.tamaulipas.gob.mx\/trabajo\/wp-content\/uploads\/sites\/11\/2020\/02\/generacion_empleo_03.jpeg' rel='galeria'><img src='https:\/\/www.tamaulipas.gob.mx\/trabajo\/wp-content\/uploads\/sites\/11\/2020\/02\/generacion_empleo_03-850x500.jpeg' srcset='' sizes='auto' alt=''><\/a><figcaption><\/figcaption><\/div><div class='item'><a href='https:\/\/www.tamaulipas.gob.mx\/trabajo\/wp-content\/uploads\/sites\/11\/2020\/02\/generacion_empleo_04.jpeg' rel='galeria'><img src='https:\/\/www.tamaulipas.gob.mx\/trabajo\/wp-content\/uploads\/sites\/11\/2020\/02\/generacion_empleo_04-850x500.jpeg' srcset='' sizes='auto' alt=''><\/a><figcaption><\/figcaption><\/div><div class='item'><a href='https:\/\/www.tamaulipas.gob.mx\/trabajo\/wp-content\/uploads\/sites\/11\/2020\/02\/generacion_empleo_05.jpeg' rel='galeria'><img src='https:\/\/www.tamaulipas.gob.mx\/trabajo\/wp-content\/uploads\/sites\/11\/2020\/02\/generacion_empleo_05-850x500.jpeg' srcset='' sizes='auto' alt=''><\/a><figcaption><\/figcaption><\/div><div class='item'><a href='https:\/\/www.tamaulipas.gob.mx\/trabajo\/wp-content\/uploads\/sites\/11\/2020\/02\/generacion_empleo_06.jpeg' rel='galeria'><img src='https:\/\/www.tamaulipas.gob.mx\/trabajo\/wp-content\/uploads\/sites\/11\/2020\/02\/generacion_empleo_06-850x500.jpeg' srcset='' sizes='auto' alt=''><\/a><figcaption><\/figcaption><\/div><\/div>\n","protected":false},"excerpt":{"rendered":"<p>El Gobernador Francisco Garc\u00eda Cabeza de Vaca, est\u00e1 brindando la certeza de generar m\u00e1s empleo remunerado, que contenga las prestaciones de ley. \u00a0ST-008-2020 Enero 31\u2026<\/p>\n","protected":false},"author":63,"featured_media":1281,"comment_status":"closed","ping_status":"closed","sticky":false,"template":"","format":"standard","meta":{"footnotes":""},"categories":[1],"tags":[],"class_list":["post-1275","post","type-post","status-publish","format-standard","has-post-thumbnail","hentry","category-prensa"],"publishpress_future_action":{"enabled":false,"date":"2026-05-08 11:36:28","action":"change-status","newStatus":"draft","terms":[],"taxonomy":"category"},"_links":{"self":[{"href":"https:\/\/www.tamaulipas.gob.mx\/trabajo\/wp-json\/wp\/v2\/posts\/1275"}],"collection":[{"href":"https:\/\/www.tamaulipas.gob.mx\/trabajo\/wp-json\/wp\/v2\/posts"}],"about":[{"href":"https:\/\/www.tamaulipas.gob.mx\/trabajo\/wp-json\/wp\/v2\/types\/post"}],"author":[{"embeddable":true,"href":"https:\/\/www.tamaulipas.gob.mx\/trabajo\/wp-json\/wp\/v2\/users\/63"}],"replies":[{"embeddable":true,"href":"https:\/\/www.tamaulipas.gob.mx\/trabajo\/wp-json\/wp\/v2\/comments?post=1275"}],"version-history":[{"count":1,"href":"https:\/\/www.tamaulipas.gob.mx\/trabajo\/wp-json\/wp\/v2\/posts\/1275\/revisions"}],"predecessor-version":[{"id":1282,"href":"https:\/\/www.tamaulipas.gob.mx\/trabajo\/wp-json\/wp\/v2\/posts\/1275\/revisions\/1282"}],"wp:featuredmedia":[{"embeddable":true,"href":"https:\/\/www.tamaulipas.gob.mx\/trabajo\/wp-json\/wp\/v2\/media\/1281"}],"wp:attachment":[{"href":"https:\/\/www.tamaulipas.gob.mx\/trabajo\/wp-json\/wp\/v2\/media?parent=1275"}],"wp:term":[{"taxonomy":"category","embeddable":true,"href":"https:\/\/www.tamaulipas.gob.mx\/trabajo\/wp-json\/wp\/v2\/categories?post=1275"},{"taxonomy":"post_tag","embeddable":true,"href":"https:\/\/www.tamaulipas.gob.mx\/trabajo\/wp-json\/wp\/v2\/tags?post=1275"}],"curies":[{"name":"wp","href":"https:\/\/api.w.org\/{rel}","templated":true}]}}