{"id":1265,"date":"2020-01-30T20:00:21","date_gmt":"2020-01-31T02:00:21","guid":{"rendered":"https:\/\/www.tamaulipas.gob.mx\/trabajo\/?p=1265"},"modified":"2020-01-31T10:24:56","modified_gmt":"2020-01-31T16:24:56","slug":"en-tamaulipas-se-defienden-los-derechos-laborales-de-los-trabajadores","status":"publish","type":"post","link":"https:\/\/www.tamaulipas.gob.mx\/trabajo\/2020\/01\/en-tamaulipas-se-defienden-los-derechos-laborales-de-los-trabajadores\/","title":{"rendered":"En Tamaulipas se defienden los derechos laborales de los trabajadores"},"content":{"rendered":"<p><em><strong>El Gobernador Francisco Garc\u00eda Cabeza de Vaca, respeta y hace respetar la ley, y privilegia la estabilidad y seguridad laboral en la entidad, a favor del trabajador y patr\u00f3n<\/strong><\/em><\/p>\n<p style=\"text-align: right;\">\u00a0ST-007-2020<\/p>\n<p>Enero 30 del 2020<\/p>\n<p>Ciudad Victoria, Tamaulipas.- El Gobierno de Tamaulipas est\u00e1 comprometido con la clase trabajadora, al procurar, velar y defender sus derechos laborales, mediante los servicios gratuitos que se ofrecen a trav\u00e9s de la Procuradur\u00eda General de la Defensa del Trabajo.<\/p>\n<p>Lo anterior lo dio a conocer el Secretario del Trabajo, Miguel \u00c1ngel Villarreal Ongay, al asegurar que la dependencia a su cargo no solo orienta o asesora al trabajador, sino que lo representa legalmente ante una autoridad laboral.<\/p>\n<p>\u201cEl Gobernador Francisco Garc\u00eda Cabeza de Vaca, respeta y hace respetar la ley, y privilegia la estabilidad y seguridad laboral en la entidad, a favor del trabajador y patr\u00f3n\u201d, dijo.<\/p>\n<p>Villarreal Ongay, hizo menci\u00f3n que la PGDT est\u00e1 al servicio de los tamaulipecos y de quienes enfrentan alg\u00fan problema laboral, y brinda el apoyo para la elaboraci\u00f3n de alg\u00fan convenio o demanda.<\/p>\n<p>Revel\u00f3 que durante el 2019, se gestionaron montos para el trabajador, por m\u00e1s de $32,085,845 pesos, de los cuales $7,573,735 pesos corresponden a la Ciudad de Matamoros, de trabajadores que terminaron su relaci\u00f3n laboral con el patr\u00f3n.<\/p>\n<p>El funcionario dijo que de los montos tramitados en ese municipio, $4,739,895 pesos, estuvieron relacionados con obreros del sector maquilador, a quienes la PGDT brind\u00f3 atenci\u00f3n con 678 asesor\u00edas, 580 quejas, 50 demandas y 196 convenios.<\/p>\n<p>\u201cLa principal atenci\u00f3n hacia el trabajador es por despido injustificado y personal de la PGDT hace una labor profesional en apoyo a los mismos, pues los montos que se gestionan ante el patr\u00f3n, se le entregan de manera \u00edntegra, adem\u00e1s pueden contar con representaci\u00f3n legal en nueve municipios del estado\u201d.<\/p>\n<p>El Secretario explic\u00f3 que a trav\u00e9s de las gestiones que se realizan en la dependencia, es que se contribuye a que en Tamaulipas se generen las condiciones de la paz laboral, a su vez solicit\u00f3 a los trabajadores, conocer sus derechos y obligaciones contenidas en la Ley Federal del Trabajo, o bien acercarse con los procuradores quienes podr\u00e1n\u00a0 brindarles las atenciones necesarias.<\/p>\n<p style=\"text-align: center;\">###<\/p>\n<div class='owl-gallery'><div class='item'><a href='https:\/\/www.tamaulipas.gob.mx\/trabajo\/wp-content\/uploads\/sites\/11\/2020\/01\/boletin_procu_mat_01.jpeg' rel='galeria'><img src='https:\/\/www.tamaulipas.gob.mx\/trabajo\/wp-content\/uploads\/sites\/11\/2020\/01\/boletin_procu_mat_01-850x500.jpeg' srcset='' sizes='auto' alt=''><\/a><figcaption><\/figcaption><\/div><div class='item'><a href='https:\/\/www.tamaulipas.gob.mx\/trabajo\/wp-content\/uploads\/sites\/11\/2020\/01\/boletin_procu_mat_02.jpeg' rel='galeria'><img src='https:\/\/www.tamaulipas.gob.mx\/trabajo\/wp-content\/uploads\/sites\/11\/2020\/01\/boletin_procu_mat_02-850x500.jpeg' srcset='' sizes='auto' alt=''><\/a><figcaption><\/figcaption><\/div><div class='item'><a href='https:\/\/www.tamaulipas.gob.mx\/trabajo\/wp-content\/uploads\/sites\/11\/2020\/01\/boletin_procu_mat_03.jpeg' rel='galeria'><img src='https:\/\/www.tamaulipas.gob.mx\/trabajo\/wp-content\/uploads\/sites\/11\/2020\/01\/boletin_procu_mat_03-850x500.jpeg' srcset='' sizes='auto' alt=''><\/a><figcaption><\/figcaption><\/div><div class='item'><a href='https:\/\/www.tamaulipas.gob.mx\/trabajo\/wp-content\/uploads\/sites\/11\/2020\/01\/boletin_procu_mat_04.jpeg' rel='galeria'><img src='https:\/\/www.tamaulipas.gob.mx\/trabajo\/wp-content\/uploads\/sites\/11\/2020\/01\/boletin_procu_mat_04-850x500.jpeg' srcset='' sizes='auto' alt=''><\/a><figcaption><\/figcaption><\/div><div class='item'><a href='https:\/\/www.tamaulipas.gob.mx\/trabajo\/wp-content\/uploads\/sites\/11\/2020\/01\/boletin_procu_mat_05.jpeg' rel='galeria'><img src='https:\/\/www.tamaulipas.gob.mx\/trabajo\/wp-content\/uploads\/sites\/11\/2020\/01\/boletin_procu_mat_05-850x500.jpeg' srcset='' sizes='auto' alt=''><\/a><figcaption><\/figcaption><\/div><div class='item'><a href='https:\/\/www.tamaulipas.gob.mx\/trabajo\/wp-content\/uploads\/sites\/11\/2020\/01\/boletin_procu_mat_06.jpeg' rel='galeria'><img src='https:\/\/www.tamaulipas.gob.mx\/trabajo\/wp-content\/uploads\/sites\/11\/2020\/01\/boletin_procu_mat_06-850x500.jpeg' srcset='' sizes='auto' alt=''><\/a><figcaption><\/figcaption><\/div><\/div>\n","protected":false},"excerpt":{"rendered":"<p>El Gobernador Francisco Garc\u00eda Cabeza de Vaca, respeta y hace respetar la ley, y privilegia la estabilidad y seguridad laboral en la entidad, a favor\u2026<\/p>\n","protected":false},"author":63,"featured_media":1269,"comment_status":"closed","ping_status":"closed","sticky":false,"template":"","format":"standard","meta":{"footnotes":""},"categories":[1],"tags":[],"class_list":["post-1265","post","type-post","status-publish","format-standard","has-post-thumbnail","hentry","category-prensa"],"publishpress_future_action":{"enabled":false,"date":"2026-05-08 11:27:34","action":"change-status","newStatus":"draft","terms":[],"taxonomy":"category"},"_links":{"self":[{"href":"https:\/\/www.tamaulipas.gob.mx\/trabajo\/wp-json\/wp\/v2\/posts\/1265"}],"collection":[{"href":"https:\/\/www.tamaulipas.gob.mx\/trabajo\/wp-json\/wp\/v2\/posts"}],"about":[{"href":"https:\/\/www.tamaulipas.gob.mx\/trabajo\/wp-json\/wp\/v2\/types\/post"}],"author":[{"embeddable":true,"href":"https:\/\/www.tamaulipas.gob.mx\/trabajo\/wp-json\/wp\/v2\/users\/63"}],"replies":[{"embeddable":true,"href":"https:\/\/www.tamaulipas.gob.mx\/trabajo\/wp-json\/wp\/v2\/comments?post=1265"}],"version-history":[{"count":2,"href":"https:\/\/www.tamaulipas.gob.mx\/trabajo\/wp-json\/wp\/v2\/posts\/1265\/revisions"}],"predecessor-version":[{"id":1273,"href":"https:\/\/www.tamaulipas.gob.mx\/trabajo\/wp-json\/wp\/v2\/posts\/1265\/revisions\/1273"}],"wp:featuredmedia":[{"embeddable":true,"href":"https:\/\/www.tamaulipas.gob.mx\/trabajo\/wp-json\/wp\/v2\/media\/1269"}],"wp:attachment":[{"href":"https:\/\/www.tamaulipas.gob.mx\/trabajo\/wp-json\/wp\/v2\/media?parent=1265"}],"wp:term":[{"taxonomy":"category","embeddable":true,"href":"https:\/\/www.tamaulipas.gob.mx\/trabajo\/wp-json\/wp\/v2\/categories?post=1265"},{"taxonomy":"post_tag","embeddable":true,"href":"https:\/\/www.tamaulipas.gob.mx\/trabajo\/wp-json\/wp\/v2\/tags?post=1265"}],"curies":[{"name":"wp","href":"https:\/\/api.w.org\/{rel}","templated":true}]}}