{"id":1254,"date":"2020-01-24T20:00:04","date_gmt":"2020-01-25T02:00:04","guid":{"rendered":"https:\/\/www.tamaulipas.gob.mx\/trabajo\/?p=1254"},"modified":"2020-01-27T10:27:18","modified_gmt":"2020-01-27T16:27:18","slug":"tamaulipas-ofrece-bolsa-de-trabajo-para-canada","status":"publish","type":"post","link":"https:\/\/www.tamaulipas.gob.mx\/trabajo\/2020\/01\/tamaulipas-ofrece-bolsa-de-trabajo-para-canada\/","title":{"rendered":"Tamaulipas ofrece bolsa de trabajo para Canad\u00e1"},"content":{"rendered":"<p><em><strong>El Gobernador Francisco Garc\u00eda Cabeza de Vaca, facilita la vinculaci\u00f3n y colocaci\u00f3n de tamaulipecos, que buscan experiencias laborales fuera de su lugar de origen.<\/strong><\/em><\/p>\n<p style=\"text-align: right;\">\u00a0ST-006-2020<\/p>\n<p>Enero 24 del 2020<\/p>\n<p>Ciudad Victoria, Tamaulipas.- El Gobierno de Tamaulipas puso a disposici\u00f3n de los buscadores de empleo, oportunidades para trabajar de manera legal y segura en el extranjero, en espec\u00edfico en provincias de Canad\u00e1.<\/p>\n<p>A trav\u00e9s del Mecanismo de Movilidad Laboral, que opera la Secretar\u00eda del Trabajo, diversas empresas han solicitado a profesionistas para desempe\u00f1arse como: T\u00e9cnico en producci\u00f3n porcina, gerente hort\u00edcola, trabajador agr\u00edcola, inspector de calidad, inspector penetrante fluorescente, maquinista tornero en Control Num\u00e9rico por Computadora y programador CNC.<\/p>\n<p>Miguel \u00c1ngel Villarreal Ongay, titular de la dependencia, dio a conocer que se trata de empresas ubicadas en provincias como Winnipeg, Columbia Brit\u00e1nica y Quebec, quienes ofrecen sueltos atractivos, los cuales van desde los m\u00e1s de 35 mil a los m\u00e1s de 62 mil pesos.<\/p>\n<p>\u201cEl Gobernador Francisco Garc\u00eda Cabeza de Vaca, facilita la vinculaci\u00f3n y colocaci\u00f3n de tamaulipecos, que buscan experiencias laborales fuera de su lugar de origen, y dada su profesi\u00f3n o experiencias, pueden alcanzar una mejor remuneraci\u00f3n econ\u00f3mica y calidad de vida\u201d.<\/p>\n<p>El funcionario declar\u00f3 que el Servicio Nacional de Empleo Tamaulipas, durante el ejercicio 2019, logr\u00f3 postular a m\u00e1s de 70 personas en diversos giros, como el de alimentos, horticultura o manufactura entre otros, y a la fecha se tiene a trabajadores que solo esperan el d\u00eda y hora para iniciar sus labores.<\/p>\n<p>\u201cA la fecha, cinco personas que van al proceso de camar\u00f3n y moluscos, ya firmaron su contrato con la empresa y esperan su salida a Canad\u00e1, programada para el mes de abril, adem\u00e1s se tiene a dos cocineros, un fabricante de puertas y ventanas as\u00ed como quince enfermeras que van a Alemania, quienes solo esperan terminar sus estudios de idioma alem\u00e1n\u201d, dijo.<\/p>\n<p>\u00c1ngel Mateo L\u00f3pez Casanova, residente en el puerto El Mezquital en la Ciudad de Matamoros, partir\u00e1 a Canad\u00e1 para laborar el proceso de moluscos, argumenta que la actividad pesquera en la regi\u00f3n se ha visto escasa, por lo que decidi\u00f3 buscar alternativas que le permitan tener un mejor ingreso econ\u00f3mico para solventar las necesidades familiares.<\/p>\n<p>\u201cAcudi\u00f3 personal de la Secretar\u00eda del Trabajo al puerto, nos dieron informaci\u00f3n y asesor\u00eda de las vacantes y me interes\u00f3, llen\u00e9 la papeler\u00eda y sal\u00ed seleccionado, yo desconoc\u00eda este tipo de apoyos, me siento feliz y voy con toda la actitud\u201d, explico.<\/p>\n<p>Villarreal Ongay se\u00f1al\u00f3 que las vacantes tienen una duraci\u00f3n por lo general de dos a\u00f1os, sin embargo hay patrones que extienden los contratos hasta por cinco o m\u00e1s.<\/p>\n<p>Dijo que las personas con intenciones de radicar en Canad\u00e1, deber\u00e1n tener un nivel de idioma: franc\u00e9s o ingl\u00e9s, y en las unidades del SNETam podr\u00e1n recibir asesor\u00eda e informaci\u00f3n de manera gratuita, para iniciar la integraci\u00f3n de sus expedientes.<\/p>\n<p>&nbsp;<\/p>\n<p style=\"text-align: center;\">###<\/p>\n<div class='owl-gallery'><div class='item'><a href='https:\/\/www.tamaulipas.gob.mx\/trabajo\/wp-content\/uploads\/sites\/11\/2020\/01\/boletin_vacantes_canada_01.jpeg' rel='galeria'><img src='https:\/\/www.tamaulipas.gob.mx\/trabajo\/wp-content\/uploads\/sites\/11\/2020\/01\/boletin_vacantes_canada_01-850x500.jpeg' srcset='' sizes='auto' alt=''><\/a><figcaption><\/figcaption><\/div><div class='item'><a href='https:\/\/www.tamaulipas.gob.mx\/trabajo\/wp-content\/uploads\/sites\/11\/2020\/01\/boletin_vacantes_canada_02.jpeg' rel='galeria'><img src='https:\/\/www.tamaulipas.gob.mx\/trabajo\/wp-content\/uploads\/sites\/11\/2020\/01\/boletin_vacantes_canada_02-850x500.jpeg' srcset='' sizes='auto' alt=''><\/a><figcaption><\/figcaption><\/div><div class='item'><a href='https:\/\/www.tamaulipas.gob.mx\/trabajo\/wp-content\/uploads\/sites\/11\/2020\/01\/boletin_vacantes_canada_03.jpeg' rel='galeria'><img src='https:\/\/www.tamaulipas.gob.mx\/trabajo\/wp-content\/uploads\/sites\/11\/2020\/01\/boletin_vacantes_canada_03-850x500.jpeg' srcset='' sizes='auto' alt=''><\/a><figcaption><\/figcaption><\/div><div class='item'><a href='https:\/\/www.tamaulipas.gob.mx\/trabajo\/wp-content\/uploads\/sites\/11\/2020\/01\/boletin_vacantes_canada_04.jpeg' rel='galeria'><img src='https:\/\/www.tamaulipas.gob.mx\/trabajo\/wp-content\/uploads\/sites\/11\/2020\/01\/boletin_vacantes_canada_04-850x500.jpeg' srcset='' sizes='auto' alt=''><\/a><figcaption><\/figcaption><\/div><div class='item'><a href='https:\/\/www.tamaulipas.gob.mx\/trabajo\/wp-content\/uploads\/sites\/11\/2020\/01\/boletin_vacantes_canada_05.jpeg' rel='galeria'><img src='https:\/\/www.tamaulipas.gob.mx\/trabajo\/wp-content\/uploads\/sites\/11\/2020\/01\/boletin_vacantes_canada_05-850x500.jpeg' srcset='' sizes='auto' alt=''><\/a><figcaption><\/figcaption><\/div><div class='item'><a href='https:\/\/www.tamaulipas.gob.mx\/trabajo\/wp-content\/uploads\/sites\/11\/2020\/01\/boletin_vacantes_canada_06.jpeg' rel='galeria'><img src='https:\/\/www.tamaulipas.gob.mx\/trabajo\/wp-content\/uploads\/sites\/11\/2020\/01\/boletin_vacantes_canada_06-688x500.jpeg' srcset='' sizes='auto' alt=''><\/a><figcaption><\/figcaption><\/div><div class='item'><a href='https:\/\/www.tamaulipas.gob.mx\/trabajo\/wp-content\/uploads\/sites\/11\/2020\/01\/boletin_vacantes_canada_07.jpeg' rel='galeria'><img src='https:\/\/www.tamaulipas.gob.mx\/trabajo\/wp-content\/uploads\/sites\/11\/2020\/01\/boletin_vacantes_canada_07-850x500.jpeg' srcset='' sizes='auto' alt=''><\/a><figcaption><\/figcaption><\/div><div class='item'><a href='https:\/\/www.tamaulipas.gob.mx\/trabajo\/wp-content\/uploads\/sites\/11\/2020\/01\/boletin_vacantes_canada_08.jpeg' rel='galeria'><img src='https:\/\/www.tamaulipas.gob.mx\/trabajo\/wp-content\/uploads\/sites\/11\/2020\/01\/boletin_vacantes_canada_08-688x500.jpeg' srcset='' sizes='auto' alt=''><\/a><figcaption><\/figcaption><\/div><\/div>\n","protected":false},"excerpt":{"rendered":"<p>El Gobernador Francisco Garc\u00eda Cabeza de Vaca, facilita la vinculaci\u00f3n y colocaci\u00f3n de tamaulipecos, que buscan experiencias laborales fuera de su lugar de origen. \u00a0ST-006-2020\u2026<\/p>\n","protected":false},"author":63,"featured_media":1256,"comment_status":"closed","ping_status":"closed","sticky":false,"template":"","format":"standard","meta":{"footnotes":""},"categories":[1],"tags":[],"class_list":["post-1254","post","type-post","status-publish","format-standard","has-post-thumbnail","hentry","category-prensa"],"publishpress_future_action":{"enabled":false,"date":"2026-05-08 11:37:09","action":"change-status","newStatus":"draft","terms":[],"taxonomy":"category"},"_links":{"self":[{"href":"https:\/\/www.tamaulipas.gob.mx\/trabajo\/wp-json\/wp\/v2\/posts\/1254"}],"collection":[{"href":"https:\/\/www.tamaulipas.gob.mx\/trabajo\/wp-json\/wp\/v2\/posts"}],"about":[{"href":"https:\/\/www.tamaulipas.gob.mx\/trabajo\/wp-json\/wp\/v2\/types\/post"}],"author":[{"embeddable":true,"href":"https:\/\/www.tamaulipas.gob.mx\/trabajo\/wp-json\/wp\/v2\/users\/63"}],"replies":[{"embeddable":true,"href":"https:\/\/www.tamaulipas.gob.mx\/trabajo\/wp-json\/wp\/v2\/comments?post=1254"}],"version-history":[{"count":2,"href":"https:\/\/www.tamaulipas.gob.mx\/trabajo\/wp-json\/wp\/v2\/posts\/1254\/revisions"}],"predecessor-version":[{"id":1264,"href":"https:\/\/www.tamaulipas.gob.mx\/trabajo\/wp-json\/wp\/v2\/posts\/1254\/revisions\/1264"}],"wp:featuredmedia":[{"embeddable":true,"href":"https:\/\/www.tamaulipas.gob.mx\/trabajo\/wp-json\/wp\/v2\/media\/1256"}],"wp:attachment":[{"href":"https:\/\/www.tamaulipas.gob.mx\/trabajo\/wp-json\/wp\/v2\/media?parent=1254"}],"wp:term":[{"taxonomy":"category","embeddable":true,"href":"https:\/\/www.tamaulipas.gob.mx\/trabajo\/wp-json\/wp\/v2\/categories?post=1254"},{"taxonomy":"post_tag","embeddable":true,"href":"https:\/\/www.tamaulipas.gob.mx\/trabajo\/wp-json\/wp\/v2\/tags?post=1254"}],"curies":[{"name":"wp","href":"https:\/\/api.w.org\/{rel}","templated":true}]}}