{"id":1237,"date":"2020-01-17T14:30:31","date_gmt":"2020-01-17T20:30:31","guid":{"rendered":"https:\/\/www.tamaulipas.gob.mx\/trabajo\/?p=1237"},"modified":"2020-01-17T14:48:02","modified_gmt":"2020-01-17T20:48:02","slug":"presente-tamaulipas-en-la-primera-sesion-ordinaria-2020-de-la-conasetra","status":"publish","type":"post","link":"https:\/\/www.tamaulipas.gob.mx\/trabajo\/2020\/01\/presente-tamaulipas-en-la-primera-sesion-ordinaria-2020-de-la-conasetra\/","title":{"rendered":"Presente Tamaulipas en la Primera Sesi\u00f3n Ordinaria 2020 de la CONASETRA"},"content":{"rendered":"<p><em><strong>El Gobernador Francisco Garc\u00eda Cabeza de Vaca, realiza esfuerzos conjuntos entre sociedad y gobierno, y aplica los mecanismos necesarios para generar en la entidad una mejor pol\u00edtica laboral, que propicie bienestar para todos.<\/strong><\/em><\/p>\n<p style=\"text-align: right;\">ST-004-2020<\/p>\n<p>Enero 17 del 2020<\/p>\n<p>Santiago de Quer\u00e9taro, Quer\u00e9taro.- La Secretar\u00eda del Trabajo de Tamaulipas estuvo presente en la Primera Sesi\u00f3n Ordinaria 2020 de la Conferencia Nacional de Secretarios del Trabajo CONASETRA, en la que se evaluaron y se trabajaron temas relacionados con el \u00e1mbito laboral.<\/p>\n<p>El evento reuni\u00f3 a funcionarios de las 32 entidades federativas para destacar los aspectos fundamentales de la implementaci\u00f3n de la Reforma Laboral y los retos que habr\u00e1n de enfrentarse en cuanto a empleo e inspecci\u00f3n y previsi\u00f3n social.<\/p>\n<p>Miguel \u00c1ngel Villarreal Ongay, Secretario del Trabajo por Tamaulipas, dijo que el Gobernador, Francisco Garc\u00eda Cabeza de Vaca, impulsa esfuerzos conjuntos entre sociedad y gobierno, y aplica los mecanismos necesarios para generar en la entidad una mejor pol\u00edtica laboral que propicie bienestar para todos.<\/p>\n<p>\u201cTenemos grandes desaf\u00edos, pero hemos avanzado en la aplicaci\u00f3n de una pol\u00edtica que proteja por encima de todo, los derechos de los trabajadores, que favorezca las condiciones laborales y forje la creaci\u00f3n empleos mejor remunerados\u201d, expuso.<\/p>\n<p>Para la implementaci\u00f3n de la Reforma Laboral, record\u00f3 que est\u00e1 en puerta la apertura de los Centros de Conciliaci\u00f3n Local, Tribunales Laborales Federales y Locales y la creaci\u00f3n del Centro Federal de Conciliaci\u00f3n y Registro, en cuanto a Tamaulipas, dijo, se est\u00e1 trabajando y haciendo los esfuerzos, para que se cumpla en tiempo y forma con el arranque de los Juzgados Laborales, estipulados para mayo del 2022.<\/p>\n<p>\u201cEl gobernador por conducto de la Secretaria del Trabajo, sigue propiciando la conciliaci\u00f3n, como el mejor instrumento para solucionar los conflictos laborales\u201d.<\/p>\n<p>Referente al empleo y las prioridades contempladas por el SNE para el presente ejercicio, en espec\u00edfico en apoyo a los buscadores de empleo, mujeres mayores de 45 a 50 a\u00f1os, as\u00ed como mujeres y madres de familia o j\u00f3venes sin experiencia, el funcionario declar\u00f3 el compromiso de brindar las atenciones acertadas de acuerdo a los convenios de coordinaci\u00f3n que se tienen entre estado y federaci\u00f3n.<\/p>\n<p>Villarreal Ongay, coment\u00f3 que en lo que va de la administraci\u00f3n, se han generado 70 mil 542 empleos, de los cuales 19 mil 004 se crearon durante el 2019, y se ha brindado atenci\u00f3n personal a por lo menos 333 mil 226 buscadores de empleo, desde el 2016 a la fecha.<\/p>\n<p>La CONASETRA fue inaugurada por el Gobernador de Quer\u00e9taro, Francisco Dom\u00ednguez Servi\u00e9n y la Secretaria del Trabajo y Previsi\u00f3n Social, Luisa Mar\u00eda Alcalde Luj\u00e1n, y se busc\u00f3 junto con secretarios, trabajar y hacer eficientes los servicios de apoyo al empleo, colaborar en los cambios que demanda la Reforma Laboral, para garantizar la paz laboral y las condiciones de trabajo con todos los actores.<\/p>\n<p style=\"text-align: center;\">###<\/p>\n<div class='owl-gallery'><div class='item'><a href='https:\/\/www.tamaulipas.gob.mx\/trabajo\/wp-content\/uploads\/sites\/11\/2020\/01\/boletinconasetra01.jpeg' rel='galeria'><img src='https:\/\/www.tamaulipas.gob.mx\/trabajo\/wp-content\/uploads\/sites\/11\/2020\/01\/boletinconasetra01-850x500.jpeg' srcset='' sizes='auto' alt=''><\/a><figcaption><\/figcaption><\/div><div class='item'><a href='https:\/\/www.tamaulipas.gob.mx\/trabajo\/wp-content\/uploads\/sites\/11\/2020\/01\/boletinconasetra02.jpeg' rel='galeria'><img src='https:\/\/www.tamaulipas.gob.mx\/trabajo\/wp-content\/uploads\/sites\/11\/2020\/01\/boletinconasetra02-800x500.jpeg' srcset='' sizes='auto' alt=''><\/a><figcaption><\/figcaption><\/div><div class='item'><a href='https:\/\/www.tamaulipas.gob.mx\/trabajo\/wp-content\/uploads\/sites\/11\/2020\/01\/boletinconasetra03.jpeg' rel='galeria'><img src='https:\/\/www.tamaulipas.gob.mx\/trabajo\/wp-content\/uploads\/sites\/11\/2020\/01\/boletinconasetra03-850x500.jpeg' srcset='' sizes='auto' alt=''><\/a><figcaption><\/figcaption><\/div><div class='item'><a href='https:\/\/www.tamaulipas.gob.mx\/trabajo\/wp-content\/uploads\/sites\/11\/2020\/01\/boletinconasetra04.jpeg' rel='galeria'><img src='https:\/\/www.tamaulipas.gob.mx\/trabajo\/wp-content\/uploads\/sites\/11\/2020\/01\/boletinconasetra04-850x500.jpeg' srcset='' sizes='auto' alt=''><\/a><figcaption><\/figcaption><\/div><div class='item'><a href='https:\/\/www.tamaulipas.gob.mx\/trabajo\/wp-content\/uploads\/sites\/11\/2020\/01\/boletinconasetra05.jpeg' rel='galeria'><img src='https:\/\/www.tamaulipas.gob.mx\/trabajo\/wp-content\/uploads\/sites\/11\/2020\/01\/boletinconasetra05-850x500.jpeg' srcset='' sizes='auto' alt=''><\/a><figcaption><\/figcaption><\/div><\/div>\n","protected":false},"excerpt":{"rendered":"<p>El Gobernador Francisco Garc\u00eda Cabeza de Vaca, realiza esfuerzos conjuntos entre sociedad y gobierno, y aplica los mecanismos necesarios para generar en la entidad una\u2026<\/p>\n","protected":false},"author":63,"featured_media":1241,"comment_status":"closed","ping_status":"closed","sticky":false,"template":"","format":"standard","meta":{"footnotes":""},"categories":[1],"tags":[],"class_list":["post-1237","post","type-post","status-publish","format-standard","has-post-thumbnail","hentry","category-prensa"],"publishpress_future_action":{"enabled":false,"date":"2026-05-08 09:48:48","action":"change-status","newStatus":"draft","terms":[],"taxonomy":"category"},"_links":{"self":[{"href":"https:\/\/www.tamaulipas.gob.mx\/trabajo\/wp-json\/wp\/v2\/posts\/1237"}],"collection":[{"href":"https:\/\/www.tamaulipas.gob.mx\/trabajo\/wp-json\/wp\/v2\/posts"}],"about":[{"href":"https:\/\/www.tamaulipas.gob.mx\/trabajo\/wp-json\/wp\/v2\/types\/post"}],"author":[{"embeddable":true,"href":"https:\/\/www.tamaulipas.gob.mx\/trabajo\/wp-json\/wp\/v2\/users\/63"}],"replies":[{"embeddable":true,"href":"https:\/\/www.tamaulipas.gob.mx\/trabajo\/wp-json\/wp\/v2\/comments?post=1237"}],"version-history":[{"count":1,"href":"https:\/\/www.tamaulipas.gob.mx\/trabajo\/wp-json\/wp\/v2\/posts\/1237\/revisions"}],"predecessor-version":[{"id":1243,"href":"https:\/\/www.tamaulipas.gob.mx\/trabajo\/wp-json\/wp\/v2\/posts\/1237\/revisions\/1243"}],"wp:featuredmedia":[{"embeddable":true,"href":"https:\/\/www.tamaulipas.gob.mx\/trabajo\/wp-json\/wp\/v2\/media\/1241"}],"wp:attachment":[{"href":"https:\/\/www.tamaulipas.gob.mx\/trabajo\/wp-json\/wp\/v2\/media?parent=1237"}],"wp:term":[{"taxonomy":"category","embeddable":true,"href":"https:\/\/www.tamaulipas.gob.mx\/trabajo\/wp-json\/wp\/v2\/categories?post=1237"},{"taxonomy":"post_tag","embeddable":true,"href":"https:\/\/www.tamaulipas.gob.mx\/trabajo\/wp-json\/wp\/v2\/tags?post=1237"}],"curies":[{"name":"wp","href":"https:\/\/api.w.org\/{rel}","templated":true}]}}