{"id":1216,"date":"2020-01-02T20:00:21","date_gmt":"2020-01-03T02:00:21","guid":{"rendered":"https:\/\/www.tamaulipas.gob.mx\/trabajo\/?p=1216"},"modified":"2020-01-17T14:50:09","modified_gmt":"2020-01-17T20:50:09","slug":"mas-de-12-mil-tamaulipecos-fueron-beneficiados-con-los-talleres-para-buscadores-de-empleo","status":"publish","type":"post","link":"https:\/\/www.tamaulipas.gob.mx\/trabajo\/2020\/01\/mas-de-12-mil-tamaulipecos-fueron-beneficiados-con-los-talleres-para-buscadores-de-empleo\/","title":{"rendered":"M\u00e1s de 12 mil tamaulipecos, fueron beneficiados con los Talleres para Buscadores de Empleo"},"content":{"rendered":"<p><em><strong>\u201cEl Gobernador Francisco Garc\u00eda Cabeza de Vaca, dispone de una pol\u00edtica laboral que garantice estabilidad, proporcione un empleo seguro, de calidad, y que contenga las debidas prestaciones de ley\u201d.<\/strong><\/em><\/p>\n<p style=\"text-align: right;\">ST-001-2020<\/p>\n<p>Enero 02 del 2019<\/p>\n<p>Ciudad Victoria Tamaulipas.- Doce mil trescientas catorce personas, fueron atendidas por el Gobierno de Tamaulipas, con los Talleres para Buscadores de Empleo, entreg\u00e1ndoles herramientas para lograr el \u00e9xito en su primera entrevista de trabajo.<\/p>\n<p>Se trata de estudiantes pertenecientes a instituciones de nivel medio superior, pr\u00f3ximos a egresar, a quienes se les ofrecieron t\u00e9cnicas e instrumentos para adquirir habilidades y experiencias, y puedan ser contratados en el menor tiempo posible.<\/p>\n<p>Mediante este apoyo, que se ofrece por parte del Servicio Nacional de Empleo Tamaulipas, tan solo en el 2019, se desarrollaron 661 talleres en escuelas ubicadas en los principales municipios.<\/p>\n<p>Miguel \u00c1ngel Villarreal Ongay, Secretario del Trabajo, dijo que los talles son una alternativa que se lleva de manera gratuita y que se pone al servicio de los estudiantes, para que estos interact\u00faen en el mercado laboral de una forma precisa.<\/p>\n<p>\u201cEl Gobernador Francisco Garc\u00eda Cabeza de Vaca, dispone de una pol\u00edtica laboral que garantiza estabilidad, proporciona empleo seguro, de calidad, y que contempla las debidas prestaciones de ley\u201d.<\/p>\n<p>En el presente a\u00f1o, se lograron atender 7 mil 233 persona m\u00e1s que en el 2018, en las que el SNE obtuvo un registro de 5 mil 081 beneficiados, y en el 2017 los servicios tuvieron un alcance de 4 mil 164 personas.<\/p>\n<p>Los talleres comprenden temas relacionados con la b\u00fasqueda de trabajo y actitudes, c\u00f3mo integrar un curr\u00edculo, c\u00f3mo prepararse para una entrevista\u00a0 o que incluir en elaboraci\u00f3n de una carta de presentaci\u00f3n y a que instrumentos de evaluaci\u00f3n e interacci\u00f3n recurrir.<\/p>\n<p>El funcionario coment\u00f3 que el gobernador le apuesta al trabajo formal, que genere fuente de riqueza y las condiciones necesarias para la formaci\u00f3n integral del ciudadano.<\/p>\n<p>&nbsp;<\/p>\n<p style=\"text-align: center;\">###<\/p>\n<div class='owl-gallery'><div class='item'><a href='https:\/\/www.tamaulipas.gob.mx\/trabajo\/wp-content\/uploads\/sites\/11\/2020\/01\/boletin_tbe_01.jpeg' rel='galeria'><img src='https:\/\/www.tamaulipas.gob.mx\/trabajo\/wp-content\/uploads\/sites\/11\/2020\/01\/boletin_tbe_01-850x500.jpeg' srcset='' sizes='auto' alt=''><\/a><figcaption><\/figcaption><\/div><div class='item'><a href='https:\/\/www.tamaulipas.gob.mx\/trabajo\/wp-content\/uploads\/sites\/11\/2020\/01\/boletin_tbe_02.jpeg' rel='galeria'><img src='https:\/\/www.tamaulipas.gob.mx\/trabajo\/wp-content\/uploads\/sites\/11\/2020\/01\/boletin_tbe_02-850x500.jpeg' srcset='' sizes='auto' alt=''><\/a><figcaption><\/figcaption><\/div><div class='item'><a href='https:\/\/www.tamaulipas.gob.mx\/trabajo\/wp-content\/uploads\/sites\/11\/2020\/01\/boletin_tbe_03.jpeg' rel='galeria'><img src='https:\/\/www.tamaulipas.gob.mx\/trabajo\/wp-content\/uploads\/sites\/11\/2020\/01\/boletin_tbe_03-850x500.jpeg' srcset='' sizes='auto' alt=''><\/a><figcaption><\/figcaption><\/div><div class='item'><a href='https:\/\/www.tamaulipas.gob.mx\/trabajo\/wp-content\/uploads\/sites\/11\/2020\/01\/boletin_tbe_04.jpeg' rel='galeria'><img src='https:\/\/www.tamaulipas.gob.mx\/trabajo\/wp-content\/uploads\/sites\/11\/2020\/01\/boletin_tbe_04-850x500.jpeg' srcset='' sizes='auto' alt=''><\/a><figcaption><\/figcaption><\/div><\/div>\n","protected":false},"excerpt":{"rendered":"<p>\u201cEl Gobernador Francisco Garc\u00eda Cabeza de Vaca, dispone de una pol\u00edtica laboral que garantice estabilidad, proporcione un empleo seguro, de calidad, y que contenga las\u2026<\/p>\n","protected":false},"author":63,"featured_media":1219,"comment_status":"closed","ping_status":"closed","sticky":false,"template":"","format":"standard","meta":{"footnotes":""},"categories":[1],"tags":[],"class_list":["post-1216","post","type-post","status-publish","format-standard","has-post-thumbnail","hentry","category-prensa"],"publishpress_future_action":{"enabled":false,"date":"2026-05-08 09:49:33","action":"change-status","newStatus":"draft","terms":[],"taxonomy":"category"},"_links":{"self":[{"href":"https:\/\/www.tamaulipas.gob.mx\/trabajo\/wp-json\/wp\/v2\/posts\/1216"}],"collection":[{"href":"https:\/\/www.tamaulipas.gob.mx\/trabajo\/wp-json\/wp\/v2\/posts"}],"about":[{"href":"https:\/\/www.tamaulipas.gob.mx\/trabajo\/wp-json\/wp\/v2\/types\/post"}],"author":[{"embeddable":true,"href":"https:\/\/www.tamaulipas.gob.mx\/trabajo\/wp-json\/wp\/v2\/users\/63"}],"replies":[{"embeddable":true,"href":"https:\/\/www.tamaulipas.gob.mx\/trabajo\/wp-json\/wp\/v2\/comments?post=1216"}],"version-history":[{"count":3,"href":"https:\/\/www.tamaulipas.gob.mx\/trabajo\/wp-json\/wp\/v2\/posts\/1216\/revisions"}],"predecessor-version":[{"id":1244,"href":"https:\/\/www.tamaulipas.gob.mx\/trabajo\/wp-json\/wp\/v2\/posts\/1216\/revisions\/1244"}],"wp:featuredmedia":[{"embeddable":true,"href":"https:\/\/www.tamaulipas.gob.mx\/trabajo\/wp-json\/wp\/v2\/media\/1219"}],"wp:attachment":[{"href":"https:\/\/www.tamaulipas.gob.mx\/trabajo\/wp-json\/wp\/v2\/media?parent=1216"}],"wp:term":[{"taxonomy":"category","embeddable":true,"href":"https:\/\/www.tamaulipas.gob.mx\/trabajo\/wp-json\/wp\/v2\/categories?post=1216"},{"taxonomy":"post_tag","embeddable":true,"href":"https:\/\/www.tamaulipas.gob.mx\/trabajo\/wp-json\/wp\/v2\/tags?post=1216"}],"curies":[{"name":"wp","href":"https:\/\/api.w.org\/{rel}","templated":true}]}}