{"id":121,"date":"2017-06-28T09:53:42","date_gmt":"2017-06-28T14:53:42","guid":{"rendered":"http:\/\/www.tamaulipas.gob.mx\/trabajo\/?p=121"},"modified":"2017-08-07T09:54:13","modified_gmt":"2017-08-07T14:54:13","slug":"implementan-foro-taller-para-la-prevencion-y-erradicacion-del-trabajo-infantil-en-tamaulipas","status":"publish","type":"post","link":"https:\/\/www.tamaulipas.gob.mx\/trabajo\/2017\/06\/implementan-foro-taller-para-la-prevencion-y-erradicacion-del-trabajo-infantil-en-tamaulipas\/","title":{"rendered":"Implementan Foro-Taller, para la prevenci\u00f3n y erradicaci\u00f3n del trabajo infantil en Tamaulipas"},"content":{"rendered":"<p>Ciudad Victoria Tamaulipas.- Cada ni\u00f1o que trabaja, pierde la posibilidad de vivir su infancia y cada peso que gana, empobrece su futuro, dijo Mar\u00eda Estela Chavira Mart\u00ednez Secretaria del Trabajo, al implementar junto con el Delegado Federal de la STPS, Rodrigo Mario Stolberg Hinojosa, el Foro-Taller Planeaci\u00f3n Estrat\u00e9gica Intersectorial para la Prevenci\u00f3n y Erradicaci\u00f3n del Trabajo Infantil.<\/p>\n<p>Ante estudiantes, ciudadanos y funcionarios de gobierno, habl\u00f3 de la necesidad de trabajar juntos por la construcci\u00f3n de un mejor Tamaulipas, donde los ni\u00f1os vivan su infancia, estudien y jueguen tranquilos.<\/p>\n<p>\u201cUna preocupaci\u00f3n de nuestro Gobernador Francisco Garc\u00eda Cabeza de Vaca, es que Tamaulipas sea un Estado donde ni\u00f1as, ni\u00f1os y adolescentes, disfruten su vida con amor, seguridad y protecci\u00f3n\u201d, dijo la funcionaria.<\/p>\n<p>Aseguro que la entidad, a nivel nacional se ubica en uno de los lugares y porcentajes m\u00e1s bajos de menores trabajando, de edades de los 15 y 17 a\u00f1os y ocupan 45 mil empleos legalmente permitidos.<\/p>\n<p>Por su parte, el Delegado Federal de la STPS, Rodrigo Mario Stolberg Hinojosa, declar\u00f3 que la actividad econ\u00f3mica realizada por menores de edad, los priva de su infancia, potencial y dignidad, por lo que se han implementado acciones para el combate y erradicaci\u00f3n de dicha pr\u00e1ctica, tales como la reforma al Art\u00edculo 123 Constitucional, la ratificaci\u00f3n del convenio 138 de la OIT, la entrega de distintivos entre otras acciones.<\/p>\n<p>\u201cJuntos, los tres \u00f3rdenes de gobierno podremos instrumentar y planificar acciones estrat\u00e9gicas para la prevenci\u00f3n y erradicaci\u00f3n del trabajo infantil en el estado, y as\u00ed lograr que las manos de los ni\u00f1os y ni\u00f1as tamaulipecos, sean solo para jugar y aprender\u201d.<\/p>\n<p>En su participaci\u00f3n, Nuria Isabela Acosta Morales, de la escuela primaria Club<br \/>\nRotario, expres\u00f3 que las ni\u00f1as y los ni\u00f1os no deben trabajar, ni en la calle ni en ning\u00fan lado, y son ellos quienes tienen que estar en la escuela para aprender lo que m\u00e1s les gusta, lectura, historia o matem\u00e1ticas.<\/p>\n<p>La Secretaria del Trabajo Estela Chavira Mart\u00ednez, corrobor\u00f3 que para que el trabajo infantil sea erradicado, es necesario aumentar el presupuesto a la educaci\u00f3n y programas de protecci\u00f3n social.<\/p>\n<p>Las ponencias y talleres, fueron ofrecidos por representantes de la Procuradur\u00eda General de la Republica, de la Secretar\u00eda del Trabajo y Previsi\u00f3n Social as\u00ed<br \/>\ncomo de la Sub Direcci\u00f3n de Pol\u00edticas P\u00fablicas de la Secretar\u00eda Ejecutiva del Sistema de Protecci\u00f3n Integral de Ni\u00f1os, Ni\u00f1as y Adolescentes.<\/p>\n<p>En el Foro Taller Planeaci\u00f3n Estrat\u00e9gica Intersectorial para la Prevenci\u00f3n y Erradicaci\u00f3n del Trabajo Infantil, estuvieron presentes la Directora del Sistema DIF Tamaulipas, Omeheria L\u00f3pez Reyna; Jorge Zamorano Ch\u00e1vez, Asesor de la Subsecretar\u00eda de Previsi\u00f3n Social de la STPS y Dulce Mar\u00eda Mac\u00edas Palomino, Procuradora Municipal de Protecci\u00f3n de Ni\u00f1as, Ni\u00f1os y Adolescentes.<\/p>\n<div class='owl-gallery'><div class='item'><a href='https:\/\/www.tamaulipas.gob.mx\/trabajo\/wp-content\/uploads\/sites\/11\/2017\/08\/whatsapp-image-2017-07-10-at-4.44.42-pm-1.jpeg' rel='galeria'><img src='https:\/\/www.tamaulipas.gob.mx\/trabajo\/wp-content\/uploads\/sites\/11\/2017\/08\/whatsapp-image-2017-07-10-at-4.44.42-pm-1-850x500.jpeg' srcset='' sizes='auto' alt=''><\/a><figcaption><\/figcaption><\/div><div class='item'><a href='https:\/\/www.tamaulipas.gob.mx\/trabajo\/wp-content\/uploads\/sites\/11\/2017\/08\/whatsapp-image-2017-07-10-at-4.44.42-pm.jpeg' rel='galeria'><img src='https:\/\/www.tamaulipas.gob.mx\/trabajo\/wp-content\/uploads\/sites\/11\/2017\/08\/whatsapp-image-2017-07-10-at-4.44.42-pm-850x500.jpeg' srcset='' sizes='auto' alt=''><\/a><figcaption><\/figcaption><\/div><div class='item'><a href='https:\/\/www.tamaulipas.gob.mx\/trabajo\/wp-content\/uploads\/sites\/11\/2017\/08\/2.jpg' rel='galeria'><img src='https:\/\/www.tamaulipas.gob.mx\/trabajo\/wp-content\/uploads\/sites\/11\/2017\/08\/2-850x500.jpg' srcset='' sizes='auto' alt=''><\/a><figcaption><\/figcaption><\/div><\/div>\n","protected":false},"excerpt":{"rendered":"<p>Ciudad Victoria Tamaulipas.- Cada ni\u00f1o que trabaja, pierde la posibilidad de vivir su infancia y cada peso que gana, empobrece su futuro, dijo Mar\u00eda Estela\u2026<\/p>\n","protected":false},"author":7,"featured_media":122,"comment_status":"closed","ping_status":"closed","sticky":false,"template":"","format":"standard","meta":{"footnotes":""},"categories":[1],"tags":[],"class_list":["post-121","post","type-post","status-publish","format-standard","has-post-thumbnail","hentry","category-prensa"],"publishpress_future_action":{"enabled":false,"date":"2026-05-08 04:50:11","action":"change-status","newStatus":"draft","terms":[],"taxonomy":"category"},"_links":{"self":[{"href":"https:\/\/www.tamaulipas.gob.mx\/trabajo\/wp-json\/wp\/v2\/posts\/121"}],"collection":[{"href":"https:\/\/www.tamaulipas.gob.mx\/trabajo\/wp-json\/wp\/v2\/posts"}],"about":[{"href":"https:\/\/www.tamaulipas.gob.mx\/trabajo\/wp-json\/wp\/v2\/types\/post"}],"author":[{"embeddable":true,"href":"https:\/\/www.tamaulipas.gob.mx\/trabajo\/wp-json\/wp\/v2\/users\/7"}],"replies":[{"embeddable":true,"href":"https:\/\/www.tamaulipas.gob.mx\/trabajo\/wp-json\/wp\/v2\/comments?post=121"}],"version-history":[{"count":1,"href":"https:\/\/www.tamaulipas.gob.mx\/trabajo\/wp-json\/wp\/v2\/posts\/121\/revisions"}],"predecessor-version":[{"id":126,"href":"https:\/\/www.tamaulipas.gob.mx\/trabajo\/wp-json\/wp\/v2\/posts\/121\/revisions\/126"}],"wp:featuredmedia":[{"embeddable":true,"href":"https:\/\/www.tamaulipas.gob.mx\/trabajo\/wp-json\/wp\/v2\/media\/122"}],"wp:attachment":[{"href":"https:\/\/www.tamaulipas.gob.mx\/trabajo\/wp-json\/wp\/v2\/media?parent=121"}],"wp:term":[{"taxonomy":"category","embeddable":true,"href":"https:\/\/www.tamaulipas.gob.mx\/trabajo\/wp-json\/wp\/v2\/categories?post=121"},{"taxonomy":"post_tag","embeddable":true,"href":"https:\/\/www.tamaulipas.gob.mx\/trabajo\/wp-json\/wp\/v2\/tags?post=121"}],"curies":[{"name":"wp","href":"https:\/\/api.w.org\/{rel}","templated":true}]}}