{"id":1208,"date":"2019-12-10T20:00:01","date_gmt":"2019-12-11T02:00:01","guid":{"rendered":"https:\/\/www.tamaulipas.gob.mx\/trabajo\/?p=1208"},"modified":"2019-12-13T12:34:56","modified_gmt":"2019-12-13T18:34:56","slug":"integran-primera-red-nacional-de-vinculacion-laboral-en-el-estado-de-tamaulipas","status":"publish","type":"post","link":"https:\/\/www.tamaulipas.gob.mx\/trabajo\/2019\/12\/integran-primera-red-nacional-de-vinculacion-laboral-en-el-estado-de-tamaulipas\/","title":{"rendered":"Integran Primera Red Nacional de Vinculaci\u00f3n Laboral en el estado de Tamaulipas"},"content":{"rendered":"<p><em><strong>El Gobernador Francisco Garc\u00eda Cabeza de Vaca, unifica esfuerzos para garantizarle a las personas, la oportunidad de un trabajo seguro, digno y formal.<\/strong><\/em><\/p>\n<p style=\"text-align: right;\">ST-073-2019<\/p>\n<p>Diciembre 10 del 2019<\/p>\n<p>Ciudad Victoria Tamaulipas.- Para atender a grupos de poblaci\u00f3n que por diversa circunstancias enfrentan inconvenientes para lograr su inserci\u00f3n a una vacante de trabajo, el Gobierno de Tamaulipas integr\u00f3 la Red Nacional de Vinculaci\u00f3n Laboral.<\/p>\n<p>La red, conformada por instituciones, organismos p\u00fablicos y privados, as\u00ed como de gobiernos, pretende realizar acciones conjuntas que beneficien a personas con discapacidad, adultos mayores, mujeres en situaci\u00f3n de violencia, jefas de familia, j\u00f3venes, personas liberadas o que pertenecen a otros grupos de atenci\u00f3n como VIH\/Sida.<\/p>\n<p>El Secretario del Trabajo, Miguel \u00c1ngel Villarreal Ongay, dijo que se trata de una estrategia, en la que el Gobernador Francisco Garc\u00eda Cabeza de Vaca, unifica esfuerzos para garantizar a las personas, la oportunidad de un trabajo seguro, digno y formal.<\/p>\n<p>\u201cSe trata de una herramienta en la que trabaja y forma parte Tamaulipas, que en coordinaci\u00f3n con la STPS y el Servicio Nacional de Empleo, pretende brindar apoyo y las condiciones necesarias a personas en estado vulnerable\u201d, explic\u00f3 el funcionario.<\/p>\n<p>A trav\u00e9s de la estrategia \u201cAbriendo Espacios\u201d, se proyectan servicios para la inclusi\u00f3n laboral, para las y los buscadores de empleo y el sector productivo, para fomentar la empleabilidad, el intercambio de informaci\u00f3n, la orientaci\u00f3n y sensibilizaci\u00f3n, consejer\u00eda laboral, asesor\u00eda sobre pol\u00edticas p\u00fablicas de inclusi\u00f3n laboral y ventajas de la inclusi\u00f3n de las personas en situaci\u00f3n de vulnerabilidad entre otras acciones.<\/p>\n<p>En la reuni\u00f3n de instalaci\u00f3n, a los integrantes: SNETam, Secretar\u00eda de Educaci\u00f3n, Secretar\u00eda de Salud, Secretar\u00eda de Bienestar Social, Centro de Integraci\u00f3n Social, DIF Tamaulipas, SIPRODDIS, Comisi\u00f3n Estatal de Atenci\u00f3n a V\u00edctima, CREE, Educaci\u00f3n media superior y superior, y CECATI 76, se les especificaron las funciones y actividades a desarrollar, as\u00ed mismo se dio lectura a los lineamientos de operaci\u00f3n.<\/p>\n<p>Mediante una carta de intenci\u00f3n, firmada por el coordinador estatal y 5 vocales, qued\u00f3 integrada la Red Nacional de Vinculaci\u00f3n Laboral en el estado de Tamaulipas, la cual sesionar\u00e1 peri\u00f3dicamente para evaluar, proponer, promover e informar, los trabajos en beneficio de quienes requieren de un servicio de vinculaci\u00f3n.<\/p>\n<p style=\"text-align: center;\">###<\/p>\n<p>&nbsp;<\/p>\n<div class='owl-gallery'><div class='item'><a href='https:\/\/www.tamaulipas.gob.mx\/trabajo\/wp-content\/uploads\/sites\/11\/2019\/12\/redvinc_01.jpeg' rel='galeria'><img src='https:\/\/www.tamaulipas.gob.mx\/trabajo\/wp-content\/uploads\/sites\/11\/2019\/12\/redvinc_01-850x500.jpeg' srcset='' sizes='auto' alt=''><\/a><figcaption><\/figcaption><\/div><div class='item'><a href='https:\/\/www.tamaulipas.gob.mx\/trabajo\/wp-content\/uploads\/sites\/11\/2019\/12\/redvinc_02.jpeg' rel='galeria'><img src='https:\/\/www.tamaulipas.gob.mx\/trabajo\/wp-content\/uploads\/sites\/11\/2019\/12\/redvinc_02-850x500.jpeg' srcset='' sizes='auto' alt=''><\/a><figcaption><\/figcaption><\/div><div class='item'><a href='https:\/\/www.tamaulipas.gob.mx\/trabajo\/wp-content\/uploads\/sites\/11\/2019\/12\/redvinc_03.jpeg' rel='galeria'><img src='https:\/\/www.tamaulipas.gob.mx\/trabajo\/wp-content\/uploads\/sites\/11\/2019\/12\/redvinc_03-850x500.jpeg' srcset='' sizes='auto' alt=''><\/a><figcaption><\/figcaption><\/div><div class='item'><a href='https:\/\/www.tamaulipas.gob.mx\/trabajo\/wp-content\/uploads\/sites\/11\/2019\/12\/redvinc_04.jpeg' rel='galeria'><img src='https:\/\/www.tamaulipas.gob.mx\/trabajo\/wp-content\/uploads\/sites\/11\/2019\/12\/redvinc_04-850x500.jpeg' srcset='' sizes='auto' alt=''><\/a><figcaption><\/figcaption><\/div><div class='item'><a href='https:\/\/www.tamaulipas.gob.mx\/trabajo\/wp-content\/uploads\/sites\/11\/2019\/12\/redvinc_05.jpeg' rel='galeria'><img src='https:\/\/www.tamaulipas.gob.mx\/trabajo\/wp-content\/uploads\/sites\/11\/2019\/12\/redvinc_05-850x500.jpeg' srcset='' sizes='auto' alt=''><\/a><figcaption><\/figcaption><\/div><\/div>\n","protected":false},"excerpt":{"rendered":"<p>El Gobernador Francisco Garc\u00eda Cabeza de Vaca, unifica esfuerzos para garantizarle a las personas, la oportunidad de un trabajo seguro, digno y formal. ST-073-2019 Diciembre\u2026<\/p>\n","protected":false},"author":63,"featured_media":1210,"comment_status":"closed","ping_status":"closed","sticky":false,"template":"","format":"standard","meta":{"footnotes":""},"categories":[1],"tags":[],"class_list":["post-1208","post","type-post","status-publish","format-standard","has-post-thumbnail","hentry","category-prensa"],"publishpress_future_action":{"enabled":false,"date":"2026-05-08 09:49:01","action":"change-status","newStatus":"draft","terms":[],"taxonomy":"category"},"_links":{"self":[{"href":"https:\/\/www.tamaulipas.gob.mx\/trabajo\/wp-json\/wp\/v2\/posts\/1208"}],"collection":[{"href":"https:\/\/www.tamaulipas.gob.mx\/trabajo\/wp-json\/wp\/v2\/posts"}],"about":[{"href":"https:\/\/www.tamaulipas.gob.mx\/trabajo\/wp-json\/wp\/v2\/types\/post"}],"author":[{"embeddable":true,"href":"https:\/\/www.tamaulipas.gob.mx\/trabajo\/wp-json\/wp\/v2\/users\/63"}],"replies":[{"embeddable":true,"href":"https:\/\/www.tamaulipas.gob.mx\/trabajo\/wp-json\/wp\/v2\/comments?post=1208"}],"version-history":[{"count":1,"href":"https:\/\/www.tamaulipas.gob.mx\/trabajo\/wp-json\/wp\/v2\/posts\/1208\/revisions"}],"predecessor-version":[{"id":1214,"href":"https:\/\/www.tamaulipas.gob.mx\/trabajo\/wp-json\/wp\/v2\/posts\/1208\/revisions\/1214"}],"wp:featuredmedia":[{"embeddable":true,"href":"https:\/\/www.tamaulipas.gob.mx\/trabajo\/wp-json\/wp\/v2\/media\/1210"}],"wp:attachment":[{"href":"https:\/\/www.tamaulipas.gob.mx\/trabajo\/wp-json\/wp\/v2\/media?parent=1208"}],"wp:term":[{"taxonomy":"category","embeddable":true,"href":"https:\/\/www.tamaulipas.gob.mx\/trabajo\/wp-json\/wp\/v2\/categories?post=1208"},{"taxonomy":"post_tag","embeddable":true,"href":"https:\/\/www.tamaulipas.gob.mx\/trabajo\/wp-json\/wp\/v2\/tags?post=1208"}],"curies":[{"name":"wp","href":"https:\/\/api.w.org\/{rel}","templated":true}]}}