{"id":1201,"date":"2019-12-06T20:00:24","date_gmt":"2019-12-07T02:00:24","guid":{"rendered":"https:\/\/www.tamaulipas.gob.mx\/trabajo\/?p=1201"},"modified":"2019-12-13T12:30:01","modified_gmt":"2019-12-13T18:30:01","slug":"prevalece-la-conciliacion-en-tamaulipas-como-via-de-solucion-laboral-entre-trabajador-y-patron","status":"publish","type":"post","link":"https:\/\/www.tamaulipas.gob.mx\/trabajo\/2019\/12\/prevalece-la-conciliacion-en-tamaulipas-como-via-de-solucion-laboral-entre-trabajador-y-patron\/","title":{"rendered":"Prevalece la Conciliaci\u00f3n en Tamaulipas, como v\u00eda de soluci\u00f3n laboral entre trabajador y patr\u00f3n"},"content":{"rendered":"<p style=\"text-align: left;\"><em><strong>El Gobernador Francisco Garc\u00eda Cabeza de Vaca, proporciona a las y los trabajadores una justicia r\u00e1pida, expedita, imparcial y transparente, que garantice su estabilidad social y econ\u00f3mica.<\/strong><\/em><\/p>\n<p style=\"text-align: right;\">ST-072-2019<\/p>\n<p style=\"text-align: left;\">Diciembre 6 del 2019<\/p>\n<p>Ciudad Victoria Tamaulipas.- M\u00e1s de ciento diez millones, 900 mil 215 pesos, han sido gestionados por el Gobierno de Tamaulipas, a trav\u00e9s de la Direcci\u00f3n de Conciliaci\u00f3n y Relaciones Laborales, derivado a la soluci\u00f3n de conflictos suscitados entre el patr\u00f3n y trabajador.<\/p>\n<p>Mediante la Conciliaci\u00f3n, la Secretar\u00eda del Trabajo, busca que las partes involucradas, encuentren una respuesta efectiva a su controversia.<\/p>\n<p>Esta alternativa jur\u00eddica, que se ofrece de manera gratuita, tiene el objetivo de generar soluciones amistosas y satisfactorias, siempre con apego a la ley, dijo Miguel \u00c1ngel Villarreal Ongay, Secretario del Trabajo.<\/p>\n<p>\u201cEl Gobernador Francisco Garc\u00eda Cabeza de Vaca, instruy\u00f3 en primer lugar, mediante la conciliaci\u00f3n, ayudar al trabajador y patrones, a reanudar su relaci\u00f3n y concluir sus diferencias laborales en buenos t\u00e9rminos, evitando con ello un proceso legal ante las Juntas de Conciliaci\u00f3n\u201d, se\u00f1al\u00f3.<\/p>\n<p>El funcionario coment\u00f3 que se lograron atender por la v\u00eda de la conciliaci\u00f3n, 12 mil 465 asesor\u00edas, se ofrecieron 4 mil 702 pl\u00e1ticas conciliatorias, y se realizaron 4 mil 856 convenios.<\/p>\n<p>Villarreal Ongay, dijo que en lo que va del 2019 se han ofrecido m\u00e1s de 22 mil 023 servicios, 3 mil 946 m\u00e1s que en el 2018 y 4 mil 620 m\u00e1s que en el 2017.<\/p>\n<p>Destac\u00f3 la responsabilidad que hay de parte del mandatario, para proporcionar a las y los trabajadores una justicia r\u00e1pida, expedita, imparcial y transparente, que garantice su estabilidad social y econ\u00f3mica.<\/p>\n<p>En cuanto a la implementaci\u00f3n de la Reforma Laboral, agreg\u00f3 que la Conciliaci\u00f3n, juega un papel fundamental, para terminar con el rezago de expedientes que tienen las Juntas de Conciliaci\u00f3n y Arbitraje, y preparar las condiciones de lo que ser\u00e1 el Centro de Conciliaci\u00f3n Estatal.<\/p>\n<p style=\"text-align: center;\">###<\/p>\n<p>&nbsp;<\/p>\n<div class='owl-gallery'><div class='item'><a href='https:\/\/www.tamaulipas.gob.mx\/trabajo\/wp-content\/uploads\/sites\/11\/2019\/12\/res_conc_01.jpeg' rel='galeria'><img src='https:\/\/www.tamaulipas.gob.mx\/trabajo\/wp-content\/uploads\/sites\/11\/2019\/12\/res_conc_01-850x500.jpeg' srcset='' sizes='auto' alt=''><\/a><figcaption><\/figcaption><\/div><div class='item'><a href='https:\/\/www.tamaulipas.gob.mx\/trabajo\/wp-content\/uploads\/sites\/11\/2019\/12\/res_conc_02.jpeg' rel='galeria'><img src='https:\/\/www.tamaulipas.gob.mx\/trabajo\/wp-content\/uploads\/sites\/11\/2019\/12\/res_conc_02-850x500.jpeg' srcset='' sizes='auto' alt=''><\/a><figcaption><\/figcaption><\/div><div class='item'><a href='https:\/\/www.tamaulipas.gob.mx\/trabajo\/wp-content\/uploads\/sites\/11\/2019\/12\/res_conc_03.jpeg' rel='galeria'><img src='https:\/\/www.tamaulipas.gob.mx\/trabajo\/wp-content\/uploads\/sites\/11\/2019\/12\/res_conc_03-850x500.jpeg' srcset='' sizes='auto' alt=''><\/a><figcaption><\/figcaption><\/div><div class='item'><a href='https:\/\/www.tamaulipas.gob.mx\/trabajo\/wp-content\/uploads\/sites\/11\/2019\/12\/res_conc_04.jpeg' rel='galeria'><img src='https:\/\/www.tamaulipas.gob.mx\/trabajo\/wp-content\/uploads\/sites\/11\/2019\/12\/res_conc_04-850x500.jpeg' srcset='' sizes='auto' alt=''><\/a><figcaption><\/figcaption><\/div><\/div>\n","protected":false},"excerpt":{"rendered":"<p>El Gobernador Francisco Garc\u00eda Cabeza de Vaca, proporciona a las y los trabajadores una justicia r\u00e1pida, expedita, imparcial y transparente, que garantice su estabilidad social\u2026<\/p>\n","protected":false},"author":63,"featured_media":1202,"comment_status":"closed","ping_status":"closed","sticky":false,"template":"","format":"standard","meta":{"footnotes":""},"categories":[1],"tags":[],"class_list":["post-1201","post","type-post","status-publish","format-standard","has-post-thumbnail","hentry","category-prensa"],"publishpress_future_action":{"enabled":false,"date":"2026-05-08 09:49:02","action":"change-status","newStatus":"draft","terms":[],"taxonomy":"category"},"_links":{"self":[{"href":"https:\/\/www.tamaulipas.gob.mx\/trabajo\/wp-json\/wp\/v2\/posts\/1201"}],"collection":[{"href":"https:\/\/www.tamaulipas.gob.mx\/trabajo\/wp-json\/wp\/v2\/posts"}],"about":[{"href":"https:\/\/www.tamaulipas.gob.mx\/trabajo\/wp-json\/wp\/v2\/types\/post"}],"author":[{"embeddable":true,"href":"https:\/\/www.tamaulipas.gob.mx\/trabajo\/wp-json\/wp\/v2\/users\/63"}],"replies":[{"embeddable":true,"href":"https:\/\/www.tamaulipas.gob.mx\/trabajo\/wp-json\/wp\/v2\/comments?post=1201"}],"version-history":[{"count":2,"href":"https:\/\/www.tamaulipas.gob.mx\/trabajo\/wp-json\/wp\/v2\/posts\/1201\/revisions"}],"predecessor-version":[{"id":1207,"href":"https:\/\/www.tamaulipas.gob.mx\/trabajo\/wp-json\/wp\/v2\/posts\/1201\/revisions\/1207"}],"wp:featuredmedia":[{"embeddable":true,"href":"https:\/\/www.tamaulipas.gob.mx\/trabajo\/wp-json\/wp\/v2\/media\/1202"}],"wp:attachment":[{"href":"https:\/\/www.tamaulipas.gob.mx\/trabajo\/wp-json\/wp\/v2\/media?parent=1201"}],"wp:term":[{"taxonomy":"category","embeddable":true,"href":"https:\/\/www.tamaulipas.gob.mx\/trabajo\/wp-json\/wp\/v2\/categories?post=1201"},{"taxonomy":"post_tag","embeddable":true,"href":"https:\/\/www.tamaulipas.gob.mx\/trabajo\/wp-json\/wp\/v2\/tags?post=1201"}],"curies":[{"name":"wp","href":"https:\/\/api.w.org\/{rel}","templated":true}]}}