{"id":1184,"date":"2019-12-02T20:00:59","date_gmt":"2019-12-03T02:00:59","guid":{"rendered":"https:\/\/www.tamaulipas.gob.mx\/trabajo\/?p=1184"},"modified":"2019-12-09T08:36:29","modified_gmt":"2019-12-09T14:36:29","slug":"tamaulipas-genera-inclusion-laboral-para-personas-con-discapacidad-y-adultos-mayores","status":"publish","type":"post","link":"https:\/\/www.tamaulipas.gob.mx\/trabajo\/2019\/12\/tamaulipas-genera-inclusion-laboral-para-personas-con-discapacidad-y-adultos-mayores\/","title":{"rendered":"Tamaulipas genera inclusi\u00f3n laboral para personas con discapacidad y adultos mayores"},"content":{"rendered":"<p><em><strong>Mediante la estrategia \u201cAbriendo Espacios\u201d, se ofrece la oportunidad de un empleo formal, cursos de capacitaci\u00f3n, autoempleo y herramientas para una contrataci\u00f3n exitosa, en apoyo a personas con alguna vulnerabilidad.<\/strong><\/em><\/p>\n<p style=\"text-align: right;\">ST-071-2019<\/p>\n<p>Diciembre 2 del 2019<\/p>\n<p>Ciudad Victoria, Tamaulipas.- Generar un empleo formal y reducir las dificultades que enfrentan las personas con discapacidad y adultos mayores, es una de las prioridades del Gobernador, Francisco Garc\u00eda Cabeza de Vaca, dijo el Secretario del Trabajo, Miguel \u00c1ngel Villarreal Ongay, en el marco del D\u00eda Internacional de las Personas con Discapacidad.<\/p>\n<p>Mediante la estrategia \u201cAbriendo Espacios\u201d, que opera la Secretar\u00eda del Trabajo en coordinaci\u00f3n con el Servicio Nacional de Empleo Tamaulipas, ofrece la oportunidad de un empleo formal, cursos de capacitaci\u00f3n, autoempleo y herramientas para una contrataci\u00f3n exitosa, en apoyo a personas con alguna vulnerabilidad.<\/p>\n<p>El funcionario dijo que en lo que va del 2019, la dependencia a su cargo ha prestado asesor\u00edas, servicios y apoyos a m\u00e1s de mil 521 personas, entregando instrumentos\u00a0 eficaces para su vinculaci\u00f3n, contrataci\u00f3n o una iniciativa por cuenta propia.<\/p>\n<p>En cuanto a los servicios, indic\u00f3 que en Bolsa de Trabajo se han ofertado 184 vacantes con 667 plazas, se han atendido a 231 discapacitados y 905 adultos mayores, en las Ferias de Empleo se han puesto a disposici\u00f3n de las empresas a 36 discapacitados y 66 adultos, han participado de los apoyos a la Capacitaci\u00f3n para la Empleabilidad, 16 discapacitados y 63 adultos, logrando una colocaci\u00f3n de 264 personas, se ha brindado asesor\u00edas mediante Talleres para Buscadores de Empleo, a 46 discapacitados y a 72 adultos, dentro del Subprograma Fomento al Autoempleo, 13 personas han sido atendidas, y en cuanto a Movilidad Laboral se ha brindado atenci\u00f3n a 1 persona con discapacidad y a 75 adultos mayores.<\/p>\n<p>Como parte de las acciones, se han llevado a cabo pl\u00e1ticas a trabajadores del sector industrial, a fin de crear conciencia sobre el derecho a un empleo digno,\u00a0 el reconocimiento y valoraci\u00f3n que merecen las personas.<\/p>\n<p>Villarreal Ongay, apunt\u00f3 que el mandatario promueve la inclusi\u00f3n e igualdad de condiciones laborales, para que las personas, en particular a quien enfrenta una discapacidad, tenga una mejor calidad de vida.<\/p>\n<p>&nbsp;<\/p>\n<p style=\"text-align: center;\">###<\/p>\n<p>&nbsp;<\/p>\n<div class='owl-gallery'><div class='item'><a href='https:\/\/www.tamaulipas.gob.mx\/trabajo\/wp-content\/uploads\/sites\/11\/2019\/12\/abriendoespacios01.jpeg' rel='galeria'><img src='https:\/\/www.tamaulipas.gob.mx\/trabajo\/wp-content\/uploads\/sites\/11\/2019\/12\/abriendoespacios01-850x500.jpeg' srcset='' sizes='auto' alt=''><\/a><figcaption><\/figcaption><\/div><div class='item'><a href='https:\/\/www.tamaulipas.gob.mx\/trabajo\/wp-content\/uploads\/sites\/11\/2019\/12\/abriendoespacios02.jpeg' rel='galeria'><img src='https:\/\/www.tamaulipas.gob.mx\/trabajo\/wp-content\/uploads\/sites\/11\/2019\/12\/abriendoespacios02-850x500.jpeg' srcset='' sizes='auto' alt=''><\/a><figcaption><\/figcaption><\/div><div class='item'><a href='https:\/\/www.tamaulipas.gob.mx\/trabajo\/wp-content\/uploads\/sites\/11\/2019\/12\/abriendoespacios03.jpeg' rel='galeria'><img src='https:\/\/www.tamaulipas.gob.mx\/trabajo\/wp-content\/uploads\/sites\/11\/2019\/12\/abriendoespacios03-850x500.jpeg' srcset='' sizes='auto' alt=''><\/a><figcaption><\/figcaption><\/div><div class='item'><a href='https:\/\/www.tamaulipas.gob.mx\/trabajo\/wp-content\/uploads\/sites\/11\/2019\/12\/abriendoespacios04.jpeg' rel='galeria'><img src='https:\/\/www.tamaulipas.gob.mx\/trabajo\/wp-content\/uploads\/sites\/11\/2019\/12\/abriendoespacios04-850x500.jpeg' srcset='' sizes='auto' alt=''><\/a><figcaption><\/figcaption><\/div><div class='item'><a href='https:\/\/www.tamaulipas.gob.mx\/trabajo\/wp-content\/uploads\/sites\/11\/2019\/12\/abriendoespacios05.jpeg' rel='galeria'><img src='https:\/\/www.tamaulipas.gob.mx\/trabajo\/wp-content\/uploads\/sites\/11\/2019\/12\/abriendoespacios05-850x500.jpeg' srcset='' sizes='auto' alt=''><\/a><figcaption><\/figcaption><\/div><div class='item'><a href='https:\/\/www.tamaulipas.gob.mx\/trabajo\/wp-content\/uploads\/sites\/11\/2019\/12\/abriendoespacios06.jpeg' rel='galeria'><img src='https:\/\/www.tamaulipas.gob.mx\/trabajo\/wp-content\/uploads\/sites\/11\/2019\/12\/abriendoespacios06-850x500.jpeg' srcset='' sizes='auto' alt=''><\/a><figcaption><\/figcaption><\/div><div class='item'><a href='https:\/\/www.tamaulipas.gob.mx\/trabajo\/wp-content\/uploads\/sites\/11\/2019\/12\/abriendoespacios07.jpeg' rel='galeria'><img src='https:\/\/www.tamaulipas.gob.mx\/trabajo\/wp-content\/uploads\/sites\/11\/2019\/12\/abriendoespacios07-850x500.jpeg' srcset='' sizes='auto' alt=''><\/a><figcaption><\/figcaption><\/div><div class='item'><a href='https:\/\/www.tamaulipas.gob.mx\/trabajo\/wp-content\/uploads\/sites\/11\/2019\/12\/abriendoespacios08.jpeg' rel='galeria'><img src='https:\/\/www.tamaulipas.gob.mx\/trabajo\/wp-content\/uploads\/sites\/11\/2019\/12\/abriendoespacios08-850x500.jpeg' srcset='' sizes='auto' alt=''><\/a><figcaption><\/figcaption><\/div><div class='item'><a href='https:\/\/www.tamaulipas.gob.mx\/trabajo\/wp-content\/uploads\/sites\/11\/2019\/12\/abriendoespacios09.jpeg' rel='galeria'><img src='https:\/\/www.tamaulipas.gob.mx\/trabajo\/wp-content\/uploads\/sites\/11\/2019\/12\/abriendoespacios09-850x500.jpeg' srcset='' sizes='auto' alt=''><\/a><figcaption><\/figcaption><\/div><\/div>\n","protected":false},"excerpt":{"rendered":"<p>Mediante la estrategia \u201cAbriendo Espacios\u201d, se ofrece la oportunidad de un empleo formal, cursos de capacitaci\u00f3n, autoempleo y herramientas para una contrataci\u00f3n exitosa, en apoyo\u2026<\/p>\n","protected":false},"author":63,"featured_media":1190,"comment_status":"closed","ping_status":"closed","sticky":false,"template":"","format":"standard","meta":{"footnotes":""},"categories":[1],"tags":[],"class_list":["post-1184","post","type-post","status-publish","format-standard","has-post-thumbnail","hentry","category-prensa"],"publishpress_future_action":{"enabled":false,"date":"2026-05-08 09:49:35","action":"change-status","newStatus":"draft","terms":[],"taxonomy":"category"},"_links":{"self":[{"href":"https:\/\/www.tamaulipas.gob.mx\/trabajo\/wp-json\/wp\/v2\/posts\/1184"}],"collection":[{"href":"https:\/\/www.tamaulipas.gob.mx\/trabajo\/wp-json\/wp\/v2\/posts"}],"about":[{"href":"https:\/\/www.tamaulipas.gob.mx\/trabajo\/wp-json\/wp\/v2\/types\/post"}],"author":[{"embeddable":true,"href":"https:\/\/www.tamaulipas.gob.mx\/trabajo\/wp-json\/wp\/v2\/users\/63"}],"replies":[{"embeddable":true,"href":"https:\/\/www.tamaulipas.gob.mx\/trabajo\/wp-json\/wp\/v2\/comments?post=1184"}],"version-history":[{"count":1,"href":"https:\/\/www.tamaulipas.gob.mx\/trabajo\/wp-json\/wp\/v2\/posts\/1184\/revisions"}],"predecessor-version":[{"id":1194,"href":"https:\/\/www.tamaulipas.gob.mx\/trabajo\/wp-json\/wp\/v2\/posts\/1184\/revisions\/1194"}],"wp:featuredmedia":[{"embeddable":true,"href":"https:\/\/www.tamaulipas.gob.mx\/trabajo\/wp-json\/wp\/v2\/media\/1190"}],"wp:attachment":[{"href":"https:\/\/www.tamaulipas.gob.mx\/trabajo\/wp-json\/wp\/v2\/media?parent=1184"}],"wp:term":[{"taxonomy":"category","embeddable":true,"href":"https:\/\/www.tamaulipas.gob.mx\/trabajo\/wp-json\/wp\/v2\/categories?post=1184"},{"taxonomy":"post_tag","embeddable":true,"href":"https:\/\/www.tamaulipas.gob.mx\/trabajo\/wp-json\/wp\/v2\/tags?post=1184"}],"curies":[{"name":"wp","href":"https:\/\/api.w.org\/{rel}","templated":true}]}}