{"id":1176,"date":"2019-11-29T20:00:19","date_gmt":"2019-11-30T02:00:19","guid":{"rendered":"https:\/\/www.tamaulipas.gob.mx\/trabajo\/?p=1176"},"modified":"2019-12-09T08:11:51","modified_gmt":"2019-12-09T14:11:51","slug":"impulsa-gobierno-de-tamaulipas-la-generacion-de-empleo-a-traves-del-programa-medios-tiempos-laborales","status":"publish","type":"post","link":"https:\/\/www.tamaulipas.gob.mx\/trabajo\/2019\/11\/impulsa-gobierno-de-tamaulipas-la-generacion-de-empleo-a-traves-del-programa-medios-tiempos-laborales\/","title":{"rendered":"Impulsa Gobierno de Tamaulipas la generaci\u00f3n de empleo a trav\u00e9s del programa \u201cMedios Tiempos Laborales\u201d"},"content":{"rendered":"<p><em><strong>Con los Medios Tiempos Laborales, el Gobernador Francisco Garc\u00eda Cabeza de Vaca, impulsa a los j\u00f3venes a salir adelante, tanto en la vida profesional y econ\u00f3mica.<\/strong><\/em><\/p>\n<p style=\"text-align: right;\">ST-070-2019<\/p>\n<p>Noviembre 29 del 2019<\/p>\n<p>Ciudad Victoria, Tamaulipas.- Desde su arranque el pasado mes de octubre, el Programa \u201cMedios Tiempos Laborales\u201d, ha registrado a m\u00e1s de 5 mil 690 estudiantes, que buscan una oportunidad laboral, sin ver interrumpidos sus estudios.<\/p>\n<p>Mediante este esquema, operado por el Gobierno de Tamaulipas, a trav\u00e9s de un convenio de colaboraci\u00f3n entre la Secretar\u00eda del Trabajo y Secretar\u00eda de Educaci\u00f3n, se busca que j\u00f3venes logren adquirir experiencias, y terminado sus estudios se integren completamente al mercado laboral.<\/p>\n<p>Miguel \u00c1ngel Villarreal Ongay, titular de la Secretar\u00eda del Trabajo, dijo que el Gobernador Francisco Garc\u00eda Cabeza de Vaca, impulsa a los j\u00f3venes a salir adelante, tanto en la vida profesional y econ\u00f3mica.<\/p>\n<p>\u201cLos Medios Tiempos Laborales, genera en los estudiantes el conocimiento necesario, que los va introduciendo al mercado laboral, ellos podr\u00e1n obtener una remuneraci\u00f3n econ\u00f3mica, para seguir costeando sus estudios y mejorar el capital familiar\u201d.<\/p>\n<p>Por medio del Servicio Nacional de Empleo Tamaulipas, 86 empresas tanto del ramo industrial, comercial y de servicios, se han sumado a la iniciativa, firmando un convenio de colaboraci\u00f3n y asegurando para los estudiantes, el respeto a sus derechos laborales, prestaciones de ley as\u00ed como un salario de acuerdo a su jornada laboral.<\/p>\n<p>Empresas ubicadas en los municipios de Reynosa, Nuevo Laredo, Matamoros, Victoria, Mante, Altamira y Tampico, han mostrado inter\u00e9s, ofertando cerca de 700 plazas.<\/p>\n<p>Los estudiantes de nivel medio y superior son vinculados a empresas de acuerdo al perfil y requerimiento laboral. El \u00a0programa tambi\u00e9n les ofrece la realizaci\u00f3n de sus pr\u00e1cticas profesionales, las empresas pueden aplicar dentro del m\u00e9todo 3X1, es decir, por uno contratado, dos m\u00e1s realizar\u00e1n su pr\u00e1cticas.<\/p>\n<p>Para ingresar al programa \u201cMedios Tiempo Laborales\u201d, los alumnos deber\u00e1n acudir al \u00e1rea de vinculaci\u00f3n de su escuela a fin de solicitar los lineamientos y ser dirigidos a la empresa que requiera su perfil.<\/p>\n<h3 style=\"text-align: center;\"><\/h3>\n<p>&nbsp;<\/p>\n<p style=\"text-align: center;\">###<\/p>\n<p>&nbsp;<\/p>\n<div class='owl-gallery'><div class='item'><a href='https:\/\/www.tamaulipas.gob.mx\/trabajo\/wp-content\/uploads\/sites\/11\/2019\/12\/mediostiempos01.jpeg' rel='galeria'><img src='https:\/\/www.tamaulipas.gob.mx\/trabajo\/wp-content\/uploads\/sites\/11\/2019\/12\/mediostiempos01-850x500.jpeg' srcset='' sizes='auto' alt=''><\/a><figcaption><\/figcaption><\/div><div class='item'><a href='https:\/\/www.tamaulipas.gob.mx\/trabajo\/wp-content\/uploads\/sites\/11\/2019\/12\/mediostiempos02.jpeg' rel='galeria'><img src='https:\/\/www.tamaulipas.gob.mx\/trabajo\/wp-content\/uploads\/sites\/11\/2019\/12\/mediostiempos02-850x500.jpeg' srcset='' sizes='auto' alt=''><\/a><figcaption><\/figcaption><\/div><div class='item'><a href='https:\/\/www.tamaulipas.gob.mx\/trabajo\/wp-content\/uploads\/sites\/11\/2019\/12\/mediostiempos03.jpeg' rel='galeria'><img src='https:\/\/www.tamaulipas.gob.mx\/trabajo\/wp-content\/uploads\/sites\/11\/2019\/12\/mediostiempos03-850x500.jpeg' srcset='' sizes='auto' alt=''><\/a><figcaption><\/figcaption><\/div><div class='item'><a href='https:\/\/www.tamaulipas.gob.mx\/trabajo\/wp-content\/uploads\/sites\/11\/2019\/12\/mediostiempos04.jpeg' rel='galeria'><img src='https:\/\/www.tamaulipas.gob.mx\/trabajo\/wp-content\/uploads\/sites\/11\/2019\/12\/mediostiempos04-850x500.jpeg' srcset='' sizes='auto' alt=''><\/a><figcaption><\/figcaption><\/div><div class='item'><a href='https:\/\/www.tamaulipas.gob.mx\/trabajo\/wp-content\/uploads\/sites\/11\/2019\/12\/mediostiempos05.jpeg' rel='galeria'><img src='https:\/\/www.tamaulipas.gob.mx\/trabajo\/wp-content\/uploads\/sites\/11\/2019\/12\/mediostiempos05-850x500.jpeg' srcset='' sizes='auto' alt=''><\/a><figcaption><\/figcaption><\/div><div class='item'><a href='https:\/\/www.tamaulipas.gob.mx\/trabajo\/wp-content\/uploads\/sites\/11\/2019\/12\/mediostiempos06.jpeg' rel='galeria'><img src='https:\/\/www.tamaulipas.gob.mx\/trabajo\/wp-content\/uploads\/sites\/11\/2019\/12\/mediostiempos06-850x500.jpeg' srcset='' sizes='auto' alt=''><\/a><figcaption><\/figcaption><\/div><\/div>\n","protected":false},"excerpt":{"rendered":"<p>Con los Medios Tiempos Laborales, el Gobernador Francisco Garc\u00eda Cabeza de Vaca, impulsa a los j\u00f3venes a salir adelante, tanto en la vida profesional y\u2026<\/p>\n","protected":false},"author":63,"featured_media":1177,"comment_status":"closed","ping_status":"closed","sticky":false,"template":"","format":"standard","meta":{"footnotes":""},"categories":[1],"tags":[],"class_list":["post-1176","post","type-post","status-publish","format-standard","has-post-thumbnail","hentry","category-prensa"],"publishpress_future_action":{"enabled":false,"date":"2026-05-08 09:49:01","action":"change-status","newStatus":"draft","terms":[],"taxonomy":"category"},"_links":{"self":[{"href":"https:\/\/www.tamaulipas.gob.mx\/trabajo\/wp-json\/wp\/v2\/posts\/1176"}],"collection":[{"href":"https:\/\/www.tamaulipas.gob.mx\/trabajo\/wp-json\/wp\/v2\/posts"}],"about":[{"href":"https:\/\/www.tamaulipas.gob.mx\/trabajo\/wp-json\/wp\/v2\/types\/post"}],"author":[{"embeddable":true,"href":"https:\/\/www.tamaulipas.gob.mx\/trabajo\/wp-json\/wp\/v2\/users\/63"}],"replies":[{"embeddable":true,"href":"https:\/\/www.tamaulipas.gob.mx\/trabajo\/wp-json\/wp\/v2\/comments?post=1176"}],"version-history":[{"count":1,"href":"https:\/\/www.tamaulipas.gob.mx\/trabajo\/wp-json\/wp\/v2\/posts\/1176\/revisions"}],"predecessor-version":[{"id":1183,"href":"https:\/\/www.tamaulipas.gob.mx\/trabajo\/wp-json\/wp\/v2\/posts\/1176\/revisions\/1183"}],"wp:featuredmedia":[{"embeddable":true,"href":"https:\/\/www.tamaulipas.gob.mx\/trabajo\/wp-json\/wp\/v2\/media\/1177"}],"wp:attachment":[{"href":"https:\/\/www.tamaulipas.gob.mx\/trabajo\/wp-json\/wp\/v2\/media?parent=1176"}],"wp:term":[{"taxonomy":"category","embeddable":true,"href":"https:\/\/www.tamaulipas.gob.mx\/trabajo\/wp-json\/wp\/v2\/categories?post=1176"},{"taxonomy":"post_tag","embeddable":true,"href":"https:\/\/www.tamaulipas.gob.mx\/trabajo\/wp-json\/wp\/v2\/tags?post=1176"}],"curies":[{"name":"wp","href":"https:\/\/api.w.org\/{rel}","templated":true}]}}