{"id":1167,"date":"2019-11-23T20:00:17","date_gmt":"2019-11-24T02:00:17","guid":{"rendered":"https:\/\/www.tamaulipas.gob.mx\/trabajo\/?p=1167"},"modified":"2019-11-29T11:43:23","modified_gmt":"2019-11-29T17:43:23","slug":"destacan-en-tamaulipas-el-dialogo-y-conciliacion-ante-acuerdos-y-negociaciones-laborales","status":"publish","type":"post","link":"https:\/\/www.tamaulipas.gob.mx\/trabajo\/2019\/11\/destacan-en-tamaulipas-el-dialogo-y-conciliacion-ante-acuerdos-y-negociaciones-laborales\/","title":{"rendered":"Destacan en Tamaulipas el Di\u00e1logo y Conciliaci\u00f3n ante acuerdos y negociaciones laborales"},"content":{"rendered":"<p><em><strong>La postura del Gobernador, escuchar a cada uno de los involucrados, empresarios y sindicatos, para que prevalezca la paz y la justicia social.<\/strong><\/em><\/p>\n<p style=\"text-align: right;\">ST-068-2019<\/p>\n<p>Noviembre 23 del 2019<\/p>\n<p>Ciudad Victoria, Tamaulipas.- Como seguimiento a los trabajos encaminados a instaurar la paz laboral en Matamoros, autoridades de gobierno estatal y federal, sindicatos, c\u00e1maras y organismos empresariales, llevaron a cabo la Segunda Reuni\u00f3n Ordinaria de la Mesa T\u00e9cnica Interinstitucional Conciliatoria.<\/p>\n<p>El objetivo fue armonizar tiempos y seguir en la b\u00fasqueda de alternativas, que brinden soluci\u00f3n a los inconvenientes que puedan surgir ante los acuerdos y negociaciones, en v\u00edsperas de la revisi\u00f3n y firma de los Contratos Colectivos de Trabajo.<\/p>\n<p>C\u00e9sar Augusto Ver\u00e1stegui Ostos, Secretario General de Gobierno, record\u00f3 que ante cualquier conflicto, es de inter\u00e9s del Gobernador Francisco Garc\u00eda Cabeza de Vaca, anteponer el di\u00e1logo y escuchar a cada una de las partes.<\/p>\n<p>\u201cEsa es la postura del Gobernador, escuchar a cada uno de los involucrados, empresarios y sindicatos, y proponer acuerdos para que prevalezca la paz y la justicia social\u201d, dijo.<\/p>\n<p>En Matamoros, se tiene el registro de 46 emplazamientos a huelga, y se est\u00e1 en la espera de que el sector empresarial y sindical concreten convenios necesarios.<\/p>\n<p>Guillermo Roca Santos, Subcoordinador Federal de Conciliaci\u00f3n de la STPS,\u00a0 coincidi\u00f3 con las autoridades estatales, para que a trav\u00e9s del di\u00e1logo, los involucrados encuentren el orden laboral y una salida al problema.<\/p>\n<p>El funcionario, indic\u00f3 que una de las rutas de soluci\u00f3n al inconveniente, ser\u00e1 el aumento al salario, que determine la Comisi\u00f3n Nacional de Salarios M\u00ednimos.<\/p>\n<p>\u201cEstamos en la mejor disposici\u00f3n de coadyuvar con el Gobierno del Estado con una soluci\u00f3n integral del problema, esperamos que la determinaci\u00f3n al salario m\u00ednimo se d\u00e9 a la brevedad, para que pueda establecerse un acuerdo en las mesas de negociaci\u00f3n\u201d.<\/p>\n<p>En la reuni\u00f3n, presidida por el Secretario del Trabajo, Miguel \u00c1ngel Villarreal Ongay, se plante\u00f3 seguir sumando esfuerzos por la paz y estabilidad laboral, para mantener de esta manera la inversi\u00f3n en la entidad y generar mejores beneficios para los trabajadores.<\/p>\n<p style=\"text-align: center;\">###<\/p>\n<p>&nbsp;<\/p>\n<div class='owl-gallery'><div class='item'><a href='https:\/\/www.tamaulipas.gob.mx\/trabajo\/wp-content\/uploads\/sites\/11\/2019\/11\/boletin_seg_reunion_01.jpeg' rel='galeria'><img src='https:\/\/www.tamaulipas.gob.mx\/trabajo\/wp-content\/uploads\/sites\/11\/2019\/11\/boletin_seg_reunion_01-850x500.jpeg' srcset='' sizes='auto' alt=''><\/a><figcaption><\/figcaption><\/div><div class='item'><a href='https:\/\/www.tamaulipas.gob.mx\/trabajo\/wp-content\/uploads\/sites\/11\/2019\/11\/boletin_seg_reunion_02.jpeg' rel='galeria'><img src='https:\/\/www.tamaulipas.gob.mx\/trabajo\/wp-content\/uploads\/sites\/11\/2019\/11\/boletin_seg_reunion_02-850x500.jpeg' srcset='' sizes='auto' alt=''><\/a><figcaption><\/figcaption><\/div><div class='item'><a href='https:\/\/www.tamaulipas.gob.mx\/trabajo\/wp-content\/uploads\/sites\/11\/2019\/11\/boletin_seg_reunion_03.jpeg' rel='galeria'><img src='https:\/\/www.tamaulipas.gob.mx\/trabajo\/wp-content\/uploads\/sites\/11\/2019\/11\/boletin_seg_reunion_03-850x500.jpeg' srcset='' sizes='auto' alt=''><\/a><figcaption><\/figcaption><\/div><div class='item'><a href='https:\/\/www.tamaulipas.gob.mx\/trabajo\/wp-content\/uploads\/sites\/11\/2019\/11\/boletin_seg_reunion_04.jpeg' rel='galeria'><img src='https:\/\/www.tamaulipas.gob.mx\/trabajo\/wp-content\/uploads\/sites\/11\/2019\/11\/boletin_seg_reunion_04-850x500.jpeg' srcset='' sizes='auto' alt=''><\/a><figcaption><\/figcaption><\/div><div class='item'><a href='https:\/\/www.tamaulipas.gob.mx\/trabajo\/wp-content\/uploads\/sites\/11\/2019\/11\/boletin_seg_reunion_05.jpeg' rel='galeria'><img src='https:\/\/www.tamaulipas.gob.mx\/trabajo\/wp-content\/uploads\/sites\/11\/2019\/11\/boletin_seg_reunion_05-850x500.jpeg' srcset='' sizes='auto' alt=''><\/a><figcaption><\/figcaption><\/div><\/div>\n","protected":false},"excerpt":{"rendered":"<p>La postura del Gobernador, escuchar a cada uno de los involucrados, empresarios y sindicatos, para que prevalezca la paz y la justicia social. ST-068-2019 Noviembre\u2026<\/p>\n","protected":false},"author":63,"featured_media":1168,"comment_status":"closed","ping_status":"closed","sticky":false,"template":"","format":"standard","meta":{"footnotes":""},"categories":[1],"tags":[],"class_list":["post-1167","post","type-post","status-publish","format-standard","has-post-thumbnail","hentry","category-prensa"],"publishpress_future_action":{"enabled":false,"date":"2026-05-08 10:05:04","action":"change-status","newStatus":"draft","terms":[],"taxonomy":"category"},"_links":{"self":[{"href":"https:\/\/www.tamaulipas.gob.mx\/trabajo\/wp-json\/wp\/v2\/posts\/1167"}],"collection":[{"href":"https:\/\/www.tamaulipas.gob.mx\/trabajo\/wp-json\/wp\/v2\/posts"}],"about":[{"href":"https:\/\/www.tamaulipas.gob.mx\/trabajo\/wp-json\/wp\/v2\/types\/post"}],"author":[{"embeddable":true,"href":"https:\/\/www.tamaulipas.gob.mx\/trabajo\/wp-json\/wp\/v2\/users\/63"}],"replies":[{"embeddable":true,"href":"https:\/\/www.tamaulipas.gob.mx\/trabajo\/wp-json\/wp\/v2\/comments?post=1167"}],"version-history":[{"count":1,"href":"https:\/\/www.tamaulipas.gob.mx\/trabajo\/wp-json\/wp\/v2\/posts\/1167\/revisions"}],"predecessor-version":[{"id":1173,"href":"https:\/\/www.tamaulipas.gob.mx\/trabajo\/wp-json\/wp\/v2\/posts\/1167\/revisions\/1173"}],"wp:featuredmedia":[{"embeddable":true,"href":"https:\/\/www.tamaulipas.gob.mx\/trabajo\/wp-json\/wp\/v2\/media\/1168"}],"wp:attachment":[{"href":"https:\/\/www.tamaulipas.gob.mx\/trabajo\/wp-json\/wp\/v2\/media?parent=1167"}],"wp:term":[{"taxonomy":"category","embeddable":true,"href":"https:\/\/www.tamaulipas.gob.mx\/trabajo\/wp-json\/wp\/v2\/categories?post=1167"},{"taxonomy":"post_tag","embeddable":true,"href":"https:\/\/www.tamaulipas.gob.mx\/trabajo\/wp-json\/wp\/v2\/tags?post=1167"}],"curies":[{"name":"wp","href":"https:\/\/api.w.org\/{rel}","templated":true}]}}