{"id":1157,"date":"2019-11-27T20:00:31","date_gmt":"2019-11-28T02:00:31","guid":{"rendered":"https:\/\/www.tamaulipas.gob.mx\/trabajo\/?p=1157"},"modified":"2019-11-29T11:38:47","modified_gmt":"2019-11-29T17:38:47","slug":"inicia-en-tamaulipas-ciclo-de-conferencias-erradiquemos-el-estres-laboral","status":"publish","type":"post","link":"https:\/\/www.tamaulipas.gob.mx\/trabajo\/2019\/11\/inicia-en-tamaulipas-ciclo-de-conferencias-erradiquemos-el-estres-laboral\/","title":{"rendered":"Inicia en Tamaulipas ciclo de conferencias, \u201cErradiquemos el Estr\u00e9s Laboral\u201d"},"content":{"rendered":"<p><em><strong>El Gobernador Francisco Garc\u00eda Cabeza de Vaca, est\u00e1 al pendiente de los trabajadores, que estos gocen de seguridad y salud, se respeten sus derechos laborales y conozcan lo que contiene las Normas Oficiales Mexicanas.<\/strong><\/em><\/p>\n<p style=\"text-align: right;\">ST-069-2019<\/p>\n<p>Noviembre 27 del 2019<\/p>\n<p>Ciudad Victoria, Tamaulipas.- Para informar y orientar a patrones y trabajadores sobre la Norma Oficial Mexicana-035-STPS-2018, que contiene los elementos para identificar, analizar y prevenir los factores de riesgo psicosociales en el trabajo, el Gobierno de Tamaulipas, dio inicio al ciclo de conferencias denominadas \u201cErradiquemos el Estr\u00e9s Laboral\u201d.<\/p>\n<p>Las acciones, emprendidas por la Secretar\u00eda del Trabajo, en coordinaci\u00f3n con la Direcci\u00f3n de Inspecci\u00f3n y Previsi\u00f3n Social, tienen como fin, brindar capacitaci\u00f3n a trabajadores y patrones, para que conozcan las medidas y pol\u00edticas de la NOM-035.<\/p>\n<p>Al Auditorio del Instituto Registral y Catastral, acudieron representantes de organismos y c\u00e1maras empresariales, patrones, trabajadores, integrantes del Consejo Estatal para la Prevenci\u00f3n de Accidentes (COEPRA) y de dependencias de gobierno estatal y federal, interesados en promover un entorno organizacional favorable en los centros trabajo.<\/p>\n<p>Dicha norma, entr\u00f3 en vigor el pasado 23 de octubre, y establece como prioridad y obligaci\u00f3n para el patr\u00f3n, identificar y difundir informaci\u00f3n as\u00ed como analizar factores de riesgo, evaluar, medir e implementar medidas de control, y pr\u00e1ctica de ex\u00e1menes m\u00e9dicos, dijo Miguel \u00c1ngel Villarreal Ongay, encargado de la pol\u00edtica laboral en la entidad.<\/p>\n<p>\u201cEl Gobernador Francisco Garc\u00eda Cabeza de Vaca, est\u00e1 al pendiente de los trabajadores, que estos gocen de seguridad y salud, se respeten sus derechos laborales y conozcan lo que contiene las Normas Oficiales Mexicanas\u201d, indic\u00f3 el funcionario.<\/p>\n<p>Uno de los factores psicosociales que afectan la vida laboral, son aquellos que pueden provocar trastornos de ansiedad, el llamado ciclo del sue\u00f1o y estr\u00e9s, derivado de la naturaleza de las funciones del puesto de trabajo, tipo de jornada y exposici\u00f3n a acontecimientos traum\u00e1ticos o actos de violencia laboral por el trabajo desarrollado.<\/p>\n<p>Jos\u00e9 Luis L\u00f3pez Gonz\u00e1lez, Presidente de la CANACO Victoria, reconoci\u00f3 la labor realizada por las autoridades, y dijo que los integrantes de su organismo, est\u00e1n dispuestos a colaborar para que juntos, sociedad y gobierno, avancen en el bienestar y prosperidad de los tamaulipecos.<\/p>\n<p>Adem\u00e1s de la NOM-035, a los asistentes se les impartieron conferencias, tales como: \u201cEl Trabajo en Equipo\u201d, \u201cMisi\u00f3n, Visi\u00f3n y Metas\u201d, \u201cLos 4 Acuerdo\u201d y \u201c5 S\u00b4s\u201d, acciones que se desarrollar\u00e1n los principales municipios, con el \u00fanico objetivo de mejorar la calidad de vida de los trabajadores y que estos logren ser productivos y competitivos.<\/p>\n<h3 style=\"text-align: center;\"><\/h3>\n<p>&nbsp;<\/p>\n<p style=\"text-align: center;\">###<\/p>\n<div class='owl-gallery'><div class='item'><a href='https:\/\/www.tamaulipas.gob.mx\/trabajo\/wp-content\/uploads\/sites\/11\/2019\/11\/boeltin_nom-035_01.jpeg' rel='galeria'><img src='https:\/\/www.tamaulipas.gob.mx\/trabajo\/wp-content\/uploads\/sites\/11\/2019\/11\/boeltin_nom-035_01-850x500.jpeg' srcset='' sizes='auto' alt=''><\/a><figcaption><\/figcaption><\/div><div class='item'><a href='https:\/\/www.tamaulipas.gob.mx\/trabajo\/wp-content\/uploads\/sites\/11\/2019\/11\/boeltin_nom-035_02.jpeg' rel='galeria'><img src='https:\/\/www.tamaulipas.gob.mx\/trabajo\/wp-content\/uploads\/sites\/11\/2019\/11\/boeltin_nom-035_02-850x500.jpeg' srcset='' sizes='auto' alt=''><\/a><figcaption><\/figcaption><\/div><div class='item'><a href='https:\/\/www.tamaulipas.gob.mx\/trabajo\/wp-content\/uploads\/sites\/11\/2019\/11\/boeltin_nom-035_03.jpeg' rel='galeria'><img src='https:\/\/www.tamaulipas.gob.mx\/trabajo\/wp-content\/uploads\/sites\/11\/2019\/11\/boeltin_nom-035_03-850x500.jpeg' srcset='' sizes='auto' alt=''><\/a><figcaption><\/figcaption><\/div><div class='item'><a href='https:\/\/www.tamaulipas.gob.mx\/trabajo\/wp-content\/uploads\/sites\/11\/2019\/11\/boeltin_nom-035_04.jpeg' rel='galeria'><img src='https:\/\/www.tamaulipas.gob.mx\/trabajo\/wp-content\/uploads\/sites\/11\/2019\/11\/boeltin_nom-035_04-850x500.jpeg' srcset='' sizes='auto' alt=''><\/a><figcaption><\/figcaption><\/div><div class='item'><a href='https:\/\/www.tamaulipas.gob.mx\/trabajo\/wp-content\/uploads\/sites\/11\/2019\/11\/boeltin_nom-035_05.jpeg' rel='galeria'><img src='https:\/\/www.tamaulipas.gob.mx\/trabajo\/wp-content\/uploads\/sites\/11\/2019\/11\/boeltin_nom-035_05-850x500.jpeg' srcset='' sizes='auto' alt=''><\/a><figcaption><\/figcaption><\/div><div class='item'><a href='https:\/\/www.tamaulipas.gob.mx\/trabajo\/wp-content\/uploads\/sites\/11\/2019\/11\/boeltin_nom-035_06.jpeg' rel='galeria'><img src='https:\/\/www.tamaulipas.gob.mx\/trabajo\/wp-content\/uploads\/sites\/11\/2019\/11\/boeltin_nom-035_06-850x500.jpeg' srcset='' sizes='auto' alt=''><\/a><figcaption><\/figcaption><\/div><div class='item'><a href='https:\/\/www.tamaulipas.gob.mx\/trabajo\/wp-content\/uploads\/sites\/11\/2019\/11\/boeltin_nom-035_07.jpeg' rel='galeria'><img src='https:\/\/www.tamaulipas.gob.mx\/trabajo\/wp-content\/uploads\/sites\/11\/2019\/11\/boeltin_nom-035_07-850x500.jpeg' srcset='' sizes='auto' alt=''><\/a><figcaption><\/figcaption><\/div><\/div>\n","protected":false},"excerpt":{"rendered":"<p>El Gobernador Francisco Garc\u00eda Cabeza de Vaca, est\u00e1 al pendiente de los trabajadores, que estos gocen de seguridad y salud, se respeten sus derechos laborales\u2026<\/p>\n","protected":false},"author":63,"featured_media":1158,"comment_status":"closed","ping_status":"closed","sticky":false,"template":"","format":"standard","meta":{"footnotes":""},"categories":[1],"tags":[],"class_list":["post-1157","post","type-post","status-publish","format-standard","has-post-thumbnail","hentry","category-prensa"],"publishpress_future_action":{"enabled":false,"date":"2026-05-08 09:50:03","action":"change-status","newStatus":"draft","terms":[],"taxonomy":"category"},"_links":{"self":[{"href":"https:\/\/www.tamaulipas.gob.mx\/trabajo\/wp-json\/wp\/v2\/posts\/1157"}],"collection":[{"href":"https:\/\/www.tamaulipas.gob.mx\/trabajo\/wp-json\/wp\/v2\/posts"}],"about":[{"href":"https:\/\/www.tamaulipas.gob.mx\/trabajo\/wp-json\/wp\/v2\/types\/post"}],"author":[{"embeddable":true,"href":"https:\/\/www.tamaulipas.gob.mx\/trabajo\/wp-json\/wp\/v2\/users\/63"}],"replies":[{"embeddable":true,"href":"https:\/\/www.tamaulipas.gob.mx\/trabajo\/wp-json\/wp\/v2\/comments?post=1157"}],"version-history":[{"count":2,"href":"https:\/\/www.tamaulipas.gob.mx\/trabajo\/wp-json\/wp\/v2\/posts\/1157\/revisions"}],"predecessor-version":[{"id":1166,"href":"https:\/\/www.tamaulipas.gob.mx\/trabajo\/wp-json\/wp\/v2\/posts\/1157\/revisions\/1166"}],"wp:featuredmedia":[{"embeddable":true,"href":"https:\/\/www.tamaulipas.gob.mx\/trabajo\/wp-json\/wp\/v2\/media\/1158"}],"wp:attachment":[{"href":"https:\/\/www.tamaulipas.gob.mx\/trabajo\/wp-json\/wp\/v2\/media?parent=1157"}],"wp:term":[{"taxonomy":"category","embeddable":true,"href":"https:\/\/www.tamaulipas.gob.mx\/trabajo\/wp-json\/wp\/v2\/categories?post=1157"},{"taxonomy":"post_tag","embeddable":true,"href":"https:\/\/www.tamaulipas.gob.mx\/trabajo\/wp-json\/wp\/v2\/tags?post=1157"}],"curies":[{"name":"wp","href":"https:\/\/api.w.org\/{rel}","templated":true}]}}