{"id":1133,"date":"2019-11-09T20:00:04","date_gmt":"2019-11-10T02:00:04","guid":{"rendered":"https:\/\/www.tamaulipas.gob.mx\/trabajo\/?p=1133"},"modified":"2019-11-11T10:43:58","modified_gmt":"2019-11-11T16:43:58","slug":"gobiernos-sindicatos-y-empresas-acuerdan-paz-laboral-y-estado-de-derecho-para-tamaulipas","status":"publish","type":"post","link":"https:\/\/www.tamaulipas.gob.mx\/trabajo\/2019\/11\/gobiernos-sindicatos-y-empresas-acuerdan-paz-laboral-y-estado-de-derecho-para-tamaulipas\/","title":{"rendered":"Gobiernos, sindicatos y empresas, acuerdan paz laboral y estado de derecho para Tamaulipas"},"content":{"rendered":"<p><em><strong>Estado, Federaci\u00f3n junto con sindicatos y empresas en Matamoros, establecen puntos de acuerdo, para mantener el di\u00e1logo, las v\u00edas de conciliaci\u00f3n y la estabilidad laboral.<\/strong><\/em><\/p>\n<p style=\"text-align: right;\">ST-065-2019<\/p>\n<p>Noviembre 09 del 2019<\/p>\n<p>Matamoros, Tamaulipas.- Que prevalezca la paz laboral y el estado de derecho en la entidad, es el inter\u00e9s del Gobernador Francisco Garc\u00eda Cabeza de Vaca, ante los acuerdos y negociaciones que se llevar\u00e1n dentro de la revisi\u00f3n y firma de los Contratos Colectivos de Trabajo, expuso el Secretario General de Gobierno, C\u00e9sar Augusto Ver\u00e1stegui Ostos.<\/p>\n<p>En una reuni\u00f3n de trabajo desarrollada en Index Matamoros, en la que participaron representantes de la STPS, dependencias de Gobierno del Estado, l\u00edderes sindicales y organismos empresariales, se establecieron puntos de acuerdo, para que las partes involucradas, mantengan el di\u00e1logo, las v\u00edas de conciliaci\u00f3n necesarias y la estabilidad laboral.<\/p>\n<p>Ver\u00e1stegui Ostos, apunt\u00f3 que para concluir de manera exitosa la revisi\u00f3n de los Contratos Colectivos, se requiere un trabajo conjunto y responsable, pero sobre todo transitar dentro del marco que establece la ley.<\/p>\n<p>\u201cVayamos juntos en este tema para que no se torne en un problema social, lo que sea de competencia estatal, estaremos atentos, y lo que sea de competencia federal, que lo atienda Gobierno Federal, siempre con el respaldo del Gobierno del Estado\u201d, dijo.<\/p>\n<p>En este rengl\u00f3n, Alfredo Dom\u00ednguez Marrufo, subsecretario federal de la STPS, indic\u00f3 que al Gobierno Federal, no le interesa alentar paros ilegales, y dadas las experiencias que dejaron los movimientos huelgu\u00edsticos, buscan abonar para que la coordinaci\u00f3n entre los diversos actores, se juegue un roll eficaz para mantener un di\u00e1logo productivo.<\/p>\n<p>\u201cEstamos comprometidos con el estado de derecho, al Gobierno de M\u00e9xico tampoco le interesa, ni quiere alentar los paros ilegales, estamos en contra de este tipo de acciones, tambi\u00e9n estamos en contra de que se realicen movimientos huelgu\u00edsticos, sin que se realicen bajo los procedimientos que establece la ley\u201d.<\/p>\n<p>En su calidad de presidenta de Index Matamoros, Rosalinda Torres, reconoci\u00f3 la voluntad de los gobiernos e involucrados, para trabajar juntos y garantizar as\u00ed, una mejor calidad de vida a los trabajadores.<\/p>\n<p>Argument\u00f3 que al menos en esta frontera, est\u00e1n asentadas 100 empresas, y se cuenta con 130 mil trabajadores, de los cuales el 80 por ciento son empleos formales.<\/p>\n<p>En el encuentro, se designaron enlaces de trabajo por parte del sector patronal y sindical, para el inicio de la revisi\u00f3n contractual, as\u00ed tambi\u00e9n se estableci\u00f3 de manera formal una mesa t\u00e9cnica, como instancia para resolver los asuntos que no se logren acordar directamente en los centros de trabajo.<\/p>\n<p>A esta reuni\u00f3n tambi\u00e9n asistieron, el Secretario del Trabajo por Tamaulipas, Miguel \u00c1ngel Villarreal Ongay; el Secretario de Desarrollo Econ\u00f3mico, Carlos Alberto Garc\u00eda Gonz\u00e1lez; David Cerda Z\u00fa\u00f1iga, Jefe de la Oficina del Gobernador del Estado; Tereso Medina Ram\u00edrez, Subsecretario de Acci\u00f3n Pol\u00edtica de la CTM; Guillermo Roca Santos, Subsecretario del Trabajo y Subcoordinaci\u00f3n de Conciliaci\u00f3n, quienes coincidieron en ser respetuosos de la libertad sindical as\u00ed como de las negociaciones que se realicen entre empresa y sindicato, y apostaron para que de esta manera, se siga dando el desarrollo, la competitividad y la justicia laboral en Tamaulipas.<\/p>\n<p style=\"text-align: center;\">###<\/p>\n<p>&nbsp;<\/p>\n<div class='owl-gallery'><div class='item'><a href='https:\/\/www.tamaulipas.gob.mx\/trabajo\/wp-content\/uploads\/sites\/11\/2019\/11\/boletin01.jpeg' rel='galeria'><img src='https:\/\/www.tamaulipas.gob.mx\/trabajo\/wp-content\/uploads\/sites\/11\/2019\/11\/boletin01-850x500.jpeg' srcset='' sizes='auto' alt=''><\/a><figcaption><\/figcaption><\/div><div class='item'><a href='https:\/\/www.tamaulipas.gob.mx\/trabajo\/wp-content\/uploads\/sites\/11\/2019\/11\/boletin02.jpeg' rel='galeria'><img src='https:\/\/www.tamaulipas.gob.mx\/trabajo\/wp-content\/uploads\/sites\/11\/2019\/11\/boletin02-850x500.jpeg' srcset='' sizes='auto' alt=''><\/a><figcaption><\/figcaption><\/div><div class='item'><a href='https:\/\/www.tamaulipas.gob.mx\/trabajo\/wp-content\/uploads\/sites\/11\/2019\/11\/boletin03.jpeg' rel='galeria'><img src='https:\/\/www.tamaulipas.gob.mx\/trabajo\/wp-content\/uploads\/sites\/11\/2019\/11\/boletin03-850x500.jpeg' srcset='' sizes='auto' alt=''><\/a><figcaption><\/figcaption><\/div><div class='item'><a href='https:\/\/www.tamaulipas.gob.mx\/trabajo\/wp-content\/uploads\/sites\/11\/2019\/11\/boletin04.jpeg' rel='galeria'><img src='https:\/\/www.tamaulipas.gob.mx\/trabajo\/wp-content\/uploads\/sites\/11\/2019\/11\/boletin04-850x500.jpeg' srcset='' sizes='auto' alt=''><\/a><figcaption><\/figcaption><\/div><div class='item'><a href='https:\/\/www.tamaulipas.gob.mx\/trabajo\/wp-content\/uploads\/sites\/11\/2019\/11\/boletin05.jpeg' rel='galeria'><img src='https:\/\/www.tamaulipas.gob.mx\/trabajo\/wp-content\/uploads\/sites\/11\/2019\/11\/boletin05-850x500.jpeg' srcset='' sizes='auto' alt=''><\/a><figcaption><\/figcaption><\/div><\/div>\n<p>&nbsp;<\/p>\n","protected":false},"excerpt":{"rendered":"<p>Estado, Federaci\u00f3n junto con sindicatos y empresas en Matamoros, establecen puntos de acuerdo, para mantener el di\u00e1logo, las v\u00edas de conciliaci\u00f3n y la estabilidad laboral.\u2026<\/p>\n","protected":false},"author":63,"featured_media":1137,"comment_status":"closed","ping_status":"closed","sticky":false,"template":"","format":"standard","meta":{"footnotes":""},"categories":[1],"tags":[],"class_list":["post-1133","post","type-post","status-publish","format-standard","has-post-thumbnail","hentry","category-prensa"],"publishpress_future_action":{"enabled":false,"date":"2026-05-08 09:50:07","action":"change-status","newStatus":"draft","terms":[],"taxonomy":"category"},"_links":{"self":[{"href":"https:\/\/www.tamaulipas.gob.mx\/trabajo\/wp-json\/wp\/v2\/posts\/1133"}],"collection":[{"href":"https:\/\/www.tamaulipas.gob.mx\/trabajo\/wp-json\/wp\/v2\/posts"}],"about":[{"href":"https:\/\/www.tamaulipas.gob.mx\/trabajo\/wp-json\/wp\/v2\/types\/post"}],"author":[{"embeddable":true,"href":"https:\/\/www.tamaulipas.gob.mx\/trabajo\/wp-json\/wp\/v2\/users\/63"}],"replies":[{"embeddable":true,"href":"https:\/\/www.tamaulipas.gob.mx\/trabajo\/wp-json\/wp\/v2\/comments?post=1133"}],"version-history":[{"count":1,"href":"https:\/\/www.tamaulipas.gob.mx\/trabajo\/wp-json\/wp\/v2\/posts\/1133\/revisions"}],"predecessor-version":[{"id":1139,"href":"https:\/\/www.tamaulipas.gob.mx\/trabajo\/wp-json\/wp\/v2\/posts\/1133\/revisions\/1139"}],"wp:featuredmedia":[{"embeddable":true,"href":"https:\/\/www.tamaulipas.gob.mx\/trabajo\/wp-json\/wp\/v2\/media\/1137"}],"wp:attachment":[{"href":"https:\/\/www.tamaulipas.gob.mx\/trabajo\/wp-json\/wp\/v2\/media?parent=1133"}],"wp:term":[{"taxonomy":"category","embeddable":true,"href":"https:\/\/www.tamaulipas.gob.mx\/trabajo\/wp-json\/wp\/v2\/categories?post=1133"},{"taxonomy":"post_tag","embeddable":true,"href":"https:\/\/www.tamaulipas.gob.mx\/trabajo\/wp-json\/wp\/v2\/tags?post=1133"}],"curies":[{"name":"wp","href":"https:\/\/api.w.org\/{rel}","templated":true}]}}