{"id":1090,"date":"2019-10-23T20:00:07","date_gmt":"2019-10-24T01:00:07","guid":{"rendered":"https:\/\/www.tamaulipas.gob.mx\/trabajo\/?p=1090"},"modified":"2019-10-30T13:21:30","modified_gmt":"2019-10-30T19:21:30","slug":"logran-mas-de-cinco-mil-atenciones-en-las-ferias-de-empleo-desarrolladas-en-tamaulipas","status":"publish","type":"post","link":"https:\/\/www.tamaulipas.gob.mx\/trabajo\/2019\/10\/logran-mas-de-cinco-mil-atenciones-en-las-ferias-de-empleo-desarrolladas-en-tamaulipas\/","title":{"rendered":"Logran m\u00e1s de cinco mil atenciones en las Ferias de Empleo desarrolladas en Tamaulipas"},"content":{"rendered":"<p><em><strong>A trav\u00e9s de las Ferias de Empleo, se logr\u00f3 una vinculaci\u00f3n directa, \u00e1gil y gratuita entre las empresas y buscadores de empleo.<\/strong><\/em><\/p>\n<p>&nbsp;<\/p>\n<p style=\"text-align: right;\">ST-061-2019<\/p>\n<p>Octubre 23 del 2019<\/p>\n<p>Ciudad Victoria, Tamaulipas.- La Segunda Etapa de Ferias de Empleo 2019, desarrollada por el Gobierno del Estado, concluy\u00f3 con la participaci\u00f3n de 594 empresas, y la oferta de 9 mil 093 vacantes.<\/p>\n<p>Ocho eventos masivos fueron llevados a cabo en los municipios de: R\u00edo Bravo, Altamira, Victoria, Matamoros, Nuevo Laredo, El Mante, Tampico-Madero y Reynosa, para acercar a miles de buscadores de empleo, vacantes disponibles para la industria, comercio, servicio y de gobierno.<\/p>\n<p>Mar\u00eda Estela Chavira Mart\u00ednez, Secretaria del Trabajo, dijo que a trav\u00e9s de las Ferias de Empleo, se logr\u00f3 una vinculaci\u00f3n directa, \u00e1gil y gratuita entre las empresas y buscadores de empleo.<\/p>\n<p>\u201cLa encomienda del Gobernador Francisco Garc\u00eda Cabeza de Vaca, es ofrecer trabajo, donde se respeten los derechos laborales, que se tenga acceso a una seguridad social, vivienda y guarder\u00eda para las madres trabajadoras\u201d, dijo.<\/p>\n<p>Por lo menos 5 mil 159 buscadores de empleo fueron atendidos por el Servicio Nacional de Empleo Tamaulipas, en Ferias de Empleo dedicadas a j\u00f3venes, movilidad laboral y p\u00fablico en general.<\/p>\n<p>Chavira Mart\u00ednez, apunt\u00f3 que la dependencia a su cargo, ahora trabaja en colocar por arriba del 50 % de los buscadores de empleo participantes, a fin de que todos tengan un empleo formal, remunerado y de calidad.<\/p>\n<p>La funcionaria asegur\u00f3 que en Tamaulipas se han logrado avances significativos en la generaci\u00f3n de empleo, dado a las pol\u00edticas laborales implementadas por el mandatario, quien sigue impulsando las condiciones para la inversi\u00f3n y seguridad laboral a fin de que las familias tengan m\u00e1s y mejores oportunidades de vida.<\/p>\n<p>&nbsp;<\/p>\n<p style=\"text-align: center;\">###<\/p>\n<p>&nbsp;<\/p>\n<div class='owl-gallery'><div class='item'><a href='https:\/\/www.tamaulipas.gob.mx\/trabajo\/wp-content\/uploads\/sites\/11\/2019\/10\/boletin_01.jpeg' rel='galeria'><img src='https:\/\/www.tamaulipas.gob.mx\/trabajo\/wp-content\/uploads\/sites\/11\/2019\/10\/boletin_01-850x500.jpeg' srcset='' sizes='auto' alt=''><\/a><figcaption><\/figcaption><\/div><div class='item'><a href='https:\/\/www.tamaulipas.gob.mx\/trabajo\/wp-content\/uploads\/sites\/11\/2019\/10\/boletin_02.jpeg' rel='galeria'><img src='https:\/\/www.tamaulipas.gob.mx\/trabajo\/wp-content\/uploads\/sites\/11\/2019\/10\/boletin_02-850x500.jpeg' srcset='' sizes='auto' alt=''><\/a><figcaption><\/figcaption><\/div><div class='item'><a href='https:\/\/www.tamaulipas.gob.mx\/trabajo\/wp-content\/uploads\/sites\/11\/2019\/10\/boletin_03.jpeg' rel='galeria'><img src='https:\/\/www.tamaulipas.gob.mx\/trabajo\/wp-content\/uploads\/sites\/11\/2019\/10\/boletin_03-850x500.jpeg' srcset='' sizes='auto' alt=''><\/a><figcaption><\/figcaption><\/div><div class='item'><a href='https:\/\/www.tamaulipas.gob.mx\/trabajo\/wp-content\/uploads\/sites\/11\/2019\/10\/boletin_04.jpeg' rel='galeria'><img src='https:\/\/www.tamaulipas.gob.mx\/trabajo\/wp-content\/uploads\/sites\/11\/2019\/10\/boletin_04-850x500.jpeg' srcset='' sizes='auto' alt=''><\/a><figcaption><\/figcaption><\/div><div class='item'><a href='https:\/\/www.tamaulipas.gob.mx\/trabajo\/wp-content\/uploads\/sites\/11\/2019\/10\/boletin_05.jpeg' rel='galeria'><img src='https:\/\/www.tamaulipas.gob.mx\/trabajo\/wp-content\/uploads\/sites\/11\/2019\/10\/boletin_05-850x500.jpeg' srcset='' sizes='auto' alt=''><\/a><figcaption><\/figcaption><\/div><div class='item'><a href='https:\/\/www.tamaulipas.gob.mx\/trabajo\/wp-content\/uploads\/sites\/11\/2019\/10\/boletin_06.jpeg' rel='galeria'><img src='https:\/\/www.tamaulipas.gob.mx\/trabajo\/wp-content\/uploads\/sites\/11\/2019\/10\/boletin_06-850x500.jpeg' srcset='' sizes='auto' alt=''><\/a><figcaption><\/figcaption><\/div><div class='item'><a href='https:\/\/www.tamaulipas.gob.mx\/trabajo\/wp-content\/uploads\/sites\/11\/2019\/10\/boletin_07.jpeg' rel='galeria'><img src='https:\/\/www.tamaulipas.gob.mx\/trabajo\/wp-content\/uploads\/sites\/11\/2019\/10\/boletin_07-850x500.jpeg' srcset='' sizes='auto' alt=''><\/a><figcaption><\/figcaption><\/div><div class='item'><a href='https:\/\/www.tamaulipas.gob.mx\/trabajo\/wp-content\/uploads\/sites\/11\/2019\/10\/boletin_08.jpeg' rel='galeria'><img src='https:\/\/www.tamaulipas.gob.mx\/trabajo\/wp-content\/uploads\/sites\/11\/2019\/10\/boletin_08-850x500.jpeg' srcset='' sizes='auto' alt=''><\/a><figcaption><\/figcaption><\/div><div class='item'><a href='https:\/\/www.tamaulipas.gob.mx\/trabajo\/wp-content\/uploads\/sites\/11\/2019\/10\/boletin_09.jpeg' rel='galeria'><img src='https:\/\/www.tamaulipas.gob.mx\/trabajo\/wp-content\/uploads\/sites\/11\/2019\/10\/boletin_09-850x500.jpeg' srcset='' sizes='auto' alt=''><\/a><figcaption><\/figcaption><\/div><div class='item'><a href='https:\/\/www.tamaulipas.gob.mx\/trabajo\/wp-content\/uploads\/sites\/11\/2019\/10\/boletin_10.jpeg' rel='galeria'><img src='https:\/\/www.tamaulipas.gob.mx\/trabajo\/wp-content\/uploads\/sites\/11\/2019\/10\/boletin_10-850x500.jpeg' srcset='' sizes='auto' alt=''><\/a><figcaption><\/figcaption><\/div><\/div>\n","protected":false},"excerpt":{"rendered":"<p>A trav\u00e9s de las Ferias de Empleo, se logr\u00f3 una vinculaci\u00f3n directa, \u00e1gil y gratuita entre las empresas y buscadores de empleo. &nbsp; ST-061-2019 Octubre\u2026<\/p>\n","protected":false},"author":63,"featured_media":1092,"comment_status":"closed","ping_status":"closed","sticky":false,"template":"","format":"standard","meta":{"footnotes":""},"categories":[1],"tags":[],"class_list":["post-1090","post","type-post","status-publish","format-standard","has-post-thumbnail","hentry","category-prensa"],"publishpress_future_action":{"enabled":false,"date":"2026-05-08 09:49:35","action":"change-status","newStatus":"draft","terms":[],"taxonomy":"category"},"_links":{"self":[{"href":"https:\/\/www.tamaulipas.gob.mx\/trabajo\/wp-json\/wp\/v2\/posts\/1090"}],"collection":[{"href":"https:\/\/www.tamaulipas.gob.mx\/trabajo\/wp-json\/wp\/v2\/posts"}],"about":[{"href":"https:\/\/www.tamaulipas.gob.mx\/trabajo\/wp-json\/wp\/v2\/types\/post"}],"author":[{"embeddable":true,"href":"https:\/\/www.tamaulipas.gob.mx\/trabajo\/wp-json\/wp\/v2\/users\/63"}],"replies":[{"embeddable":true,"href":"https:\/\/www.tamaulipas.gob.mx\/trabajo\/wp-json\/wp\/v2\/comments?post=1090"}],"version-history":[{"count":2,"href":"https:\/\/www.tamaulipas.gob.mx\/trabajo\/wp-json\/wp\/v2\/posts\/1090\/revisions"}],"predecessor-version":[{"id":1102,"href":"https:\/\/www.tamaulipas.gob.mx\/trabajo\/wp-json\/wp\/v2\/posts\/1090\/revisions\/1102"}],"wp:featuredmedia":[{"embeddable":true,"href":"https:\/\/www.tamaulipas.gob.mx\/trabajo\/wp-json\/wp\/v2\/media\/1092"}],"wp:attachment":[{"href":"https:\/\/www.tamaulipas.gob.mx\/trabajo\/wp-json\/wp\/v2\/media?parent=1090"}],"wp:term":[{"taxonomy":"category","embeddable":true,"href":"https:\/\/www.tamaulipas.gob.mx\/trabajo\/wp-json\/wp\/v2\/categories?post=1090"},{"taxonomy":"post_tag","embeddable":true,"href":"https:\/\/www.tamaulipas.gob.mx\/trabajo\/wp-json\/wp\/v2\/tags?post=1090"}],"curies":[{"name":"wp","href":"https:\/\/api.w.org\/{rel}","templated":true}]}}