{"id":1076,"date":"2019-10-16T20:00:03","date_gmt":"2019-10-17T01:00:03","guid":{"rendered":"https:\/\/www.tamaulipas.gob.mx\/trabajo\/?p=1076"},"modified":"2019-10-18T11:36:23","modified_gmt":"2019-10-18T16:36:23","slug":"inauguran-feria-de-empleo-y-arrancan-programa-medios-tiempos-laborales-para-estudiantes","status":"publish","type":"post","link":"https:\/\/www.tamaulipas.gob.mx\/trabajo\/2019\/10\/inauguran-feria-de-empleo-y-arrancan-programa-medios-tiempos-laborales-para-estudiantes\/","title":{"rendered":"Inauguran Feria de Empleo y arrancan programa \u201cMedios Tiempos Laborales\u201d para estudiantes"},"content":{"rendered":"<p><em><strong>Pol\u00edticas p\u00fablicas del gobernador Francisco Garc\u00eda Cabeza de Vaca, est\u00e1n encaminadas a facilitarle a las empresas la creaci\u00f3n de puestos laborales y su vinculaci\u00f3n con los buscadores de empleo.<\/strong><\/em><\/p>\n<p style=\"text-align: right;\">ST-059-2019<\/p>\n<p>Octubre 16 del 2019<\/p>\n<p>Reynosa, Tamaulipas.- Con la oferta de m\u00e1s de mil 150 vacantes y la participaci\u00f3n de m\u00e1s de 100 empresas, autoridades de los tres niveles de gobierno, inauguraron la Segunda Feria de Empleo, Reynosa 2019.<\/p>\n<p>El evento organizado por el Gobierno del Estado, mediante la Secretar\u00eda del Trabajo, en coordinaci\u00f3n con el Servicio Nacional de Empleo Tamaulipas, se desarroll\u00f3 en el Parque Cultural, escenario que reuni\u00f3 a cientos de personas, que acudieron para vincularse con empresas del ramo industrial, comercial, de servicios y de gobierno.<\/p>\n<p>Mar\u00eda Estela Chavira Mart\u00ednez, titular de la dependencia estatal, dijo que en los \u00faltimos meses, la entidad ha destacado a nivel nacional en la generaci\u00f3n de empleos, siendo Reynosa el municipio que prevalece en los primeros lugares.<\/p>\n<p>\u201cEl Gobernador Francisco Garc\u00eda Cabeza de Vaca, se ha ocupado y preocupado por lograr estas metas, por medio de pol\u00edticas p\u00fablicas encaminadas a facilitarle a las empresas la creaci\u00f3n de puestos laborales y su vinculaci\u00f3n con los buscadores de empleo\u201d, indic\u00f3 la funcionaria.<\/p>\n<p>En la Feria de Empleo, se firm\u00f3 el convenio \u201cMedios Tiempos Laborales\u201d, en el que participa la Secretar\u00eda de Educaci\u00f3n y la empresa comercial OXXO, para ofrecer a los estudiantes de educaci\u00f3n media y superior, una inserci\u00f3n segura al campo laboral, as\u00ed como una garant\u00eda de sus derechos y prestaciones de ley, un sueldo que les brinde seguridad financiera y un mayor impulso a su desarrollo acad\u00e9mico.<\/p>\n<p>\u201cEn esta acci\u00f3n de Gobierno, contamos con 80 empresas participantes, la meta es colocar en un empleo a 5 mil estudiantes en Tamaulipas, por el momento tenemos aseguradas 2 mil plazas\u201d.<\/p>\n<p>Por su parte, Arnoldo Guti\u00e9rrez G\u00f3ngora, gerente de plaza OXXO Matamoros, indic\u00f3 que con los \u201cMedios Tiempos Laborales, se brinda experiencia y conocimiento a los j\u00f3venes, la cual ser\u00e1 parte fundamental de su vida profesional, todo derivado al esfuerzo compartido de autoridades estatales, empresas y sociedad, para generar en ellos una transformaci\u00f3n positiva.<\/p>\n<p>Fue en la Ciudad de Reynosa, donde concluy\u00f3 la Segunda Etapa de Ferias de Empleo, en la que se contemplaron 8 eventos masivos en los principales municipios, y que dej\u00f3 la participaci\u00f3n de 594 empresas, quienes ofertaron 9 mil 093 vacantes, atendiendo a m\u00e1s de 5 mil 159 personas.<\/p>\n<p style=\"text-align: center;\">###<\/p>\n<p>&nbsp;<\/p>\n<div class='owl-gallery'><div class='item'><a href='https:\/\/www.tamaulipas.gob.mx\/trabajo\/wp-content\/uploads\/sites\/11\/2019\/10\/feriareynosa_01.jpeg' rel='galeria'><img src='https:\/\/www.tamaulipas.gob.mx\/trabajo\/wp-content\/uploads\/sites\/11\/2019\/10\/feriareynosa_01-850x500.jpeg' srcset='' sizes='auto' alt=''><\/a><figcaption><\/figcaption><\/div><div class='item'><a href='https:\/\/www.tamaulipas.gob.mx\/trabajo\/wp-content\/uploads\/sites\/11\/2019\/10\/feriareynosa_02.jpeg' rel='galeria'><img src='https:\/\/www.tamaulipas.gob.mx\/trabajo\/wp-content\/uploads\/sites\/11\/2019\/10\/feriareynosa_02-850x500.jpeg' srcset='' sizes='auto' alt=''><\/a><figcaption><\/figcaption><\/div><div class='item'><a href='https:\/\/www.tamaulipas.gob.mx\/trabajo\/wp-content\/uploads\/sites\/11\/2019\/10\/feriareynosa_03.jpeg' rel='galeria'><img src='https:\/\/www.tamaulipas.gob.mx\/trabajo\/wp-content\/uploads\/sites\/11\/2019\/10\/feriareynosa_03-850x500.jpeg' srcset='' sizes='auto' alt=''><\/a><figcaption><\/figcaption><\/div><div class='item'><a href='https:\/\/www.tamaulipas.gob.mx\/trabajo\/wp-content\/uploads\/sites\/11\/2019\/10\/feriareynosa_04.jpeg' rel='galeria'><img src='https:\/\/www.tamaulipas.gob.mx\/trabajo\/wp-content\/uploads\/sites\/11\/2019\/10\/feriareynosa_04-850x500.jpeg' srcset='' sizes='auto' alt=''><\/a><figcaption><\/figcaption><\/div><div class='item'><a href='https:\/\/www.tamaulipas.gob.mx\/trabajo\/wp-content\/uploads\/sites\/11\/2019\/10\/feriareynosa_05.jpeg' rel='galeria'><img src='https:\/\/www.tamaulipas.gob.mx\/trabajo\/wp-content\/uploads\/sites\/11\/2019\/10\/feriareynosa_05-850x500.jpeg' srcset='' sizes='auto' alt=''><\/a><figcaption><\/figcaption><\/div><div class='item'><a href='https:\/\/www.tamaulipas.gob.mx\/trabajo\/wp-content\/uploads\/sites\/11\/2019\/10\/feriareynosa_06.jpeg' rel='galeria'><img src='https:\/\/www.tamaulipas.gob.mx\/trabajo\/wp-content\/uploads\/sites\/11\/2019\/10\/feriareynosa_06-850x500.jpeg' srcset='' sizes='auto' alt=''><\/a><figcaption><\/figcaption><\/div><div class='item'><a href='https:\/\/www.tamaulipas.gob.mx\/trabajo\/wp-content\/uploads\/sites\/11\/2019\/10\/feriareynosa_07.jpeg' rel='galeria'><img src='https:\/\/www.tamaulipas.gob.mx\/trabajo\/wp-content\/uploads\/sites\/11\/2019\/10\/feriareynosa_07-850x500.jpeg' srcset='' sizes='auto' alt=''><\/a><figcaption><\/figcaption><\/div><div class='item'><a href='https:\/\/www.tamaulipas.gob.mx\/trabajo\/wp-content\/uploads\/sites\/11\/2019\/10\/feriareynosa_08.jpeg' rel='galeria'><img src='https:\/\/www.tamaulipas.gob.mx\/trabajo\/wp-content\/uploads\/sites\/11\/2019\/10\/feriareynosa_08-850x500.jpeg' srcset='' sizes='auto' alt=''><\/a><figcaption><\/figcaption><\/div><div class='item'><a href='https:\/\/www.tamaulipas.gob.mx\/trabajo\/wp-content\/uploads\/sites\/11\/2019\/10\/feriareynosa_09.jpeg' rel='galeria'><img src='https:\/\/www.tamaulipas.gob.mx\/trabajo\/wp-content\/uploads\/sites\/11\/2019\/10\/feriareynosa_09-850x500.jpeg' srcset='' sizes='auto' alt=''><\/a><figcaption><\/figcaption><\/div><\/div>\n","protected":false},"excerpt":{"rendered":"<p>Pol\u00edticas p\u00fablicas del gobernador Francisco Garc\u00eda Cabeza de Vaca, est\u00e1n encaminadas a facilitarle a las empresas la creaci\u00f3n de puestos laborales y su vinculaci\u00f3n con\u2026<\/p>\n","protected":false},"author":63,"featured_media":1077,"comment_status":"closed","ping_status":"closed","sticky":false,"template":"","format":"standard","meta":{"footnotes":""},"categories":[1],"tags":[],"class_list":["post-1076","post","type-post","status-publish","format-standard","has-post-thumbnail","hentry","category-prensa"],"publishpress_future_action":{"enabled":false,"date":"2026-05-08 10:05:05","action":"change-status","newStatus":"draft","terms":[],"taxonomy":"category"},"_links":{"self":[{"href":"https:\/\/www.tamaulipas.gob.mx\/trabajo\/wp-json\/wp\/v2\/posts\/1076"}],"collection":[{"href":"https:\/\/www.tamaulipas.gob.mx\/trabajo\/wp-json\/wp\/v2\/posts"}],"about":[{"href":"https:\/\/www.tamaulipas.gob.mx\/trabajo\/wp-json\/wp\/v2\/types\/post"}],"author":[{"embeddable":true,"href":"https:\/\/www.tamaulipas.gob.mx\/trabajo\/wp-json\/wp\/v2\/users\/63"}],"replies":[{"embeddable":true,"href":"https:\/\/www.tamaulipas.gob.mx\/trabajo\/wp-json\/wp\/v2\/comments?post=1076"}],"version-history":[{"count":1,"href":"https:\/\/www.tamaulipas.gob.mx\/trabajo\/wp-json\/wp\/v2\/posts\/1076\/revisions"}],"predecessor-version":[{"id":1086,"href":"https:\/\/www.tamaulipas.gob.mx\/trabajo\/wp-json\/wp\/v2\/posts\/1076\/revisions\/1086"}],"wp:featuredmedia":[{"embeddable":true,"href":"https:\/\/www.tamaulipas.gob.mx\/trabajo\/wp-json\/wp\/v2\/media\/1077"}],"wp:attachment":[{"href":"https:\/\/www.tamaulipas.gob.mx\/trabajo\/wp-json\/wp\/v2\/media?parent=1076"}],"wp:term":[{"taxonomy":"category","embeddable":true,"href":"https:\/\/www.tamaulipas.gob.mx\/trabajo\/wp-json\/wp\/v2\/categories?post=1076"},{"taxonomy":"post_tag","embeddable":true,"href":"https:\/\/www.tamaulipas.gob.mx\/trabajo\/wp-json\/wp\/v2\/tags?post=1076"}],"curies":[{"name":"wp","href":"https:\/\/api.w.org\/{rel}","templated":true}]}}