{"id":1068,"date":"2019-10-14T20:00:31","date_gmt":"2019-10-15T01:00:31","guid":{"rendered":"https:\/\/www.tamaulipas.gob.mx\/trabajo\/?p=1068"},"modified":"2019-10-16T08:46:12","modified_gmt":"2019-10-16T13:46:12","slug":"seis-tamaulipecos-seleccionados-para-curso-de-idioma-y-trabajo-en-alemania","status":"publish","type":"post","link":"https:\/\/www.tamaulipas.gob.mx\/trabajo\/2019\/10\/seis-tamaulipecos-seleccionados-para-curso-de-idioma-y-trabajo-en-alemania\/","title":{"rendered":"Seis tamaulipecos seleccionados para curso de idioma y trabajo en Alemania"},"content":{"rendered":"<p><em><strong>\u201cEl Gobernador Francisco Garc\u00eda Cabeza de Vaca, impulsa y brinda las facilidades laborales a quienes buscan un trabajo legal y seguro fuera de su pa\u00eds, permitiendo a trav\u00e9s de las gestiones, acceder a permisos temporales\u201d.<\/strong><\/em><\/p>\n<p style=\"text-align: right;\">ST-058-2019<\/p>\n<p>Octubre 14 del 2019<\/p>\n<p>Ciudad Victoria, Tamaulipas.- Mediante el mecanismo de Movilidad Laboral, impulsado por el Gobierno de Tamaulipas, seis tamaulipecos iniciaron en la Ciudad de M\u00e9xico, el curso de formaci\u00f3n para aprender el idioma alem\u00e1n, y buscar integrarse como enfermeros en hospitales de Alemania.<\/p>\n<p>Brenda Paulina Alem\u00e1n Espinosa, Elsa Karina Ulloa Garza y Brenda Lizbeth P\u00e9rez Escobedo, enfermeras de Ciudad Victoria, junto con Ricardo Mart\u00edn Rojas Gonz\u00e1lez, de Nuevo Laredo y Ang\u00e9lica Israely Bagundo Zavala e Iv\u00e1n Alejandro Mart\u00ednez Reyes, del municipio de Tampico, fueron seleccionados por representantes de los departamentos de enfermer\u00eda del Hospital Saarbr\u00fccken y del Hospital Universitario de Homburg en Alemania.<\/p>\n<p>Mar\u00eda Estela Chavira Mart\u00ednez, titular de la Secretar\u00eda del Trabajo, dijo que de 100 personas que acudieron a su primera entrevista con la agencia alemana, 38 cumplieron con la documentaci\u00f3n requerida y fueron considerados para tomar el curso de alem\u00e1n, que tendr\u00e1 la duraci\u00f3n de 6 meses.<\/p>\n<p>\u201cEl Gobernador Francisco Garc\u00eda Cabeza de Vaca, impulsa y brinda las facilidades laborales a quienes buscan un trabajo legal y seguro fuera de su pa\u00eds, permitiendo a trav\u00e9s de las gestiones, acceder a permisos temporales\u201d, indic\u00f3.<\/p>\n<p>Ricardo Mart\u00edn Rojas Gonz\u00e1lez, quien trabaja en el IMSS de Nuevo Laredo, al conocer la convocatoria del SNE Tamaulipas para las vacantes en el extranjero, decidi\u00f3 aventurarse a una nueva experiencia, dijo nunca imaginarse poder aplicar para un trabajo en Alemania.<\/p>\n<p>\u201cMi plan de vida fue tener un empleo en el IMSS, pero nunca pens\u00e9 el salir del pa\u00eds, ahora quiero poner el alto el nombre de Nuevo Laredo y de Tamaulipas\u201d.<\/p>\n<p>En el curso participan 9 hombres y 29 mujeres, los cuales se estima inicien sus labores como asistentes en enfermer\u00eda durante el mes de mayo del 2020.<\/p>\n<p>Brenda Paulina Alem\u00e1n Espinosa, quien es egresada de la escuela de enfermer\u00eda de Ciudad Victoria, trabaja en una cl\u00ednica particular, expuso sentirse comprometida y apunt\u00f3 que dar\u00e1 su mayor esfuerzo; ella coincidi\u00f3 con sus compa\u00f1eras, el deseo tener un crecimiento profesional y superarse personalmente.<\/p>\n<p>Otros trabajadores como C\u00e9sar Alejandro Mendoza Gudi\u00f1o, del municipio de Tampico, de oficio fabricante de puertas, ventanas y mosquiteros, Andr\u00e9s Guadalupe Coronel Aguilar, quien se desempe\u00f1a como soldador especializado, fueron contratados para laborar en una empresa de Quebec, en Canad\u00e1, y junto con ellos C\u00e9sar Hern\u00e1ndez Ju\u00e1rez, Juan Carlos Garc\u00eda Romero, dedicados al \u00e1rea de servicios de alimentos, acudir\u00e1 a laborar a Vermont en Estados Unidos.<\/p>\n<p>Chavira Mart\u00ednez, invit\u00f3 a las personas navegar en la p\u00e1gina: <a href=\"http:\/\/www.empleo.gob.mx\">www.empleo.gob.mx<\/a>, trabajo en el extranjero, para conocer las vacantes disponibles por el SNE Tamaulipas, que se tienen en Alemania, Canad\u00e1 y Estados Unidos.<\/p>\n<p>&nbsp;<\/p>\n<p style=\"text-align: center;\">###<\/p>\n<div class='owl-gallery'><div class='item'><a href='https:\/\/www.tamaulipas.gob.mx\/trabajo\/wp-content\/uploads\/sites\/11\/2019\/10\/boletin01-7.jpeg' rel='galeria'><img src='https:\/\/www.tamaulipas.gob.mx\/trabajo\/wp-content\/uploads\/sites\/11\/2019\/10\/boletin01-7-850x500.jpeg' srcset='' sizes='auto' alt=''><\/a><figcaption><\/figcaption><\/div><div class='item'><a href='https:\/\/www.tamaulipas.gob.mx\/trabajo\/wp-content\/uploads\/sites\/11\/2019\/10\/boletin02-7.jpeg' rel='galeria'><img src='https:\/\/www.tamaulipas.gob.mx\/trabajo\/wp-content\/uploads\/sites\/11\/2019\/10\/boletin02-7-850x500.jpeg' srcset='' sizes='auto' alt=''><\/a><figcaption><\/figcaption><\/div><div class='item'><a href='https:\/\/www.tamaulipas.gob.mx\/trabajo\/wp-content\/uploads\/sites\/11\/2019\/10\/boletin03-7.jpeg' rel='galeria'><img src='https:\/\/www.tamaulipas.gob.mx\/trabajo\/wp-content\/uploads\/sites\/11\/2019\/10\/boletin03-7-850x500.jpeg' srcset='' sizes='auto' alt=''><\/a><figcaption><\/figcaption><\/div><div class='item'><a href='https:\/\/www.tamaulipas.gob.mx\/trabajo\/wp-content\/uploads\/sites\/11\/2019\/10\/boletin04-7.jpeg' rel='galeria'><img src='https:\/\/www.tamaulipas.gob.mx\/trabajo\/wp-content\/uploads\/sites\/11\/2019\/10\/boletin04-7-850x500.jpeg' srcset='' sizes='auto' alt=''><\/a><figcaption><\/figcaption><\/div><div class='item'><a href='https:\/\/www.tamaulipas.gob.mx\/trabajo\/wp-content\/uploads\/sites\/11\/2019\/10\/boletin05-6.jpeg' rel='galeria'><img src='https:\/\/www.tamaulipas.gob.mx\/trabajo\/wp-content\/uploads\/sites\/11\/2019\/10\/boletin05-6-850x500.jpeg' srcset='' sizes='auto' alt=''><\/a><figcaption><\/figcaption><\/div><div class='item'><a href='https:\/\/www.tamaulipas.gob.mx\/trabajo\/wp-content\/uploads\/sites\/11\/2019\/10\/boletin06-6.jpeg' rel='galeria'><img src='https:\/\/www.tamaulipas.gob.mx\/trabajo\/wp-content\/uploads\/sites\/11\/2019\/10\/boletin06-6-850x500.jpeg' srcset='' sizes='auto' alt=''><\/a><figcaption><\/figcaption><\/div><\/div>\n","protected":false},"excerpt":{"rendered":"<p>\u201cEl Gobernador Francisco Garc\u00eda Cabeza de Vaca, impulsa y brinda las facilidades laborales a quienes buscan un trabajo legal y seguro fuera de su pa\u00eds,\u2026<\/p>\n","protected":false},"author":63,"featured_media":1071,"comment_status":"closed","ping_status":"closed","sticky":false,"template":"","format":"standard","meta":{"footnotes":""},"categories":[1],"tags":[],"class_list":["post-1068","post","type-post","status-publish","format-standard","has-post-thumbnail","hentry","category-prensa"],"publishpress_future_action":{"enabled":false,"date":"2026-05-08 09:49:35","action":"change-status","newStatus":"draft","terms":[],"taxonomy":"category"},"_links":{"self":[{"href":"https:\/\/www.tamaulipas.gob.mx\/trabajo\/wp-json\/wp\/v2\/posts\/1068"}],"collection":[{"href":"https:\/\/www.tamaulipas.gob.mx\/trabajo\/wp-json\/wp\/v2\/posts"}],"about":[{"href":"https:\/\/www.tamaulipas.gob.mx\/trabajo\/wp-json\/wp\/v2\/types\/post"}],"author":[{"embeddable":true,"href":"https:\/\/www.tamaulipas.gob.mx\/trabajo\/wp-json\/wp\/v2\/users\/63"}],"replies":[{"embeddable":true,"href":"https:\/\/www.tamaulipas.gob.mx\/trabajo\/wp-json\/wp\/v2\/comments?post=1068"}],"version-history":[{"count":1,"href":"https:\/\/www.tamaulipas.gob.mx\/trabajo\/wp-json\/wp\/v2\/posts\/1068\/revisions"}],"predecessor-version":[{"id":1075,"href":"https:\/\/www.tamaulipas.gob.mx\/trabajo\/wp-json\/wp\/v2\/posts\/1068\/revisions\/1075"}],"wp:featuredmedia":[{"embeddable":true,"href":"https:\/\/www.tamaulipas.gob.mx\/trabajo\/wp-json\/wp\/v2\/media\/1071"}],"wp:attachment":[{"href":"https:\/\/www.tamaulipas.gob.mx\/trabajo\/wp-json\/wp\/v2\/media?parent=1068"}],"wp:term":[{"taxonomy":"category","embeddable":true,"href":"https:\/\/www.tamaulipas.gob.mx\/trabajo\/wp-json\/wp\/v2\/categories?post=1068"},{"taxonomy":"post_tag","embeddable":true,"href":"https:\/\/www.tamaulipas.gob.mx\/trabajo\/wp-json\/wp\/v2\/tags?post=1068"}],"curies":[{"name":"wp","href":"https:\/\/api.w.org\/{rel}","templated":true}]}}